{"id":995,"date":"2015-12-17T09:54:19","date_gmt":"2015-12-17T09:54:19","guid":{"rendered":"http:\/\/sites.ipleiria.pt\/animacaocultural\/?p=995"},"modified":"2016-02-13T10:13:30","modified_gmt":"2016-02-13T10:13:30","slug":"6-de-janeiro-nos-e-lacos","status":"publish","type":"post","link":"https:\/\/sites.ipleiria.pt\/animacaocultural\/2015\/12\/17\/6-de-janeiro-nos-e-lacos\/","title":{"rendered":"6 de janeiro | &#8220;N\u00f3s e La\u00e7os&#8221;"},"content":{"rendered":"<p><a href=\"http:\/\/sites.ipleiria.pt\/animacaocultural\/files\/2015\/12\/Apresenta\u00e7\u00e3o-Coreogr\u00e1fica_N\u00f3s-e-La\u00e7os.jpg\" rel=\"attachment wp-att-996\"><img loading=\"lazy\" decoding=\"async\" class=\"alignleft size-medium wp-image-996\" src=\"http:\/\/sites.ipleiria.pt\/animacaocultural\/files\/2015\/12\/Apresenta\u00e7\u00e3o-Coreogr\u00e1fica_N\u00f3s-e-La\u00e7os-300x212.jpg\" alt=\"Apresenta\u00e7\u00e3o Coreogr\u00e1fica_N\u00f3s e La\u00e7os\" width=\"300\" height=\"212\" srcset=\"https:\/\/sites.ipleiria.pt\/animacaocultural\/files\/2015\/12\/Apresenta\u00e7\u00e3o-Coreogr\u00e1fica_N\u00f3s-e-La\u00e7os-300x212.jpg 300w, https:\/\/sites.ipleiria.pt\/animacaocultural\/files\/2015\/12\/Apresenta\u00e7\u00e3o-Coreogr\u00e1fica_N\u00f3s-e-La\u00e7os.jpg 640w\" sizes=\"auto, (max-width: 300px) 100vw, 300px\" \/><\/a>Os alunos do curso de Anima\u00e7\u00e3o Cultural realizar\u00e3o no dia 6 de janeiro de 2016, pelas 15H15, a apresenta\u00e7\u00e3o coreogr\u00e1fica \u201cN\u00f3s e La\u00e7os\u201d.<\/p>\n<p>A iniciativa ter\u00e1 lugar no \u00e1trio principal da ESECS, convidando-se a comunidade acad\u00e9mica a assistir a esta apresenta\u00e7\u00e3o dirigida pela Prof.\u00aa Clara Le\u00e3o.<\/p>\n","protected":false},"excerpt":{"rendered":"<p>Os alunos do curso de Anima\u00e7\u00e3o Cultural realizar\u00e3o no dia 6 de janeiro de 2016, pelas 15H15, a apresenta\u00e7\u00e3o coreogr\u00e1fica \u201cN\u00f3s e La\u00e7os\u201d. A iniciativa ter\u00e1 lugar no \u00e1trio principal da ESECS, convidando-se a comunidade acad\u00e9mica a assistir a esta &hellip; <a href=\"https:\/\/sites.ipleiria.pt\/animacaocultural\/2015\/12\/17\/6-de-janeiro-nos-e-lacos\/\">Continue reading <span class=\"meta-nav\">&rarr;<\/span><\/a><\/p>\n","protected":false},"author":831,"featured_media":0,"comment_status":"open","ping_status":"open","sticky":false,"template":"","format":"standard","meta":{"footnotes":""},"categories":[4],"tags":[],"class_list":["post-995","post","type-post","status-publish","format-standard","hentry","category-sem-categoria"],"_links":{"self":[{"href":"https:\/\/sites.ipleiria.pt\/animacaocultural\/wp-json\/wp\/v2\/posts\/995","targetHints":{"allow":["GET"]}}],"collection":[{"href":"https:\/\/sites.ipleiria.pt\/animacaocultural\/wp-json\/wp\/v2\/posts"}],"about":[{"href":"https:\/\/sites.ipleiria.pt\/animacaocultural\/wp-json\/wp\/v2\/types\/post"}],"author":[{"embeddable":true,"href":"https:\/\/sites.ipleiria.pt\/animacaocultural\/wp-json\/wp\/v2\/users\/831"}],"replies":[{"embeddable":true,"href":"https:\/\/sites.ipleiria.pt\/animacaocultural\/wp-json\/wp\/v2\/comments?post=995"}],"version-history":[{"count":2,"href":"https:\/\/sites.ipleiria.pt\/animacaocultural\/wp-json\/wp\/v2\/posts\/995\/revisions"}],"predecessor-version":[{"id":999,"href":"https:\/\/sites.ipleiria.pt\/animacaocultural\/wp-json\/wp\/v2\/posts\/995\/revisions\/999"}],"wp:attachment":[{"href":"https:\/\/sites.ipleiria.pt\/animacaocultural\/wp-json\/wp\/v2\/media?parent=995"}],"wp:term":[{"taxonomy":"category","embeddable":true,"href":"https:\/\/sites.ipleiria.pt\/animacaocultural\/wp-json\/wp\/v2\/categories?post=995"},{"taxonomy":"post_tag","embeddable":true,"href":"https:\/\/sites.ipleiria.pt\/animacaocultural\/wp-json\/wp\/v2\/tags?post=995"}],"curies":[{"name":"wp","href":"https:\/\/api.w.org\/{rel}","templated":true}]}}