{"id":165,"date":"2020-07-19T00:43:09","date_gmt":"2020-07-19T00:43:09","guid":{"rendered":"http:\/\/insia.wordpress.forinsia.com\/comacesso\/?p=164"},"modified":"2020-07-19T00:43:09","modified_gmt":"2020-07-19T00:43:09","slug":"musica-de-sensibilizacao-para-a-importancia-da-acessibilidade","status":"publish","type":"post","link":"https:\/\/sites.ipleiria.pt\/comAcesso\/2020\/07\/19\/musica-de-sensibilizacao-para-a-importancia-da-acessibilidade\/","title":{"rendered":"M\u00fasica de sensibiliza\u00e7\u00e3o para a import\u00e2ncia da acessibilidade"},"content":{"rendered":"A comAcesso.pt &#8211; Acessibilidade Web e digital, lan\u00e7ou uma m\u00fasica que pretende sensibilizar o p\u00fablico em geral, mas principalmente programadores e criadores de conte\u00fados, para a import\u00e2ncia da acessibilidade.\n\n<p>Este tema tem sido amplamente abordado nos \u00faltimos anos e at\u00e9 incentivado com v\u00e1rios pr\u00e9mios e legisla\u00e7\u00e3o, mas os resultados n\u00e3o s\u00e3o animadores. Tanto no sector empresarial, como no sector da administra\u00e7\u00e3o p\u00fablica, poucos s\u00e3o os Sites que cumprem, sequer, com o n\u00edvel m\u00ednimo de acessibilidade.<\/p>\n\n<p>A mensagem da import\u00e2ncia de desenvolvimento de produtos, interfaces, conte\u00fados e servi\u00e7os acess\u00edveis nem sempre \u00e9 compreendida pelos respons\u00e1veis pelo desenvolvimento e, como resultado, as normas de acessibilidade s\u00e3o implementadas a passos lentos. Assim, continua-se a manter exclu\u00eddas milh\u00f5es de pessoas com imenso potencial, quer no \u00e2mbito social, quer econ\u00f3mico.\n\n<h2>A m\u00fasica<\/h2>\n<p>Esta m\u00fasica, com letra de Norberto Sousa e com instrumental e voz de R\u00faben Portinha, para al\u00e9m de impulsionadora da acessibilidade pretende ser tamb\u00e9m acess\u00edvel e inclusiva. A vers\u00e3o agora disponibilizada contempla apenas o \u00e1udio, mas a pr\u00f3xima vers\u00e3o incluir\u00e1 l\u00edngua gestual portuguesa e um videoclip.<\/p>\n\n<p>A comAcesso.pt espera que esta m\u00fasica seja mais um ve\u00edculo para transportar a mensagem da necessidade de alterar comportamentos de desenvolvimento.<\/p>\n\n<p>Usufrua da m\u00fasica, fa\u00e7a gosto na <a href=\"http:\/\/www.facebook.com\/comacesso.pt\">p\u00e1gina de Facebook da comAcesso,<\/a> divulgue e subscreva o <a href=\"https:\/\/www.youtube.com\/watch?v=MZp1vVpYLAw\/\">Canal do Youtube da comAcesso<\/a><\/p> ","protected":false},"excerpt":{"rendered":"A comAcesso.pt &#8211; Acessibilidade Web e digital, lan\u00e7ou uma m\u00fasica que pretende sensibilizar o p\u00fablico em geral, mas principalmente programadores e criadores de conte\u00fados, para a import\u00e2ncia da acessibilidade. Este tema tem sido amplamente abordado nos \u00faltimos anos e at\u00e9 incentivado com v\u00e1rios pr\u00e9mios e legisla\u00e7\u00e3o, mas os resultados n\u00e3o s\u00e3o animadores. Tanto no sector [&hellip;]","protected":false},"author":539,"featured_media":0,"comment_status":"open","ping_status":"open","sticky":false,"template":"","format":"standard","meta":{"footnotes":""},"categories":[4],"tags":[],"class_list":["post-165","post","type-post","status-publish","format-standard","hentry","category-sem-categoria"],"_links":{"self":[{"href":"https:\/\/sites.ipleiria.pt\/comAcesso\/wp-json\/wp\/v2\/posts\/165","targetHints":{"allow":["GET"]}}],"collection":[{"href":"https:\/\/sites.ipleiria.pt\/comAcesso\/wp-json\/wp\/v2\/posts"}],"about":[{"href":"https:\/\/sites.ipleiria.pt\/comAcesso\/wp-json\/wp\/v2\/types\/post"}],"author":[{"embeddable":true,"href":"https:\/\/sites.ipleiria.pt\/comAcesso\/wp-json\/wp\/v2\/users\/539"}],"replies":[{"embeddable":true,"href":"https:\/\/sites.ipleiria.pt\/comAcesso\/wp-json\/wp\/v2\/comments?post=165"}],"version-history":[{"count":0,"href":"https:\/\/sites.ipleiria.pt\/comAcesso\/wp-json\/wp\/v2\/posts\/165\/revisions"}],"wp:attachment":[{"href":"https:\/\/sites.ipleiria.pt\/comAcesso\/wp-json\/wp\/v2\/media?parent=165"}],"wp:term":[{"taxonomy":"category","embeddable":true,"href":"https:\/\/sites.ipleiria.pt\/comAcesso\/wp-json\/wp\/v2\/categories?post=165"},{"taxonomy":"post_tag","embeddable":true,"href":"https:\/\/sites.ipleiria.pt\/comAcesso\/wp-json\/wp\/v2\/tags?post=165"}],"curies":[{"name":"wp","href":"https:\/\/api.w.org\/{rel}","templated":true}]}}