{"id":95,"date":"2015-07-13T11:00:18","date_gmt":"2015-07-13T11:00:18","guid":{"rendered":"http:\/\/sites.ipleiria.pt\/estudantebrasil\/?p=95"},"modified":"2015-07-20T09:00:58","modified_gmt":"2015-07-20T09:00:58","slug":"visite-o-castelo","status":"publish","type":"post","link":"https:\/\/sites.ipleiria.pt\/estudantebrasil\/2015\/07\/13\/visite-o-castelo\/","title":{"rendered":"Visite o Castelo"},"content":{"rendered":"<p>Leiria foi habitada por\u00a0mouros que ocuparam a regi\u00e3o at\u00e9 \u00e0 tomada por\u00a0D. Afonso Henriques\u00a0em 1135 (figura importante por aqui&#8230;), durante a chamada\u00a0Reconquista. A maioria da popula\u00e7\u00e3o vivia dentro das muralhas protetoras da cidade inicialmente, mas j\u00e1 no s\u00e9culo XII parte da popula\u00e7\u00e3o vivia na sua parte exterior. A mais antiga igreja de Leiria, a\u00a0Igreja de S\u00e3o Pedro, constru\u00edda em estilo\u00a0rom\u00e2nico\u00a0no s\u00e9culo XII, servia a freguesia exterior \u00e0s muralhas.<\/p>\n<p><a href=\"http:\/\/sites.ipleiria.pt\/estudantebrasil\/files\/2015\/07\/Foto-20.jpg\"><img loading=\"lazy\" decoding=\"async\" class=\"alignnone size-medium wp-image-96\" src=\"http:\/\/sites.ipleiria.pt\/estudantebrasil\/files\/2015\/07\/Foto-20-300x225.jpg\" alt=\"Foto 20\" width=\"300\" height=\"225\" srcset=\"https:\/\/sites.ipleiria.pt\/estudantebrasil\/files\/2015\/07\/Foto-20-300x225.jpg 300w, https:\/\/sites.ipleiria.pt\/estudantebrasil\/files\/2015\/07\/Foto-20-1024x768.jpg 1024w\" sizes=\"auto, (max-width: 300px) 100vw, 300px\" \/><\/a><\/p>\n","protected":false},"excerpt":{"rendered":"<p>Leiria foi habitada por\u00a0mouros que ocuparam a regi\u00e3o at\u00e9 \u00e0 tomada por\u00a0D. Afonso Henriques\u00a0em 1135 (figura importante por aqui&#8230;), durante a chamada\u00a0Reconquista. A maioria da popula\u00e7\u00e3o vivia dentro das muralhas protetoras da cidade inicialmente, mas j\u00e1 no s\u00e9culo XII parte da popula\u00e7\u00e3o vivia na sua parte exterior. A mais antiga igreja de Leiria, a\u00a0Igreja de &hellip; <a href=\"https:\/\/sites.ipleiria.pt\/estudantebrasil\/2015\/07\/13\/visite-o-castelo\/\" class=\"more-link\">Continuar a ler <span class=\"screen-reader-text\">Visite o Castelo<\/span><\/a><\/p>\n","protected":false},"author":2344,"featured_media":0,"comment_status":"closed","ping_status":"open","sticky":false,"template":"","format":"standard","meta":{"footnotes":""},"categories":[37049],"tags":[],"class_list":["post-95","post","type-post","status-publish","format-standard","hentry","category-visite-o-castelo"],"_links":{"self":[{"href":"https:\/\/sites.ipleiria.pt\/estudantebrasil\/wp-json\/wp\/v2\/posts\/95","targetHints":{"allow":["GET"]}}],"collection":[{"href":"https:\/\/sites.ipleiria.pt\/estudantebrasil\/wp-json\/wp\/v2\/posts"}],"about":[{"href":"https:\/\/sites.ipleiria.pt\/estudantebrasil\/wp-json\/wp\/v2\/types\/post"}],"author":[{"embeddable":true,"href":"https:\/\/sites.ipleiria.pt\/estudantebrasil\/wp-json\/wp\/v2\/users\/2344"}],"replies":[{"embeddable":true,"href":"https:\/\/sites.ipleiria.pt\/estudantebrasil\/wp-json\/wp\/v2\/comments?post=95"}],"version-history":[{"count":2,"href":"https:\/\/sites.ipleiria.pt\/estudantebrasil\/wp-json\/wp\/v2\/posts\/95\/revisions"}],"predecessor-version":[{"id":98,"href":"https:\/\/sites.ipleiria.pt\/estudantebrasil\/wp-json\/wp\/v2\/posts\/95\/revisions\/98"}],"wp:attachment":[{"href":"https:\/\/sites.ipleiria.pt\/estudantebrasil\/wp-json\/wp\/v2\/media?parent=95"}],"wp:term":[{"taxonomy":"category","embeddable":true,"href":"https:\/\/sites.ipleiria.pt\/estudantebrasil\/wp-json\/wp\/v2\/categories?post=95"},{"taxonomy":"post_tag","embeddable":true,"href":"https:\/\/sites.ipleiria.pt\/estudantebrasil\/wp-json\/wp\/v2\/tags?post=95"}],"curies":[{"name":"wp","href":"https:\/\/api.w.org\/{rel}","templated":true}]}}