{"id":565,"date":"2012-06-03T14:04:48","date_gmt":"2012-06-03T14:04:48","guid":{"rendered":"http:\/\/sites.ipleiria.pt\/mercadolivro\/?p=565"},"modified":"2012-06-03T19:51:12","modified_gmt":"2012-06-03T19:51:12","slug":"mercado-em-ultimo-dia","status":"publish","type":"post","link":"https:\/\/sites.ipleiria.pt\/mercadolivro\/2012\/06\/03\/mercado-em-ultimo-dia\/","title":{"rendered":"Mercado em \u00faltimo dia"},"content":{"rendered":"<p><a href=\"http:\/\/sites.ipleiria.pt\/mercadolivro\/files\/2012\/06\/HTC_000124.jpg\"><img loading=\"lazy\" decoding=\"async\" class=\"aligncenter size-full wp-image-566\" src=\"http:\/\/sites.ipleiria.pt\/mercadolivro\/files\/2012\/06\/HTC_000124.jpg\" alt=\"\" width=\"717\" height=\"215\" srcset=\"https:\/\/sites.ipleiria.pt\/mercadolivro\/files\/2012\/06\/HTC_000124.jpg 717w, https:\/\/sites.ipleiria.pt\/mercadolivro\/files\/2012\/06\/HTC_000124-300x89.jpg 300w, https:\/\/sites.ipleiria.pt\/mercadolivro\/files\/2012\/06\/HTC_000124-500x149.jpg 500w\" sizes=\"auto, (max-width: 717px) 100vw, 717px\" \/><\/a><\/p>\n<p style=\"text-align: justify\">O Mercado do Livro j\u00e1 abriu. Este Domingo, 3 de\u00a0junho, \u00e9 o\u00a0\u00faltimo dia desta edi\u00e7\u00e3o da feira.\u00a0Para al\u00e9m dos\u00a0expositores da FNAC, Livraria Arquivo, Americana, Boa Leitura, Letras e Livros e IPL, est\u00e1 prevista a presen\u00e7a do chefe Henrique S\u00e1 Pessoa, no Espa\u00e7o Gourmet, \u00e0s 17 horas.<\/p>\n<p style=\"text-align: justify\">\u00c0s 21 horas, Miguel Torga ser\u00e1 o autor em discuss\u00e3o em &#8216;5 Autores| 5 Conversas | 5 Dias&#8217;, com a presen\u00e7a de Carlos Alberto Silva e Ana Cristina Luz.<\/p>\n","protected":false},"excerpt":{"rendered":"<p>O Mercado do Livro j\u00e1 abriu. Este Domingo, 3 de\u00a0junho, \u00e9 o\u00a0\u00faltimo dia desta edi\u00e7\u00e3o da feira.\u00a0Para al\u00e9m dos\u00a0expositores da FNAC, Livraria Arquivo, Americana, Boa Leitura, Letras e Livros e IPL, est\u00e1 prevista a presen\u00e7a do chefe Henrique S\u00e1 Pessoa, &hellip; <a href=\"https:\/\/sites.ipleiria.pt\/mercadolivro\/2012\/06\/03\/mercado-em-ultimo-dia\/\">Continuar a ler <span class=\"meta-nav\">&rarr;<\/span><\/a><\/p>\n","protected":false},"author":866,"featured_media":0,"comment_status":"open","ping_status":"open","sticky":false,"template":"","format":"standard","meta":{"footnotes":""},"categories":[13712],"tags":[],"class_list":["post-565","post","type-post","status-publish","format-standard","hentry","category-03-jun"],"_links":{"self":[{"href":"https:\/\/sites.ipleiria.pt\/mercadolivro\/wp-json\/wp\/v2\/posts\/565","targetHints":{"allow":["GET"]}}],"collection":[{"href":"https:\/\/sites.ipleiria.pt\/mercadolivro\/wp-json\/wp\/v2\/posts"}],"about":[{"href":"https:\/\/sites.ipleiria.pt\/mercadolivro\/wp-json\/wp\/v2\/types\/post"}],"author":[{"embeddable":true,"href":"https:\/\/sites.ipleiria.pt\/mercadolivro\/wp-json\/wp\/v2\/users\/866"}],"replies":[{"embeddable":true,"href":"https:\/\/sites.ipleiria.pt\/mercadolivro\/wp-json\/wp\/v2\/comments?post=565"}],"version-history":[{"count":12,"href":"https:\/\/sites.ipleiria.pt\/mercadolivro\/wp-json\/wp\/v2\/posts\/565\/revisions"}],"predecessor-version":[{"id":574,"href":"https:\/\/sites.ipleiria.pt\/mercadolivro\/wp-json\/wp\/v2\/posts\/565\/revisions\/574"}],"wp:attachment":[{"href":"https:\/\/sites.ipleiria.pt\/mercadolivro\/wp-json\/wp\/v2\/media?parent=565"}],"wp:term":[{"taxonomy":"category","embeddable":true,"href":"https:\/\/sites.ipleiria.pt\/mercadolivro\/wp-json\/wp\/v2\/categories?post=565"},{"taxonomy":"post_tag","embeddable":true,"href":"https:\/\/sites.ipleiria.pt\/mercadolivro\/wp-json\/wp\/v2\/tags?post=565"}],"curies":[{"name":"wp","href":"https:\/\/api.w.org\/{rel}","templated":true}]}}