{"id":1728,"date":"2018-03-01T10:38:47","date_gmt":"2018-03-01T10:38:47","guid":{"rendered":"http:\/\/sites.ipleiria.pt\/projetocp2s\/?p=1728"},"modified":"2019-01-25T16:01:13","modified_gmt":"2019-01-25T16:01:13","slug":"esad-cr-ipleiria-promete-12-conversas-em-torno-de-12-projetos-em-ceramica","status":"publish","type":"post","link":"https:\/\/sites.ipleiria.pt\/projetocp2s\/2018\/03\/01\/esad-cr-ipleiria-promete-12-conversas-em-torno-de-12-projetos-em-ceramica\/","title":{"rendered":"ESAD.CR\/IPLeiria promete \u201c12 conversas em torno de 12 projetos em Cer\u00e2mica\u201d"},"content":{"rendered":"<blockquote>\n<div><span style=\"font-size: 14pt\">Forum Estudante<\/span><\/div>\n<\/blockquote>\n<div style=\"text-align: justify\"><em>&#8220;A Escola Superior de Artes e Design das Caldas da Rainha do Polit\u00e9cnico de Leiria (ESAD.CR\/IPLeiria) e o Laborat\u00f3rio de Investiga\u00e7\u00e3o de Design e Artes (LIDA) dinamizam um certame coletivo denominado \u201c12 conversas em torno de 12 projetos em cer\u00e2mica\u201d, expostos no Espa\u00e7o da Concas no Centro de Artes das Caldas da Rainha, entre 2 de mar\u00e7o e 9 de abril.<\/em><\/div>\n<div>&nbsp;<\/div>\n<div style=\"text-align: justify\">Os produtos s\u00e3o da autoria de estudantes e de designers diplomados na Escola. A inaugura\u00e7\u00e3o desta mostra est\u00e1 marcada para sexta-feira, dia 2 de mar\u00e7o, \u00e0s 17h30.<\/div>\n<p style=\"text-align: justify\">Al\u00e9m da exibi\u00e7\u00e3o, integrada no projeto de investiga\u00e7\u00e3o CP2S (Cer\u00e2mica, Patrim\u00f3nio e Produto Sustent\u00e1vel \u2013 ensino \u00e0 ind\u00fastria), ser\u00e3o apresentadas doze confer\u00eancias sobre os produtos expostos, durante o per\u00edodo do certame. \u00abPretendemos divulgar os trabalhos realizados e o seu pr\u00f3prio crescimento, como por exemplo os ateli\u00eas espalhados pela regi\u00e3o, o que refor\u00e7a a oferta cultural da cidade das Caldas da Rainha, e o destaque da diversidade na produ\u00e7\u00e3o cer\u00e2mica\u00bb, salienta Adriana C\u00e9sar, bolseira do LIDA.&#8221;<\/p>\n<p style=\"text-align: justify\"><strong><a href=\"http:\/\/www.forum.pt\/116-noticias\/ensino-superior\/18386-esad-cr-ipleiria-promete-12-conversas-em-torno-de-12-projetos-em-ceramica\">(Consulte aqui a Not\u00edcia na integra)<\/a><\/strong><\/p>\n<p>&nbsp;<\/p>\n","protected":false},"excerpt":{"rendered":"<p>Forum Estudante &#8220;A Escola Superior de Artes e Design das Caldas da Rainha do Polit\u00e9cnico de Leiria (ESAD.CR\/IPLeiria) e o Laborat\u00f3rio de Investiga\u00e7\u00e3o de Design e Artes (LIDA) dinamizam um certame coletivo denominado \u201c12 conversas em torno de 12 projetos em cer\u00e2mica\u201d, expostos no Espa\u00e7o da Concas no Centro de Artes das Caldas da Rainha, [&hellip;]<\/p>\n","protected":false},"author":4286,"featured_media":0,"comment_status":"open","ping_status":"open","sticky":false,"template":"","format":"standard","meta":{"footnotes":""},"categories":[111873,9],"tags":[],"class_list":["post-1728","post","type-post","status-publish","format-standard","hentry","category-exposicao-12-conversas-em-torno-de-12-projectos-em-ceramica","category-noticias","entry-image--landscape"],"_links":{"self":[{"href":"https:\/\/sites.ipleiria.pt\/projetocp2s\/wp-json\/wp\/v2\/posts\/1728","targetHints":{"allow":["GET"]}}],"collection":[{"href":"https:\/\/sites.ipleiria.pt\/projetocp2s\/wp-json\/wp\/v2\/posts"}],"about":[{"href":"https:\/\/sites.ipleiria.pt\/projetocp2s\/wp-json\/wp\/v2\/types\/post"}],"author":[{"embeddable":true,"href":"https:\/\/sites.ipleiria.pt\/projetocp2s\/wp-json\/wp\/v2\/users\/4286"}],"replies":[{"embeddable":true,"href":"https:\/\/sites.ipleiria.pt\/projetocp2s\/wp-json\/wp\/v2\/comments?post=1728"}],"version-history":[{"count":9,"href":"https:\/\/sites.ipleiria.pt\/projetocp2s\/wp-json\/wp\/v2\/posts\/1728\/revisions"}],"predecessor-version":[{"id":1747,"href":"https:\/\/sites.ipleiria.pt\/projetocp2s\/wp-json\/wp\/v2\/posts\/1728\/revisions\/1747"}],"wp:attachment":[{"href":"https:\/\/sites.ipleiria.pt\/projetocp2s\/wp-json\/wp\/v2\/media?parent=1728"}],"wp:term":[{"taxonomy":"category","embeddable":true,"href":"https:\/\/sites.ipleiria.pt\/projetocp2s\/wp-json\/wp\/v2\/categories?post=1728"},{"taxonomy":"post_tag","embeddable":true,"href":"https:\/\/sites.ipleiria.pt\/projetocp2s\/wp-json\/wp\/v2\/tags?post=1728"}],"curies":[{"name":"wp","href":"https:\/\/api.w.org\/{rel}","templated":true}]}}