{"id":1739,"date":"2018-03-01T11:32:31","date_gmt":"2018-03-01T11:32:31","guid":{"rendered":"http:\/\/sites.ipleiria.pt\/projetocp2s\/?p=1739"},"modified":"2019-01-25T16:01:04","modified_gmt":"2019-01-25T16:01:04","slug":"esad-cr-ipleiria-promete-12-conversas-em-torno-de-12-projetos-em-ceramica-2","status":"publish","type":"post","link":"https:\/\/sites.ipleiria.pt\/projetocp2s\/2018\/03\/01\/esad-cr-ipleiria-promete-12-conversas-em-torno-de-12-projetos-em-ceramica-2\/","title":{"rendered":"ESAD.CR\/IPLeiria promete &#8220;12 conversas em torno de 12 projetos em Cer\u00e2mica&#8221;"},"content":{"rendered":"<blockquote><p><span style=\"font-size: 14pt\">e-cultura.pt<\/span><\/p><\/blockquote>\n<p style=\"text-align: justify\">&#8220;A Escola Superior de Artes e Design das Caldas da Rainha do Polit\u00e9cnico de Leiria (ESAD.CR\/IPLeiria) e o Laborat\u00f3rio de Investiga\u00e7\u00e3o de Design e Artes (LIDA) dinamizam um certame coletivo denominado \u201c12 conversas em torno de 12 projetos em cer\u00e2mica\u201d, expostos no Espa\u00e7o da Concas no Centro de Artes das Caldas da Rainha.<\/p>\n<p style=\"text-align: justify\">Os produtos s\u00e3o da autoria de estudantes e de designers diplomados na Escola.&nbsp;<br \/>\nAl\u00e9m da exibi\u00e7\u00e3o, integrada no projeto de investiga\u00e7\u00e3o CP2S (Cer\u00e2mica, Patrim\u00f3nio e Produto Sustent\u00e1vel \u2013 ensino \u00e0 ind\u00fastria), ser\u00e3o apresentadas doze confer\u00eancias sobre os produtos expostos, durante o per\u00edodo do certame. \u00abPretendemos divulgar os trabalhos realizados e o seu pr\u00f3prio crescimento, como por exemplo os ateli\u00eas espalhados pela regi\u00e3o, o que refor\u00e7a a oferta cultural da cidade das Caldas da Rainha, e o destaque da diversidade na produ\u00e7\u00e3o cer\u00e2mica\u00bb, salienta Adriana C\u00e9sar, bolseira do LIDA.<br \/>\nV\u00edtor Agostinho \u2013 \u201cMoldes Mutantes\u201d, Jo\u00e3o Margarido \u2013 \u201cTerra\u201d, Eneida Tavares \u2013 \u201cRaiz\u201d, Filipa Jos\u00e9 \u2013 \u201cAnimais de Companhia\u201d, Francisca Branco \u2013 \u201cBarro\u201d, Marco Balsinha \u2013 \u201cUroboro\u201d, Rita Martins \u2013 \u201cLeonor\u201d, Rita Frutuoso \u2013 \u201cFus\u00e3o\u201d, Ana Lisboa e Sara Silva \u2013 \u201cNatural Cooler\u201d, Liliana Gouveia \u2013 \u201cWinter Cup\u201d, Vera Santos \u2013 \u201cTerapia\u201d e Marco Ferreira \u2013 \u201cImagin\u00e1rio\u201d, s\u00e3o os autores e nomes das respetivas obras em exposi\u00e7\u00e3o.<br \/>\nEsta iniciativa conta ainda com o apoio do FEDER \u2013 Fundo Europeu de Desenvolvimento Regional, no \u00e2mbito do Programa Portugal 2020 \u2013 Programa Operacional Regional do Centro.&#8221;<\/p>\n<p><strong><a href=\"http:\/\/www.e-cultura.sapo.pt\/evento\/7827\">(Consulte aqui a Not\u00edcia na integra)<\/a><\/strong><\/p>\n<p>&nbsp;<\/p>\n","protected":false},"excerpt":{"rendered":"<p>e-cultura.pt &#8220;A Escola Superior de Artes e Design das Caldas da Rainha do Polit\u00e9cnico de Leiria (ESAD.CR\/IPLeiria) e o Laborat\u00f3rio de Investiga\u00e7\u00e3o de Design e Artes (LIDA) dinamizam um certame coletivo denominado \u201c12 conversas em torno de 12 projetos em cer\u00e2mica\u201d, expostos no Espa\u00e7o da Concas no Centro de Artes das Caldas da Rainha. Os [&hellip;]<\/p>\n","protected":false},"author":4286,"featured_media":0,"comment_status":"open","ping_status":"open","sticky":false,"template":"","format":"standard","meta":{"footnotes":""},"categories":[111873,9],"tags":[],"class_list":["post-1739","post","type-post","status-publish","format-standard","hentry","category-exposicao-12-conversas-em-torno-de-12-projectos-em-ceramica","category-noticias","entry-image--landscape"],"_links":{"self":[{"href":"https:\/\/sites.ipleiria.pt\/projetocp2s\/wp-json\/wp\/v2\/posts\/1739","targetHints":{"allow":["GET"]}}],"collection":[{"href":"https:\/\/sites.ipleiria.pt\/projetocp2s\/wp-json\/wp\/v2\/posts"}],"about":[{"href":"https:\/\/sites.ipleiria.pt\/projetocp2s\/wp-json\/wp\/v2\/types\/post"}],"author":[{"embeddable":true,"href":"https:\/\/sites.ipleiria.pt\/projetocp2s\/wp-json\/wp\/v2\/users\/4286"}],"replies":[{"embeddable":true,"href":"https:\/\/sites.ipleiria.pt\/projetocp2s\/wp-json\/wp\/v2\/comments?post=1739"}],"version-history":[{"count":3,"href":"https:\/\/sites.ipleiria.pt\/projetocp2s\/wp-json\/wp\/v2\/posts\/1739\/revisions"}],"predecessor-version":[{"id":1746,"href":"https:\/\/sites.ipleiria.pt\/projetocp2s\/wp-json\/wp\/v2\/posts\/1739\/revisions\/1746"}],"wp:attachment":[{"href":"https:\/\/sites.ipleiria.pt\/projetocp2s\/wp-json\/wp\/v2\/media?parent=1739"}],"wp:term":[{"taxonomy":"category","embeddable":true,"href":"https:\/\/sites.ipleiria.pt\/projetocp2s\/wp-json\/wp\/v2\/categories?post=1739"},{"taxonomy":"post_tag","embeddable":true,"href":"https:\/\/sites.ipleiria.pt\/projetocp2s\/wp-json\/wp\/v2\/tags?post=1739"}],"curies":[{"name":"wp","href":"https:\/\/api.w.org\/{rel}","templated":true}]}}