{"id":1749,"date":"2018-03-01T15:37:40","date_gmt":"2018-03-01T15:37:40","guid":{"rendered":"http:\/\/sites.ipleiria.pt\/projetocp2s\/?p=1749"},"modified":"2019-01-25T16:00:36","modified_gmt":"2019-01-25T16:00:36","slug":"esad-cr-conversas-sobre-ceramica","status":"publish","type":"post","link":"https:\/\/sites.ipleiria.pt\/projetocp2s\/2018\/03\/01\/esad-cr-conversas-sobre-ceramica\/","title":{"rendered":"ESAD.CR. CONVERSAS SOBRE CER\u00c2MICA"},"content":{"rendered":"<blockquote><p>ms &#8211; MAIS SUPERIOR<\/p><\/blockquote>\n<p style=\"text-align: justify\">\u201cA Escola Superior de Artes e Design das Caldas da Rainha do Polit\u00e9cnico de Leiria (ESAD.CR\/IPLeiria) e o Laborat\u00f3rio de Investiga\u00e7\u00e3o de Design e Artes (LIDA) v\u00e3o dinamizar o certame 12 conversas em torno de 12 projetos em cer\u00e2mica, de 2 de mar\u00e7o a 9 de abril.<br \/>\nCom exposi\u00e7\u00e3o marcada para o Espa\u00e7o da Concas no Centro de Artes das Caldas da Rainha, os produtos em causa s\u00e3o da autoria de estudantes e designers diplomados pela ESAD.CR, e est\u00e3o integrados no projeto de investiga\u00e7\u00e3o CP2S (Cer\u00e2mica, Patrim\u00f3nio e Produto Sustent\u00e1vel \u2013 ensino \u00e0 ind\u00fastria).<br \/>\nPara al\u00e9m da exibi\u00e7\u00e3o, ser\u00e3o apresentadas 12 confer\u00eancias sobre os produtos expostos. V\u00edtor Agostinho com Moldes Mutantes, Jo\u00e3o Margarido com Terra, Eneida Tavares com Raiz, Filipa Jos\u00e9 com Animais de Companhia, Francisca Branco com Barro, Marco Balsinha com Uroboro, Rita Martins com Leonor, Rita Frutuoso com Fus\u00e3o, Ana Lisboa e Sara Silva com Natural Cooler, Liliana Gouveia com Winter Cup, Vera Santos com Terapia e Marco Ferreira com Imagin\u00e1rio s\u00e3o os autores e nomes das respetivas obras em exposi\u00e7\u00e3o.<br \/>\nEsta iniciativa conta com o apoio do FEDER \u2013 Fundo Europeu de Desenvolvimento Regional, no \u00e2mbito do Programa Portugal 2020 \u2013 Programa Operacional Regional do Centro.\u201d<\/p>\n<p><strong><a href=\"https:\/\/www.maissuperior.com\/2018\/02\/27\/esad-cr-conversas-ceramica\/\">(Consulte aqui a Not\u00edcia na integra)<\/a><\/strong><\/p>\n<p>&nbsp;<\/p>\n","protected":false},"excerpt":{"rendered":"<p>ms &#8211; MAIS SUPERIOR \u201cA Escola Superior de Artes e Design das Caldas da Rainha do Polit\u00e9cnico de Leiria (ESAD.CR\/IPLeiria) e o Laborat\u00f3rio de Investiga\u00e7\u00e3o de Design e Artes (LIDA) v\u00e3o dinamizar o certame 12 conversas em torno de 12 projetos em cer\u00e2mica, de 2 de mar\u00e7o a 9 de abril. Com exposi\u00e7\u00e3o marcada para [&hellip;]<\/p>\n","protected":false},"author":4286,"featured_media":0,"comment_status":"open","ping_status":"open","sticky":false,"template":"","format":"standard","meta":{"footnotes":""},"categories":[111873,9],"tags":[],"class_list":["post-1749","post","type-post","status-publish","format-standard","hentry","category-exposicao-12-conversas-em-torno-de-12-projectos-em-ceramica","category-noticias","entry-image--landscape"],"_links":{"self":[{"href":"https:\/\/sites.ipleiria.pt\/projetocp2s\/wp-json\/wp\/v2\/posts\/1749","targetHints":{"allow":["GET"]}}],"collection":[{"href":"https:\/\/sites.ipleiria.pt\/projetocp2s\/wp-json\/wp\/v2\/posts"}],"about":[{"href":"https:\/\/sites.ipleiria.pt\/projetocp2s\/wp-json\/wp\/v2\/types\/post"}],"author":[{"embeddable":true,"href":"https:\/\/sites.ipleiria.pt\/projetocp2s\/wp-json\/wp\/v2\/users\/4286"}],"replies":[{"embeddable":true,"href":"https:\/\/sites.ipleiria.pt\/projetocp2s\/wp-json\/wp\/v2\/comments?post=1749"}],"version-history":[{"count":1,"href":"https:\/\/sites.ipleiria.pt\/projetocp2s\/wp-json\/wp\/v2\/posts\/1749\/revisions"}],"predecessor-version":[{"id":1750,"href":"https:\/\/sites.ipleiria.pt\/projetocp2s\/wp-json\/wp\/v2\/posts\/1749\/revisions\/1750"}],"wp:attachment":[{"href":"https:\/\/sites.ipleiria.pt\/projetocp2s\/wp-json\/wp\/v2\/media?parent=1749"}],"wp:term":[{"taxonomy":"category","embeddable":true,"href":"https:\/\/sites.ipleiria.pt\/projetocp2s\/wp-json\/wp\/v2\/categories?post=1749"},{"taxonomy":"post_tag","embeddable":true,"href":"https:\/\/sites.ipleiria.pt\/projetocp2s\/wp-json\/wp\/v2\/tags?post=1749"}],"curies":[{"name":"wp","href":"https:\/\/api.w.org\/{rel}","templated":true}]}}