{"id":1753,"date":"2018-03-01T16:17:26","date_gmt":"2018-03-01T16:17:26","guid":{"rendered":"http:\/\/sites.ipleiria.pt\/projetocp2s\/?p=1753"},"modified":"2019-03-26T22:31:46","modified_gmt":"2019-03-26T22:31:46","slug":"leiria-12-conversas-em-torno-de-12-projectos-em-ceramica","status":"publish","type":"post","link":"https:\/\/sites.ipleiria.pt\/projetocp2s\/2018\/03\/01\/leiria-12-conversas-em-torno-de-12-projectos-em-ceramica\/","title":{"rendered":"Leiria \u2013 \u201c12 conversas em torno de 12 projectos em cer\u00e2mica\u201d"},"content":{"rendered":"<blockquote><p><span style=\"font-size: 14pt\">97fm R\u00e1dio Clube de Pombal<\/span><\/p><\/blockquote>\n<div>&#8220;Exposi\u00e7\u00e3o de trabalhos cer\u00e2micos patente de 2 de Mar\u00e7o a 9 de Abril<\/div>\n<div><\/div>\n<p style=\"text-align: justify\">Pombal 97 fm \/ Arte \u2013 Uma exposi\u00e7\u00e3o subordinada ao tema \u201c12 conversas em torno de 12 projectos em cer\u00e2mica\u201d, vai estar patente ao p\u00fablico en tre os dias 2 de Mar\u00e7o e 9 de Abril.<br \/>\nA mostra apresenta trabalhos dinamizados por estudantes e designers diplomados da Escola Superior de Artes e Design das Caldas da Rainha do Instituto Polit\u00e9cnico de Leiria (IPL) e pelo Laborat\u00f3rio de Investiga\u00e7\u00e3o de Design e Artes (LIDA).<br \/>\nTrata-se de um certame colectivo que ficar\u00e1 patente no Espa\u00e7o da Concas, no Centro de Artes das Caldas da Rainha, sabendo-se que os \u201cprodutos s\u00e3o da autoria de estudantes e de designers diplomados na Escola\u201d. Al\u00e9m da exibi\u00e7\u00e3o, que integra o projecto de investiga\u00e7\u00e3o CP2S (Cer\u00e2mica, Patrim\u00f3nio e Produto Sustent\u00e1vel &#8211; ensino \u00e0 ind\u00fastria), ser\u00e3o promovidas doze confer\u00eancias sobre os produtos expostos, durante o per\u00edodo do certame.<br \/>\nAdriana C\u00e9sar, bolseira da LIDA diz que o objectivo \u00e9 \u201cdivulgar os trabalhos realizados e o seu pr\u00f3prio crescimento, como por exemplo os ateli\u00eas espalhados pela regi\u00e3o, o que refor\u00e7a a oferta cultural da cidade das Caldas da Rainha, e o destaque da diversidade na produ\u00e7\u00e3o cer\u00e2mica\u201d.<br \/>\nV\u00edtor Agostinho (\u201cMoldes Mutantes\u201d), Jo\u00e3o Margarido (\u201cTerra\u201d), Eneida Tavares (\u201cRaiz\u201d), Filipa Jos\u00e9 (\u201cAnimais de Companhia\u201d), Francisca Branco (\u201cBarro\u201d), Marco Balsinha (\u201cUroboro\u201d), Rita Martins (\u201cLeonor\u201d), Rita Frutuoso (\u201cFus\u00e3o\u201d), Ana Lisboa e Sara Silva (\u201cNatural Cooler\u201d), Liliana Gouveia (\u201cWinter Cup\u201d), Vera Santos (\u201cTerapia\u201d) e Marco Ferreira (\u201cImagin\u00e1rio\u201d), s\u00e3o os autores das respectivas obras patentes na exposi\u00e7\u00e3o.<br \/>\nA iniciativa conta com o apoio do FEDER (Fundo Europeu de Desenvolvimento Regional), no \u00e2mbito do Programa \u201cPortugal 2020\u201d &#8211; Programa Operacional Regional do Centro e a sua inaugura\u00e7\u00e3o est\u00e1 marcada para as 17h30 da pr\u00f3xima sexta-feira, dia 2 de Mar\u00e7o.&#8221;<\/p>\n<p><strong><a href=\"http:\/\/pombal97.com\/index.php?lang=pt&amp;post=6765\">(Consulte aqui a Not\u00edcia na integra)<\/a><\/strong><\/p>\n","protected":false},"excerpt":{"rendered":"<p>97fm R\u00e1dio Clube de Pombal &#8220;Exposi\u00e7\u00e3o de trabalhos cer\u00e2micos patente de 2 de Mar\u00e7o a 9 de Abril Pombal 97 fm \/ Arte \u2013 Uma exposi\u00e7\u00e3o subordinada ao tema \u201c12 conversas em torno de 12 projectos em cer\u00e2mica\u201d, vai estar patente ao p\u00fablico en tre os dias 2 de Mar\u00e7o e 9 de Abril. A [&hellip;]<\/p>\n","protected":false},"author":4286,"featured_media":0,"comment_status":"open","ping_status":"open","sticky":false,"template":"","format":"standard","meta":{"footnotes":""},"categories":[111873,9],"tags":[],"class_list":["post-1753","post","type-post","status-publish","format-standard","hentry","category-exposicao-12-conversas-em-torno-de-12-projectos-em-ceramica","category-noticias","entry-image--landscape"],"_links":{"self":[{"href":"https:\/\/sites.ipleiria.pt\/projetocp2s\/wp-json\/wp\/v2\/posts\/1753","targetHints":{"allow":["GET"]}}],"collection":[{"href":"https:\/\/sites.ipleiria.pt\/projetocp2s\/wp-json\/wp\/v2\/posts"}],"about":[{"href":"https:\/\/sites.ipleiria.pt\/projetocp2s\/wp-json\/wp\/v2\/types\/post"}],"author":[{"embeddable":true,"href":"https:\/\/sites.ipleiria.pt\/projetocp2s\/wp-json\/wp\/v2\/users\/4286"}],"replies":[{"embeddable":true,"href":"https:\/\/sites.ipleiria.pt\/projetocp2s\/wp-json\/wp\/v2\/comments?post=1753"}],"version-history":[{"count":3,"href":"https:\/\/sites.ipleiria.pt\/projetocp2s\/wp-json\/wp\/v2\/posts\/1753\/revisions"}],"predecessor-version":[{"id":5486,"href":"https:\/\/sites.ipleiria.pt\/projetocp2s\/wp-json\/wp\/v2\/posts\/1753\/revisions\/5486"}],"wp:attachment":[{"href":"https:\/\/sites.ipleiria.pt\/projetocp2s\/wp-json\/wp\/v2\/media?parent=1753"}],"wp:term":[{"taxonomy":"category","embeddable":true,"href":"https:\/\/sites.ipleiria.pt\/projetocp2s\/wp-json\/wp\/v2\/categories?post=1753"},{"taxonomy":"post_tag","embeddable":true,"href":"https:\/\/sites.ipleiria.pt\/projetocp2s\/wp-json\/wp\/v2\/tags?post=1753"}],"curies":[{"name":"wp","href":"https:\/\/api.w.org\/{rel}","templated":true}]}}