{"id":1761,"date":"2018-03-01T17:06:02","date_gmt":"2018-03-01T17:06:02","guid":{"rendered":"http:\/\/sites.ipleiria.pt\/projetocp2s\/?p=1761"},"modified":"2019-01-25T15:59:55","modified_gmt":"2019-01-25T15:59:55","slug":"alunos-da-esad-vao-usar-instalacoes-da-antiga-fabrica-bordallo-pinheiro","status":"publish","type":"post","link":"https:\/\/sites.ipleiria.pt\/projetocp2s\/2018\/03\/01\/alunos-da-esad-vao-usar-instalacoes-da-antiga-fabrica-bordallo-pinheiro\/","title":{"rendered":"Alunos da ESAD v\u00e3o usar instala\u00e7\u00f5es da antiga f\u00e1brica Bordallo Pinheiro"},"content":{"rendered":"<blockquote><p><span style=\"font-size: 14pt\">Gazeta das Caldas<\/span><\/p><\/blockquote>\n<p style=\"text-align: justify\"><strong>&#8220;A antiga f\u00e1brica da Bordallo Pinheiro, que foi adquirida pela C\u00e2mara em 2009, vai em breve albergar iniciativas relacionadas com um centro de investiga\u00e7\u00e3o de cer\u00e2mica da ESAD. Uma parceria que visa dinamizar aquelas instala\u00e7\u00f5es durante dois anos, enquanto a C\u00e2mara n\u00e3o tem um projecto pr\u00f3prio para o local.&nbsp;<\/strong><\/p>\n<p style=\"text-align: justify\">A C\u00e2mara das Caldas vai permitir nas antigas instala\u00e7\u00f5es da F\u00e1brica de Faian\u00e7as Bordallo Pinheiro o acolhimento de actividades de um centro de investiga\u00e7\u00e3o cer\u00e2mico para o qual o IPL obteve um financiamento de cerca de 200 mil euros da Funda\u00e7\u00e3o de Ci\u00eancia e Tecnologia, segundo confirmou Jos\u00e9 Frade, docente do IPL e um dos respons\u00e1veis pelo projecto.<br \/>\nO presidente da C\u00e2mara, Tinta Ferreira, confirmou o empr\u00e9stimo das instala\u00e7\u00f5es \u00e0 escola de artes tendo em conta que&nbsp;<strong>\u201cnos dois anos de funcionamento do projecto da ESAD n\u00e3o temos nada previsto para funcionar naquele local\u201d<\/strong>.<br \/>\nAs instala\u00e7\u00f5es fabris caldenses poder\u00e3o transformar-se em espa\u00e7o expositivo ou de investiga\u00e7\u00e3o.<br \/>\nA vereadora da Cultura, Maria da Concei\u00e7\u00e3o Pereira, disse que a C\u00e2mara possui colec\u00e7\u00f5es de cer\u00e2mica que precisam de trabalho de investiga\u00e7\u00e3o. S\u00f3 da Secla s\u00e3o cerca de 6000 pe\u00e7as e da Molde quase 7000 que podem ser estudadas.<\/p>\n<p><strong>\u201c12 projectos 12 conversas\u201d<\/strong><\/p>\n<p style=\"text-align: justify\">O an\u00fancio sobre o centro de investiga\u00e7\u00e3o poder vir a ter actividades nas Caldas foi apresentado na exposi\u00e7\u00e3o&nbsp;<strong>\u201c12 projectos 12 conversas\u201d<\/strong>&nbsp;que est\u00e1 a decorrer no Espa\u00e7o Concas at\u00e9 18 de Abril. A coordenar a exposi\u00e7\u00e3o esteve Liliana Gouveia, tamb\u00e9m ela a realizar o seu mestrado em Design de Produto na ESAD. Tem 25 anos, \u00e9 da Serra da Estrela e explicou que a mostra&nbsp;<strong>\u201cquer incentivar os alunos a continuar a desenvolver projectos em cer\u00e2mica\u201d<\/strong>.<br \/>\nDepois do Centro de Artes ser\u00e1 feita uma nova mostra no Cencal dedicada aos produtos cer\u00e2micos industriais que se produzem em todo o pa\u00eds. Francisca Branco, de 25 anos, \u00e9 do Porto e mora nas Caldas h\u00e1 oito anos e deu a conhecer o seu projecto ligado \u00e0 cer\u00e2mica e \u00e0 alimenta\u00e7\u00e3o. A jovem fez uma recolha sobre as formas tradicionais cer\u00e2micas usadas no Minho, em Tr\u00e1s-os-Montes e no Alentejo e a partir dessa pesquisa criou objectos contempor\u00e2neos que guardam tra\u00e7os tradicionais.<br \/>\nMarco Ferreira, 37 anos, \u00e9 de S\u00e3o Miguel (A\u00e7ores) e trouxe os seus contentores l\u00fadicos, feitos com pequenos animais. Servem para reflectir sobre a ideia de exist\u00eancia pois&nbsp;<strong>\u201ctodos n\u00f3s somos animais, apesar de termos que nos comportar de forma c\u00edvica em sociedade\u201d<\/strong>. O autor vai continuar a explorar o tema e a optimizar o processo de fabrico das suas pe\u00e7as&nbsp;<strong>\u201canimalescas\u201d<\/strong>.<br \/>\nA leiriense Ana Lisboa (22 anos) e a transmontana Sara Silva (23 anos) estiveram em It\u00e1lia a frequentar Erasmus. S\u00e3o autoras de uma pe\u00e7a em cer\u00e2mica em cujo interior \u00e9 poss\u00edvel refrescar vegetais. A parte exterior da pe\u00e7a inclui terra e plantas vivas que permitem&nbsp;<strong>\u201cque o interior fique frio e d\u00ea para refrescar vegetais\u201d<\/strong>. A pe\u00e7a \u00e9 recicl\u00e1vel pois n\u00e3o \u00e9 vidrada e as autoras gostariam de as produzir aliando-se a ateliers de artes\u00e3os.<br \/>\nJo\u00e3o Margarido, 27 anos, de Lisboa, vive nas Caldas h\u00e1 sete e apresentou pe\u00e7as feitas com terras que recolheu do Alentejo, Caldas, Lisboa, Pinhal Novo e Praia do Salgado. Com este material, o estudante fez as pe\u00e7as e tamb\u00e9m as decorou, pois obteve diferentes tonalidades.&#8221;<\/p>\n<p><strong><a href=\"https:\/\/gazetacaldas.com\/cultura\/alunos-da-esad-vao-usar-instalacoes-da-antiga-fabrica-bordallo-pinheiro\/\">(Consulte aqui a Not\u00edcia na integra)<\/a><\/strong><\/p>\n<p>&nbsp;<\/p>\n<figure id=\"attachment_1768\" aria-describedby=\"caption-attachment-1768\" style=\"width: 641px\" class=\"wp-caption aligncenter\"><img loading=\"lazy\" decoding=\"async\" class=\" wp-image-1768\" src=\"http:\/\/sites.ipleiria.pt\/projetocp2s\/files\/2018\/03\/IMG_20180917_180911-1-230x300.jpg\" alt=\"\" width=\"641\" height=\"836\" srcset=\"https:\/\/sites.ipleiria.pt\/projetocp2s\/files\/2018\/03\/IMG_20180917_180911-1-230x300.jpg 230w, https:\/\/sites.ipleiria.pt\/projetocp2s\/files\/2018\/03\/IMG_20180917_180911-1-768x1001.jpg 768w, https:\/\/sites.ipleiria.pt\/projetocp2s\/files\/2018\/03\/IMG_20180917_180911-1-786x1024.jpg 786w, https:\/\/sites.ipleiria.pt\/projetocp2s\/files\/2018\/03\/IMG_20180917_180911-1-8x10.jpg 8w, https:\/\/sites.ipleiria.pt\/projetocp2s\/files\/2018\/03\/IMG_20180917_180911-1-432x563.jpg 432w, https:\/\/sites.ipleiria.pt\/projetocp2s\/files\/2018\/03\/IMG_20180917_180911-1-396x516.jpg 396w, https:\/\/sites.ipleiria.pt\/projetocp2s\/files\/2018\/03\/IMG_20180917_180911-1-1120x1460.jpg 1120w, https:\/\/sites.ipleiria.pt\/projetocp2s\/files\/2018\/03\/IMG_20180917_180911-1-660x860.jpg 660w, https:\/\/sites.ipleiria.pt\/projetocp2s\/files\/2018\/03\/IMG_20180917_180911-1-169x220.jpg 169w\" sizes=\"auto, (max-width: 600px) 91vw, (max-width: 900px) 600px, (max-width: 1060px) 50vw, (max-width: 1200px) 520px, (max-width: 1400px) 43vw, 600px\" \/><figcaption id=\"caption-attachment-1768\" class=\"wp-caption-text\">&#8211; Gazeta das Caldas n\u00ba 5221, Sexta-Feira 13 Abril de 2018, pag.28<\/figcaption><\/figure>\n<p>&nbsp;<\/p>\n","protected":false},"excerpt":{"rendered":"<p>Gazeta das Caldas &#8220;A antiga f\u00e1brica da Bordallo Pinheiro, que foi adquirida pela C\u00e2mara em 2009, vai em breve albergar iniciativas relacionadas com um centro de investiga\u00e7\u00e3o de cer\u00e2mica da ESAD. Uma parceria que visa dinamizar aquelas instala\u00e7\u00f5es durante dois anos, enquanto a C\u00e2mara n\u00e3o tem um projecto pr\u00f3prio para o local.&nbsp; A C\u00e2mara das [&hellip;]<\/p>\n","protected":false},"author":4286,"featured_media":0,"comment_status":"open","ping_status":"open","sticky":false,"template":"","format":"standard","meta":{"footnotes":""},"categories":[111873,9],"tags":[],"class_list":["post-1761","post","type-post","status-publish","format-standard","hentry","category-exposicao-12-conversas-em-torno-de-12-projectos-em-ceramica","category-noticias","entry-image--landscape"],"_links":{"self":[{"href":"https:\/\/sites.ipleiria.pt\/projetocp2s\/wp-json\/wp\/v2\/posts\/1761","targetHints":{"allow":["GET"]}}],"collection":[{"href":"https:\/\/sites.ipleiria.pt\/projetocp2s\/wp-json\/wp\/v2\/posts"}],"about":[{"href":"https:\/\/sites.ipleiria.pt\/projetocp2s\/wp-json\/wp\/v2\/types\/post"}],"author":[{"embeddable":true,"href":"https:\/\/sites.ipleiria.pt\/projetocp2s\/wp-json\/wp\/v2\/users\/4286"}],"replies":[{"embeddable":true,"href":"https:\/\/sites.ipleiria.pt\/projetocp2s\/wp-json\/wp\/v2\/comments?post=1761"}],"version-history":[{"count":5,"href":"https:\/\/sites.ipleiria.pt\/projetocp2s\/wp-json\/wp\/v2\/posts\/1761\/revisions"}],"predecessor-version":[{"id":1777,"href":"https:\/\/sites.ipleiria.pt\/projetocp2s\/wp-json\/wp\/v2\/posts\/1761\/revisions\/1777"}],"wp:attachment":[{"href":"https:\/\/sites.ipleiria.pt\/projetocp2s\/wp-json\/wp\/v2\/media?parent=1761"}],"wp:term":[{"taxonomy":"category","embeddable":true,"href":"https:\/\/sites.ipleiria.pt\/projetocp2s\/wp-json\/wp\/v2\/categories?post=1761"},{"taxonomy":"post_tag","embeddable":true,"href":"https:\/\/sites.ipleiria.pt\/projetocp2s\/wp-json\/wp\/v2\/tags?post=1761"}],"curies":[{"name":"wp","href":"https:\/\/api.w.org\/{rel}","templated":true}]}}