{"id":1771,"date":"2018-03-01T10:00:48","date_gmt":"2018-03-01T10:00:48","guid":{"rendered":"http:\/\/sites.ipleiria.pt\/projetocp2s\/?p=1771"},"modified":"2019-01-25T16:01:26","modified_gmt":"2019-01-25T16:01:26","slug":"esad-cr2018-exposicao-12-conversas-em-torno-de-12-projetos-em-ceramica","status":"publish","type":"post","link":"https:\/\/sites.ipleiria.pt\/projetocp2s\/2018\/03\/01\/esad-cr2018-exposicao-12-conversas-em-torno-de-12-projetos-em-ceramica\/","title":{"rendered":"ESAD.CR:2018 EXPOSI\u00c7\u00c3O \u201c12 CONVERSAS EM TORNO DE 12 PROJETOS EM CER\u00c2MICA\u201d"},"content":{"rendered":"<blockquote><p><span style=\"font-size: 14pt\">ESAD.CR EVENTS<\/span><\/p><\/blockquote>\n<p style=\"text-align: justify\">&#8220;A Escola Superior de Artes e Design de Caldas da Rainha do Instituto Polit\u00e9cnico de Leiria tem a honra de convidar V.\u00aa Ex.\u00aa para a inaugura\u00e7\u00e3o da Exposi\u00e7\u00e3o \u201c12 conversas em torno de 12 projetos em cer\u00e2mica\u201d, no dia 2\/03\/18 pelas 17h30 no Espa\u00e7o da Concas do Centro de Artes das Caldas da Rainha.<\/p>\n<p style=\"text-align: justify\">Trata-se duma Exposi\u00e7\u00e3o\/Confer\u00eancia coletiva com 12 conversas em torno de 12 projetos em cer\u00e2mica desenvolvidos em cursos da&nbsp;<span class=\"skimlinks-unlinked\">ESAD.CR<\/span>, ou por designers formados nesta escola, visando a divulga\u00e7\u00e3o em geral dos respetivos trabalhos refor\u00e7ando a oferta cultural da cidade das Caldas da Rainha e da pr\u00f3pria regi\u00e3o.&#8221;<\/p>\n<p><strong><a href=\"https:\/\/eventosnaesadcr.wordpress.com\/2018\/02\/27\/esad-cr2018-exposicao-12-conversas-em-torno-de-12-projetos-em-ceramica\/\">(Consulte aqui a Not\u00edcia na integra)<\/a>,&nbsp;<a href=\"https:\/\/eventosnaesadcr.wordpress.com\/2018\/02\/27\/esad-cr2018-programa-de-conferencias-12-conversas-em-torno-de-12-projetos-em-ceramica\/\">(aqui)<\/a>&nbsp;e&nbsp;<a href=\"https:\/\/eventosnaesadcr.wordpress.com\/2018\/02\/27\/esad-cr2018-programa-de-conferencias-12-conversas-em-torno-de-12-projetos-em-ceramica\/\">(aqui)<\/a><\/strong><\/p>\n<p>&nbsp;<\/p>\n","protected":false},"excerpt":{"rendered":"<p>ESAD.CR EVENTS &#8220;A Escola Superior de Artes e Design de Caldas da Rainha do Instituto Polit\u00e9cnico de Leiria tem a honra de convidar V.\u00aa Ex.\u00aa para a inaugura\u00e7\u00e3o da Exposi\u00e7\u00e3o \u201c12 conversas em torno de 12 projetos em cer\u00e2mica\u201d, no dia 2\/03\/18 pelas 17h30 no Espa\u00e7o da Concas do Centro de Artes das Caldas da [&hellip;]<\/p>\n","protected":false},"author":4286,"featured_media":0,"comment_status":"open","ping_status":"open","sticky":false,"template":"","format":"standard","meta":{"footnotes":""},"categories":[111873,9],"tags":[],"class_list":["post-1771","post","type-post","status-publish","format-standard","hentry","category-exposicao-12-conversas-em-torno-de-12-projectos-em-ceramica","category-noticias","entry-image--landscape"],"_links":{"self":[{"href":"https:\/\/sites.ipleiria.pt\/projetocp2s\/wp-json\/wp\/v2\/posts\/1771","targetHints":{"allow":["GET"]}}],"collection":[{"href":"https:\/\/sites.ipleiria.pt\/projetocp2s\/wp-json\/wp\/v2\/posts"}],"about":[{"href":"https:\/\/sites.ipleiria.pt\/projetocp2s\/wp-json\/wp\/v2\/types\/post"}],"author":[{"embeddable":true,"href":"https:\/\/sites.ipleiria.pt\/projetocp2s\/wp-json\/wp\/v2\/users\/4286"}],"replies":[{"embeddable":true,"href":"https:\/\/sites.ipleiria.pt\/projetocp2s\/wp-json\/wp\/v2\/comments?post=1771"}],"version-history":[{"count":3,"href":"https:\/\/sites.ipleiria.pt\/projetocp2s\/wp-json\/wp\/v2\/posts\/1771\/revisions"}],"predecessor-version":[{"id":1776,"href":"https:\/\/sites.ipleiria.pt\/projetocp2s\/wp-json\/wp\/v2\/posts\/1771\/revisions\/1776"}],"wp:attachment":[{"href":"https:\/\/sites.ipleiria.pt\/projetocp2s\/wp-json\/wp\/v2\/media?parent=1771"}],"wp:term":[{"taxonomy":"category","embeddable":true,"href":"https:\/\/sites.ipleiria.pt\/projetocp2s\/wp-json\/wp\/v2\/categories?post=1771"},{"taxonomy":"post_tag","embeddable":true,"href":"https:\/\/sites.ipleiria.pt\/projetocp2s\/wp-json\/wp\/v2\/tags?post=1771"}],"curies":[{"name":"wp","href":"https:\/\/api.w.org\/{rel}","templated":true}]}}