{"id":1787,"date":"2018-05-15T11:26:23","date_gmt":"2018-05-15T11:26:23","guid":{"rendered":"http:\/\/sites.ipleiria.pt\/projetocp2s\/?p=1787"},"modified":"2019-01-25T15:56:05","modified_gmt":"2019-01-25T15:56:05","slug":"16-de-maio-dia-nacional-dos-cientistas-comemorado-em-leiria","status":"publish","type":"post","link":"https:\/\/sites.ipleiria.pt\/projetocp2s\/2018\/05\/15\/16-de-maio-dia-nacional-dos-cientistas-comemorado-em-leiria\/","title":{"rendered":"16 de Maio: Dia Nacional dos Cientistas comemorado em Leiria"},"content":{"rendered":"<blockquote><p><span style=\"font-size: 14pt\">Pavilh\u00e3o do Conhecimento &#8211; Centro Ci\u00eancia Viva<\/span><\/p><\/blockquote>\n<h2 style=\"text-align: justify\"><span style=\"font-size: 12pt\">Confer\u00eancia Caminhos do Conhecimento presidida por Marcelo Rebelo de Sousa<\/span><\/h2>\n<p style=\"text-align: justify\">&#8220;O&nbsp;<strong>Dia Nacional dos Cientistas<\/strong>&nbsp;\u00e9 assinalado esta quarta-feira,&nbsp;<strong>16 de Maio<\/strong>, com a confer\u00eancia Caminhos do Conhecimento \u2013 o legado de Jos\u00e9 Mariano Gago, que ter\u00e1 lugar no Teatro Jos\u00e9 L\u00facio, em Leiria. A iniciativa \u00e9 organizada pelo Minist\u00e9rio da Ci\u00eancia, Tecnologia e Ensino Superior com o apoio da Ci\u00eancia Viva e contar\u00e1 com a presen\u00e7a do Presidente da Rep\u00fablica, Marcelo Rebelo de Sousa.<\/p>\n<p>O Dia Nacional dos Cientistas foi institu\u00eddo em 2016, por resolu\u00e7\u00e3o da Assembleia da Rep\u00fablica, com o objectivo de celebrar e reconhecer a contribui\u00e7\u00e3o hist\u00f3rica, relevante e inovadora da comunidade cient\u00edfica para o avan\u00e7o do conhecimento e, desta forma, para o progresso e o bem-estar da sociedade. O dia 16 de Maio, data do nascimento de Jos\u00e9 Mariano Gago, foi escolhido para homenagear o seu legado.<\/p>\n<p>As confer\u00eancias Caminhos do Conhecimento, que t\u00eam lugar anualmente neste dia, pretendem apelar \u00e0 mobiliza\u00e7\u00e3o colectiva em torno de um futuro com mais conhecimento. O painel \u201cDi\u00e1logos Cruzados: o conhecimento para um futuro comum\u201d ter\u00e1 interven\u00e7\u00f5es do Ministro da Ci\u00eancia, Tecnologia e Ensino Superior, Manuel Heitor, e do Presidente da Comiss\u00e3o Parlamentar de Educa\u00e7\u00e3o e Ci\u00eancia, Alexandre Quintanilha.<\/p>\n<p>Nos pain\u00e9is \u201cA Ci\u00eancia e a Arte\u201d e \u201cA Ci\u00eancia e a Ind\u00fastria\u201d haver\u00e1 interven\u00e7\u00f5es de Pedro Salgado, Lu\u00eds Portela, Rui Horta, entre outros.<\/p>\n<p>No final do evento os participantes poder\u00e3o ainda visitar a exposi\u00e7\u00e3o \u201c12 conversas em torno de 12 projectos em Cer\u00e2mica\u201d, um certame colectivo da autoria de estudantes e designers diplomados na ESAD.CR\/IPLeiria integrado no projecto de investiga\u00e7\u00e3o CP2S (Cer\u00e2mica, Patrim\u00f3nio e Produto Sustent\u00e1vel \u2013 do Ensino \u00e0 Ind\u00fastria).<\/p>\n<p>Neste dia ser\u00e1 lan\u00e7ado o livro \u201cCaminhos do Conhecimento 2017\u201d, um registo das principais interven\u00e7\u00f5es da confer\u00eancia do ano passado.&#8221;<\/p>\n<p><strong><a href=\"https:\/\/www.pavconhecimento.pt\/4843\/16-de-maio-dia-nacional-dos-cientistas-comemorado-em-leiria\">(Consulte aqui a Not\u00edcia na integra)<\/a><\/strong><\/p>\n<p>&nbsp;<\/p>\n","protected":false},"excerpt":{"rendered":"<p>Pavilh\u00e3o do Conhecimento &#8211; Centro Ci\u00eancia Viva Confer\u00eancia Caminhos do Conhecimento presidida por Marcelo Rebelo de Sousa &#8220;O&nbsp;Dia Nacional dos Cientistas&nbsp;\u00e9 assinalado esta quarta-feira,&nbsp;16 de Maio, com a confer\u00eancia Caminhos do Conhecimento \u2013 o legado de Jos\u00e9 Mariano Gago, que ter\u00e1 lugar no Teatro Jos\u00e9 L\u00facio, em Leiria. A iniciativa \u00e9 organizada pelo Minist\u00e9rio da [&hellip;]<\/p>\n","protected":false},"author":4286,"featured_media":0,"comment_status":"open","ping_status":"open","sticky":false,"template":"","format":"standard","meta":{"footnotes":""},"categories":[111873,9],"tags":[],"class_list":["post-1787","post","type-post","status-publish","format-standard","hentry","category-exposicao-12-conversas-em-torno-de-12-projectos-em-ceramica","category-noticias","entry-image--landscape"],"_links":{"self":[{"href":"https:\/\/sites.ipleiria.pt\/projetocp2s\/wp-json\/wp\/v2\/posts\/1787","targetHints":{"allow":["GET"]}}],"collection":[{"href":"https:\/\/sites.ipleiria.pt\/projetocp2s\/wp-json\/wp\/v2\/posts"}],"about":[{"href":"https:\/\/sites.ipleiria.pt\/projetocp2s\/wp-json\/wp\/v2\/types\/post"}],"author":[{"embeddable":true,"href":"https:\/\/sites.ipleiria.pt\/projetocp2s\/wp-json\/wp\/v2\/users\/4286"}],"replies":[{"embeddable":true,"href":"https:\/\/sites.ipleiria.pt\/projetocp2s\/wp-json\/wp\/v2\/comments?post=1787"}],"version-history":[{"count":2,"href":"https:\/\/sites.ipleiria.pt\/projetocp2s\/wp-json\/wp\/v2\/posts\/1787\/revisions"}],"predecessor-version":[{"id":1790,"href":"https:\/\/sites.ipleiria.pt\/projetocp2s\/wp-json\/wp\/v2\/posts\/1787\/revisions\/1790"}],"wp:attachment":[{"href":"https:\/\/sites.ipleiria.pt\/projetocp2s\/wp-json\/wp\/v2\/media?parent=1787"}],"wp:term":[{"taxonomy":"category","embeddable":true,"href":"https:\/\/sites.ipleiria.pt\/projetocp2s\/wp-json\/wp\/v2\/categories?post=1787"},{"taxonomy":"post_tag","embeddable":true,"href":"https:\/\/sites.ipleiria.pt\/projetocp2s\/wp-json\/wp\/v2\/tags?post=1787"}],"curies":[{"name":"wp","href":"https:\/\/api.w.org\/{rel}","templated":true}]}}