{"id":1798,"date":"2018-05-15T14:35:13","date_gmt":"2018-05-15T14:35:13","guid":{"rendered":"http:\/\/sites.ipleiria.pt\/projetocp2s\/?p=1798"},"modified":"2019-01-25T15:55:38","modified_gmt":"2019-01-25T15:55:38","slug":"designers-formados-na-esad-cr-expoem-em-leiria","status":"publish","type":"post","link":"https:\/\/sites.ipleiria.pt\/projetocp2s\/2018\/05\/15\/designers-formados-na-esad-cr-expoem-em-leiria\/","title":{"rendered":"Designers formados na ESAD.CR exp\u00f5em em Leiria"},"content":{"rendered":"<blockquote><p><span style=\"font-size: 14pt\">Jornal das Caldas<\/span><\/p><\/blockquote>\n<p class=\"detalhe-noticias-resume fontSizer\" style=\"text-align: justify\">&#8220;No \u00e2mbito do projecto de investiga\u00e7\u00e3o CP2S &#8211; Cer\u00e2mica, Patrim\u00f3nio e Produto sustent\u00e1vel &#8211; do Ensino \u00e0 Ind\u00fastria, o Laborat\u00f3rio de Investiga\u00e7\u00e3o em Design e Arte e a Escola Superior de Artes e Design de Caldas da Rainha (ESAD.CR) inauguraram a 16 de maio a exposi\u00e7\u00e3o &#8220;12 conversas em torno de 12 projetos em cer\u00e2mica&#8221; no Teatro Jos\u00e9 L\u00facio da Silva, em Leiria, no \u00e2mbito da comemora\u00e7\u00e3o do Dia Nacional do Cientista &#8211; Caminhos do Conhecimento.<\/p>\n<div class=\"detalhe-noticia-body fontSizer\" style=\"text-align: justify\">A exposi\u00e7\u00e3o, anteriormente apresentada no Espa\u00e7o Concas, no Centro de Artes das Caldas da Rainha, foca-se em doze projetos em cer\u00e2mica desenvolvidos por designers formados na ESAD.CR.&#8221;<\/div>\n<div>&nbsp;<\/div>\n<p><strong><a href=\"https:\/\/jornaldascaldas.com\/JournalNews\/Journalnewsdetail.aspx?news=2f506caa-c95f-42cc-96bb-400a30f1e8f4&amp;q=cp2s\">(Consulte aqui a Not\u00edcia na integra)<\/a><\/strong><\/p>\n<p>&nbsp;<\/p>\n<p><img loading=\"lazy\" decoding=\"async\" class=\" wp-image-1800\" src=\"http:\/\/sites.ipleiria.pt\/projetocp2s\/files\/2018\/09\/IMG_20180917_181044-300x297.jpg\" alt=\"\" width=\"709\" height=\"702\" srcset=\"https:\/\/sites.ipleiria.pt\/projetocp2s\/files\/2018\/09\/IMG_20180917_181044-300x297.jpg 300w, https:\/\/sites.ipleiria.pt\/projetocp2s\/files\/2018\/09\/IMG_20180917_181044-150x150.jpg 150w, https:\/\/sites.ipleiria.pt\/projetocp2s\/files\/2018\/09\/IMG_20180917_181044-768x760.jpg 768w, https:\/\/sites.ipleiria.pt\/projetocp2s\/files\/2018\/09\/IMG_20180917_181044-1024x1013.jpg 1024w, https:\/\/sites.ipleiria.pt\/projetocp2s\/files\/2018\/09\/IMG_20180917_181044-10x10.jpg 10w, https:\/\/sites.ipleiria.pt\/projetocp2s\/files\/2018\/09\/IMG_20180917_181044-432x427.jpg 432w, https:\/\/sites.ipleiria.pt\/projetocp2s\/files\/2018\/09\/IMG_20180917_181044-396x392.jpg 396w, https:\/\/sites.ipleiria.pt\/projetocp2s\/files\/2018\/09\/IMG_20180917_181044-1120x1108.jpg 1120w, https:\/\/sites.ipleiria.pt\/projetocp2s\/files\/2018\/09\/IMG_20180917_181044-660x653.jpg 660w, https:\/\/sites.ipleiria.pt\/projetocp2s\/files\/2018\/09\/IMG_20180917_181044-222x220.jpg 222w\" sizes=\"auto, (max-width: 600px) 91vw, (max-width: 900px) 600px, (max-width: 1060px) 50vw, (max-width: 1200px) 520px, (max-width: 1400px) 43vw, 600px\" \/><\/p>\n<p style=\"text-align: center\">&#8211; Jornal das Caldas n\u00ba1358, 16 de Maio de 2018, CALDAS\/CULTURA, pag.16<\/p>\n<p>&nbsp;<\/p>\n","protected":false},"excerpt":{"rendered":"<p>Jornal das Caldas &#8220;No \u00e2mbito do projecto de investiga\u00e7\u00e3o CP2S &#8211; Cer\u00e2mica, Patrim\u00f3nio e Produto sustent\u00e1vel &#8211; do Ensino \u00e0 Ind\u00fastria, o Laborat\u00f3rio de Investiga\u00e7\u00e3o em Design e Arte e a Escola Superior de Artes e Design de Caldas da Rainha (ESAD.CR) inauguraram a 16 de maio a exposi\u00e7\u00e3o &#8220;12 conversas em torno de 12 [&hellip;]<\/p>\n","protected":false},"author":4286,"featured_media":0,"comment_status":"open","ping_status":"open","sticky":false,"template":"","format":"standard","meta":{"footnotes":""},"categories":[111873,9],"tags":[],"class_list":["post-1798","post","type-post","status-publish","format-standard","hentry","category-exposicao-12-conversas-em-torno-de-12-projectos-em-ceramica","category-noticias","entry-image--landscape"],"_links":{"self":[{"href":"https:\/\/sites.ipleiria.pt\/projetocp2s\/wp-json\/wp\/v2\/posts\/1798","targetHints":{"allow":["GET"]}}],"collection":[{"href":"https:\/\/sites.ipleiria.pt\/projetocp2s\/wp-json\/wp\/v2\/posts"}],"about":[{"href":"https:\/\/sites.ipleiria.pt\/projetocp2s\/wp-json\/wp\/v2\/types\/post"}],"author":[{"embeddable":true,"href":"https:\/\/sites.ipleiria.pt\/projetocp2s\/wp-json\/wp\/v2\/users\/4286"}],"replies":[{"embeddable":true,"href":"https:\/\/sites.ipleiria.pt\/projetocp2s\/wp-json\/wp\/v2\/comments?post=1798"}],"version-history":[{"count":5,"href":"https:\/\/sites.ipleiria.pt\/projetocp2s\/wp-json\/wp\/v2\/posts\/1798\/revisions"}],"predecessor-version":[{"id":1804,"href":"https:\/\/sites.ipleiria.pt\/projetocp2s\/wp-json\/wp\/v2\/posts\/1798\/revisions\/1804"}],"wp:attachment":[{"href":"https:\/\/sites.ipleiria.pt\/projetocp2s\/wp-json\/wp\/v2\/media?parent=1798"}],"wp:term":[{"taxonomy":"category","embeddable":true,"href":"https:\/\/sites.ipleiria.pt\/projetocp2s\/wp-json\/wp\/v2\/categories?post=1798"},{"taxonomy":"post_tag","embeddable":true,"href":"https:\/\/sites.ipleiria.pt\/projetocp2s\/wp-json\/wp\/v2\/tags?post=1798"}],"curies":[{"name":"wp","href":"https:\/\/api.w.org\/{rel}","templated":true}]}}