{"id":1805,"date":"2018-05-31T16:03:39","date_gmt":"2018-05-31T16:03:39","guid":{"rendered":"http:\/\/sites.ipleiria.pt\/projetocp2s\/?p=1805"},"modified":"2019-01-25T15:55:03","modified_gmt":"2019-01-25T15:55:03","slug":"exposicao-produtos-ceramicos-industriais-sustentaveis-em-portugal","status":"publish","type":"post","link":"https:\/\/sites.ipleiria.pt\/projetocp2s\/2018\/05\/31\/exposicao-produtos-ceramicos-industriais-sustentaveis-em-portugal\/","title":{"rendered":"Exposi\u00e7\u00e3o &#8220;Produtos Cer\u00e2micos Industriais Sustent\u00e1veis em Portugal&#8221;"},"content":{"rendered":"<blockquote><p><span style=\"font-size: 14pt\">Jornal das Caldas<\/span><\/p><\/blockquote>\n<p class=\"detalhe-noticias-resume fontSizer\" style=\"text-align: justify\">&#8220;A Escola Superior de Artes e Design de Caldas da Rainha inaugura a exposi\u00e7\u00e3o &#8220;Produtos Cer\u00e2micos Industriais Sustent\u00e1veis em Portugal&#8221;, no dia 1 de junho, pelas 17h30, na Sala Farinha, no Silos &#8211; Contentor Criativo, nas Caldas da Rainha.<\/p>\n<p class=\"detalhe-noticia-body fontSizer\" style=\"text-align: justify\">Trata-se de uma exposi\u00e7\u00e3o que apresenta uma amostra de produtos cer\u00e2micos sustent\u00e1veis e inovadores produzidos por distintas empresas portuguesas integradas em diversos subsetores industriais cer\u00e2micos: utilit\u00e1rio \/ decorativa , pavimento \/ revestimento, estrutural e sanit\u00e1rios.&nbsp;<br \/>\nOs produtos expostos s\u00e3o uma amostra de uma cole\u00e7\u00e3o deste tipo de produtos cer\u00e2micos em fase de elabora\u00e7\u00e3o que se iniciou em actividades pedag\u00f3gicas da unidade curricular de design e desenvolvimento sustent\u00e1vel do Curso de Design de Produto de Cer\u00e2mica e Vidro da Escola Superior de Artes e Design de Caldas da Rainha.<br \/>\nPretende-se com esta exposi\u00e7\u00e3o dar a conhecer ao p\u00fablico em geral exemplos de produtos industriais cer\u00e2micos sustent\u00e1veis e inovadores criados e produzidos por empresas nacionais e inspirar os alunos de design a proporem novos produtos nestes dom\u00ednios industriais no \u00e2mbito do projeto CP2S &#8211; Cer\u00e2mica, Patrim\u00f3nio e Produto Sustent\u00e1vel &#8211; do ensino \u00e0 ind\u00fastria.&#8221;<\/p>\n<p><strong><a href=\"https:\/\/jornaldascaldas.com\/JournalNews\/Journalnewsdetail.aspx?news=6f532861-fbf8-4132-8f45-0b5a65c68ad7&amp;q=cp2s\">(Consulte aqui a Not\u00edcia na integra)<\/a><\/strong><\/p>\n<p>&nbsp;<\/p>\n<figure id=\"attachment_1806\" aria-describedby=\"caption-attachment-1806\" style=\"width: 621px\" class=\"wp-caption aligncenter\"><img loading=\"lazy\" decoding=\"async\" class=\" wp-image-1806\" src=\"http:\/\/sites.ipleiria.pt\/projetocp2s\/files\/2018\/09\/IMG_20180918_164939-300x215.jpg\" alt=\"\" width=\"621\" height=\"445\" srcset=\"https:\/\/sites.ipleiria.pt\/projetocp2s\/files\/2018\/09\/IMG_20180918_164939-300x215.jpg 300w, https:\/\/sites.ipleiria.pt\/projetocp2s\/files\/2018\/09\/IMG_20180918_164939-768x550.jpg 768w, https:\/\/sites.ipleiria.pt\/projetocp2s\/files\/2018\/09\/IMG_20180918_164939-1024x733.jpg 1024w, https:\/\/sites.ipleiria.pt\/projetocp2s\/files\/2018\/09\/IMG_20180918_164939-10x7.jpg 10w, https:\/\/sites.ipleiria.pt\/projetocp2s\/files\/2018\/09\/IMG_20180918_164939-432x309.jpg 432w, https:\/\/sites.ipleiria.pt\/projetocp2s\/files\/2018\/09\/IMG_20180918_164939-396x284.jpg 396w, https:\/\/sites.ipleiria.pt\/projetocp2s\/files\/2018\/09\/IMG_20180918_164939-1120x802.jpg 1120w, https:\/\/sites.ipleiria.pt\/projetocp2s\/files\/2018\/09\/IMG_20180918_164939-660x473.jpg 660w, https:\/\/sites.ipleiria.pt\/projetocp2s\/files\/2018\/09\/IMG_20180918_164939-307x220.jpg 307w\" sizes=\"auto, (max-width: 600px) 91vw, (max-width: 900px) 600px, (max-width: 1060px) 50vw, (max-width: 1200px) 520px, (max-width: 1400px) 43vw, 600px\" \/><figcaption id=\"caption-attachment-1806\" class=\"wp-caption-text\">&#8211;&nbsp;Jornal das Caldas n\u00ba 1360, 30 de Maio de 2018, CALDAS\/CULTURA, pag.12<\/figcaption><\/figure>\n<p>&nbsp;<\/p>\n","protected":false},"excerpt":{"rendered":"<p>Jornal das Caldas &#8220;A Escola Superior de Artes e Design de Caldas da Rainha inaugura a exposi\u00e7\u00e3o &#8220;Produtos Cer\u00e2micos Industriais Sustent\u00e1veis em Portugal&#8221;, no dia 1 de junho, pelas 17h30, na Sala Farinha, no Silos &#8211; Contentor Criativo, nas Caldas da Rainha. Trata-se de uma exposi\u00e7\u00e3o que apresenta uma amostra de produtos cer\u00e2micos sustent\u00e1veis e [&hellip;]<\/p>\n","protected":false},"author":4286,"featured_media":0,"comment_status":"open","ping_status":"open","sticky":false,"template":"","format":"standard","meta":{"footnotes":""},"categories":[111874,9],"tags":[],"class_list":["post-1805","post","type-post","status-publish","format-standard","hentry","category-exposicao-produtos-ceramicos-industriais-sustentaveis-em-portugal","category-noticias","entry-image--landscape"],"_links":{"self":[{"href":"https:\/\/sites.ipleiria.pt\/projetocp2s\/wp-json\/wp\/v2\/posts\/1805","targetHints":{"allow":["GET"]}}],"collection":[{"href":"https:\/\/sites.ipleiria.pt\/projetocp2s\/wp-json\/wp\/v2\/posts"}],"about":[{"href":"https:\/\/sites.ipleiria.pt\/projetocp2s\/wp-json\/wp\/v2\/types\/post"}],"author":[{"embeddable":true,"href":"https:\/\/sites.ipleiria.pt\/projetocp2s\/wp-json\/wp\/v2\/users\/4286"}],"replies":[{"embeddable":true,"href":"https:\/\/sites.ipleiria.pt\/projetocp2s\/wp-json\/wp\/v2\/comments?post=1805"}],"version-history":[{"count":4,"href":"https:\/\/sites.ipleiria.pt\/projetocp2s\/wp-json\/wp\/v2\/posts\/1805\/revisions"}],"predecessor-version":[{"id":1810,"href":"https:\/\/sites.ipleiria.pt\/projetocp2s\/wp-json\/wp\/v2\/posts\/1805\/revisions\/1810"}],"wp:attachment":[{"href":"https:\/\/sites.ipleiria.pt\/projetocp2s\/wp-json\/wp\/v2\/media?parent=1805"}],"wp:term":[{"taxonomy":"category","embeddable":true,"href":"https:\/\/sites.ipleiria.pt\/projetocp2s\/wp-json\/wp\/v2\/categories?post=1805"},{"taxonomy":"post_tag","embeddable":true,"href":"https:\/\/sites.ipleiria.pt\/projetocp2s\/wp-json\/wp\/v2\/tags?post=1805"}],"curies":[{"name":"wp","href":"https:\/\/api.w.org\/{rel}","templated":true}]}}