{"id":1870,"date":"2018-05-31T14:55:43","date_gmt":"2018-05-31T14:55:43","guid":{"rendered":"http:\/\/sites.ipleiria.pt\/projetocp2s\/?p=1870"},"modified":"2019-01-25T15:55:17","modified_gmt":"2019-01-25T15:55:17","slug":"leiria-patente-no-silos-contentor-criativo-ate-29-de-junho","status":"publish","type":"post","link":"https:\/\/sites.ipleiria.pt\/projetocp2s\/2018\/05\/31\/leiria-patente-no-silos-contentor-criativo-ate-29-de-junho\/","title":{"rendered":"Leiria \u2013 Patente no Silos Contentor Criativo at\u00e9 29 de Junho"},"content":{"rendered":"<blockquote><p><span style=\"font-size: 14pt\">97fm R\u00e1dio Clube pombal<\/span><\/p><\/blockquote>\n<div style=\"text-align: justify\">&#8220;Polit\u00e9cnico apresenta mostra \u201cProdutos Cer\u00e2micos Industriais Sustent\u00e1veis\u201d<\/div>\n<p style=\"text-align: justify\">\nPombal 97 fm \/ Exposi\u00e7\u00e3o \u2013 Uma mostra subordinada ao tema \u201cProdutos Cer\u00e2micos Industriais Sustent\u00e1veis\u201d vai estar patente ao p\u00fablico at\u00e9 29 de Junho, numa organiza\u00e7\u00e3o da Escola Superior de Artes e Design do Instituto Polit\u00e9cnico de Leiria (IPL) e do seu Laborat\u00f3rio de Investiga\u00e7\u00e3o de Design e Artes.<br \/>\nPatente no Silos Contentor Criativo, nas Caldas da Rainha, a exposi\u00e7\u00e3o procura mostrar \u201cbons exemplos de produtos da ind\u00fastria para o ensino, dando conta do estado da arte dos produtos industriais sustent\u00e1veis e inovadores do sector da cer\u00e2mica em Portugal\u201d, realizando-se no \u00e2mbito do projecto de investiga\u00e7\u00e3o \u201cCer\u00e2mica, Patrim\u00f3nio e Produto Sustent\u00e1vel &#8211; do Ensino \u00e0 Ind\u00fastria\u201d.<br \/>\nNa mostra encontram-se presentes produtos cer\u00e2micos sustent\u00e1veis, produzidos por diversas empresas nacionais, que, para tal, ofereceram ou disponibilizaram v\u00e1rias pe\u00e7as cer\u00e2micas. \u201cA mostra decorre da actividade iniciada no \u00e2mbito da unidade curricular de Design e Desenvolvimento Sustent\u00e1vel da licenciatura de Design de Produto de Cer\u00e2mica e Vidro\u201d da referida escola, visando a constitui\u00e7\u00e3o de uma colec\u00e7\u00e3o, ainda em elabora\u00e7\u00e3o, de produtos cer\u00e2micos industriais sustent\u00e1veis, \u201cprocurando trazer bons exemplos de produtos da ind\u00fastria para o ensino, e que agora \u00e9 exposta ao p\u00fablico\u201d, refere o IPL.<br \/>\nTrata-se de uma forma de divulgar \u201cuma amostra do estado da arte dos produtos industriais sustent\u00e1veis e inovadores da ind\u00fastria cer\u00e2mica portuguesa, e que percorre a generalidade dos sub-sectores do sector, nomeadamente o utilit\u00e1rio\/decorativo, pavimento\/revestimento, estrutural e sanit\u00e1rios, com exemplos de v\u00e1rios produtos em barro vermelho, faian\u00e7a, gr\u00e9s e porcelanas\u201d, explica a organiza\u00e7\u00e3o.<br \/>\nO projecto de investiga\u00e7\u00e3o do IPL \u201cCer\u00e2mica, Patrim\u00f3nio e Produto Sustent\u00e1vel &#8211; do Ensino \u00e0 Ind\u00fastria\u201d, \u00e9 apoiado pelo FEDER &#8211; Fundo Europeu de Desenvolvimento Regional, no \u00e2mbito do Programa Portugal 2020 &#8211; Programa Operacional Regional do Centro.&#8221;<\/p>\n<p><strong><a href=\"http:\/\/pombal97.com\/index.php?lang=pt&amp;post=6980\">(Consulte aqui a Not\u00edcia na integra)<\/a><\/strong><\/p>\n<p>&nbsp;<\/p>\n","protected":false},"excerpt":{"rendered":"<p>97fm R\u00e1dio Clube pombal &#8220;Polit\u00e9cnico apresenta mostra \u201cProdutos Cer\u00e2micos Industriais Sustent\u00e1veis\u201d Pombal 97 fm \/ Exposi\u00e7\u00e3o \u2013 Uma mostra subordinada ao tema \u201cProdutos Cer\u00e2micos Industriais Sustent\u00e1veis\u201d vai estar patente ao p\u00fablico at\u00e9 29 de Junho, numa organiza\u00e7\u00e3o da Escola Superior de Artes e Design do Instituto Polit\u00e9cnico de Leiria (IPL) e do seu Laborat\u00f3rio de [&hellip;]<\/p>\n","protected":false},"author":4286,"featured_media":0,"comment_status":"open","ping_status":"open","sticky":false,"template":"","format":"standard","meta":{"footnotes":""},"categories":[111874,9],"tags":[],"class_list":["post-1870","post","type-post","status-publish","format-standard","hentry","category-exposicao-produtos-ceramicos-industriais-sustentaveis-em-portugal","category-noticias","entry-image--landscape"],"_links":{"self":[{"href":"https:\/\/sites.ipleiria.pt\/projetocp2s\/wp-json\/wp\/v2\/posts\/1870","targetHints":{"allow":["GET"]}}],"collection":[{"href":"https:\/\/sites.ipleiria.pt\/projetocp2s\/wp-json\/wp\/v2\/posts"}],"about":[{"href":"https:\/\/sites.ipleiria.pt\/projetocp2s\/wp-json\/wp\/v2\/types\/post"}],"author":[{"embeddable":true,"href":"https:\/\/sites.ipleiria.pt\/projetocp2s\/wp-json\/wp\/v2\/users\/4286"}],"replies":[{"embeddable":true,"href":"https:\/\/sites.ipleiria.pt\/projetocp2s\/wp-json\/wp\/v2\/comments?post=1870"}],"version-history":[{"count":1,"href":"https:\/\/sites.ipleiria.pt\/projetocp2s\/wp-json\/wp\/v2\/posts\/1870\/revisions"}],"predecessor-version":[{"id":1871,"href":"https:\/\/sites.ipleiria.pt\/projetocp2s\/wp-json\/wp\/v2\/posts\/1870\/revisions\/1871"}],"wp:attachment":[{"href":"https:\/\/sites.ipleiria.pt\/projetocp2s\/wp-json\/wp\/v2\/media?parent=1870"}],"wp:term":[{"taxonomy":"category","embeddable":true,"href":"https:\/\/sites.ipleiria.pt\/projetocp2s\/wp-json\/wp\/v2\/categories?post=1870"},{"taxonomy":"post_tag","embeddable":true,"href":"https:\/\/sites.ipleiria.pt\/projetocp2s\/wp-json\/wp\/v2\/tags?post=1870"}],"curies":[{"name":"wp","href":"https:\/\/api.w.org\/{rel}","templated":true}]}}