{"id":1900,"date":"2018-06-06T16:09:00","date_gmt":"2018-06-06T16:09:00","guid":{"rendered":"http:\/\/sites.ipleiria.pt\/projetocp2s\/?p=1900"},"modified":"2019-01-25T15:53:49","modified_gmt":"2019-01-25T15:53:49","slug":"encontra-se-patente-no-museu-barata-feyo-uma-exposicao-dinamizada-por-alunos-da-esad-cr","status":"publish","type":"post","link":"https:\/\/sites.ipleiria.pt\/projetocp2s\/2018\/06\/06\/encontra-se-patente-no-museu-barata-feyo-uma-exposicao-dinamizada-por-alunos-da-esad-cr\/","title":{"rendered":"Encontra-se patente no Museu Barata Feyo uma exposi\u00e7\u00e3o dinamizada por alunos da ESAD.CR"},"content":{"rendered":"<blockquote><p><span style=\"font-size: 14pt\">Jornal das Caldas<\/span><\/p><\/blockquote>\n<p style=\"text-align: justify\">&#8220;Foi inaugurada no Museu Barata Feyo, no Centro de Artes das Caldas da Rainha, na passada quinta-feira, a exposi\u00e7\u00e3o \u201cProduto Pr\u00f3prio \u2013 Colabora\u00e7\u00e3o entre artistas pl\u00e1sticos e a ind\u00fastria cer\u00e2mica da Secla\u201d concebida e organizada pelo 1\u00ba ano da Licenciatura em Programa\u00e7\u00e3o e Produ\u00e7\u00e3o Cultural da Escola Superior de Artes e Design das Caldas da Rainha (ESAD.CR), no \u00e2mbito da unidade curricular Oficina de Media\u00e7\u00e3o Cultural II.<\/p>\n<p style=\"text-align: justify\">Entre 1959 e 1964 era comum a Secla acolher jovens em est\u00e1gio de aprendizagem ap\u00f3s os seus cursos art\u00edsticos e das motiva\u00e7\u00f5es distintas que impulsionavam os trabalhos destes artistas resultavam pe\u00e7as \u00fanicas, suscet\u00edveis de serem editadas em pequena s\u00e9rie. A esta pr\u00e1tica corrente na Secla deu-se o nome de est\u00fadio, ou seja, um laborat\u00f3rio criativo.&nbsp;<br \/>\nA exposi\u00e7\u00e3o tem como objetivo dar conhecimento ao p\u00fablico dos resultados da investiga\u00e7\u00e3o do professor Jo\u00e3o Serra. A iniciativa permitiu aos alunos da ESAD.CR \u201cperceberem como as coisas se fazem, atrav\u00e9s da disciplina de Oficina de Media\u00e7\u00e3o e Exposi\u00e7\u00e3o\u201d, referiu a professora L\u00edgia Afonso, coordenadora pedag\u00f3gica deste projeto,&nbsp;<br \/>\nJos\u00e9 Antunes, diretor do Centro de Artes, durante a cerim\u00f3nia de abertura, afirmou a \u201cgrande satisfa\u00e7\u00e3o ver o desenvolvimento desta exposi\u00e7\u00e3o, e as articula\u00e7\u00f5es entre o Centro de Artes e a ESAD.CR, j\u00e1 muito frequentes\u201d. \u201c\u00c9 muito bom que aconte\u00e7am porque d\u00e3o frutos e isso expressa-se nas exposi\u00e7\u00f5es e eventos que vamos organizando e criando em comum\u201d, manifestou.<br \/>\nMaria da Concei\u00e7\u00e3o, vereadora da Cultura da C\u00e2mara Municipal das Caldas da Rainha, tamb\u00e9m presente na cerim\u00f3nia, destacou igualmente a liga\u00e7\u00e3o do Centro de Artes e a ESAD.CR. \u201cTodos sabemos que muito dificilmente a Secla voltar\u00e1 a laborar e num momento em que outros projetos se perspetivam para aquele espa\u00e7o, estamos a trabalhar para que na Secla 1 algo marque a sua mem\u00f3ria e a import\u00e2ncia que foi aquele espa\u00e7o\u201d, explicou.<br \/>\nAp\u00f3s a cerim\u00f3nia de abertura da exposi\u00e7\u00e3o, seguiu-se um concerto dos \u201cVon Calhau!\u201d.&#8221;<\/p>\n<p><strong><a href=\"https:\/\/jornaldascaldas.com\/Encontrase_patente_no_Museu_Barata_Feyo_uma_exposicao_dinamizada_por_alunos_da_ESADCR\">(Consulte aqui a Not\u00edcia na integra)<\/a><\/strong><\/p>\n<p>&nbsp;<\/p>\n<p><img loading=\"lazy\" decoding=\"async\" class=\" wp-image-1898\" src=\"http:\/\/sites.ipleiria.pt\/projetocp2s\/files\/2018\/06\/IMG_20180918_165519-300x282.jpg\" alt=\"\" width=\"694\" height=\"652\" srcset=\"https:\/\/sites.ipleiria.pt\/projetocp2s\/files\/2018\/06\/IMG_20180918_165519-300x282.jpg 300w, https:\/\/sites.ipleiria.pt\/projetocp2s\/files\/2018\/06\/IMG_20180918_165519-768x722.jpg 768w, https:\/\/sites.ipleiria.pt\/projetocp2s\/files\/2018\/06\/IMG_20180918_165519-1024x963.jpg 1024w, https:\/\/sites.ipleiria.pt\/projetocp2s\/files\/2018\/06\/IMG_20180918_165519-10x10.jpg 10w, https:\/\/sites.ipleiria.pt\/projetocp2s\/files\/2018\/06\/IMG_20180918_165519-432x406.jpg 432w, https:\/\/sites.ipleiria.pt\/projetocp2s\/files\/2018\/06\/IMG_20180918_165519-396x372.jpg 396w, https:\/\/sites.ipleiria.pt\/projetocp2s\/files\/2018\/06\/IMG_20180918_165519-1120x1054.jpg 1120w, https:\/\/sites.ipleiria.pt\/projetocp2s\/files\/2018\/06\/IMG_20180918_165519-660x621.jpg 660w, https:\/\/sites.ipleiria.pt\/projetocp2s\/files\/2018\/06\/IMG_20180918_165519-234x220.jpg 234w\" sizes=\"auto, (max-width: 600px) 91vw, (max-width: 900px) 600px, (max-width: 1060px) 50vw, (max-width: 1200px) 520px, (max-width: 1400px) 43vw, 600px\" \/><\/p>\n<p>&#8211;&nbsp;Jornal das Caldas n\u00ba 1362, 13 de Junho de 2018, CALDAS\/CULTURA, pag.10<\/p>\n","protected":false},"excerpt":{"rendered":"<p>Jornal das Caldas &#8220;Foi inaugurada no Museu Barata Feyo, no Centro de Artes das Caldas da Rainha, na passada quinta-feira, a exposi\u00e7\u00e3o \u201cProduto Pr\u00f3prio \u2013 Colabora\u00e7\u00e3o entre artistas pl\u00e1sticos e a ind\u00fastria cer\u00e2mica da Secla\u201d concebida e organizada pelo 1\u00ba ano da Licenciatura em Programa\u00e7\u00e3o e Produ\u00e7\u00e3o Cultural da Escola Superior de Artes e Design [&hellip;]<\/p>\n","protected":false},"author":4286,"featured_media":0,"comment_status":"open","ping_status":"open","sticky":false,"template":"","format":"standard","meta":{"footnotes":""},"categories":[111875,9],"tags":[],"class_list":["post-1900","post","type-post","status-publish","format-standard","hentry","category-exposicao-produto-proprio","category-noticias","entry-image--landscape"],"_links":{"self":[{"href":"https:\/\/sites.ipleiria.pt\/projetocp2s\/wp-json\/wp\/v2\/posts\/1900","targetHints":{"allow":["GET"]}}],"collection":[{"href":"https:\/\/sites.ipleiria.pt\/projetocp2s\/wp-json\/wp\/v2\/posts"}],"about":[{"href":"https:\/\/sites.ipleiria.pt\/projetocp2s\/wp-json\/wp\/v2\/types\/post"}],"author":[{"embeddable":true,"href":"https:\/\/sites.ipleiria.pt\/projetocp2s\/wp-json\/wp\/v2\/users\/4286"}],"replies":[{"embeddable":true,"href":"https:\/\/sites.ipleiria.pt\/projetocp2s\/wp-json\/wp\/v2\/comments?post=1900"}],"version-history":[{"count":3,"href":"https:\/\/sites.ipleiria.pt\/projetocp2s\/wp-json\/wp\/v2\/posts\/1900\/revisions"}],"predecessor-version":[{"id":1903,"href":"https:\/\/sites.ipleiria.pt\/projetocp2s\/wp-json\/wp\/v2\/posts\/1900\/revisions\/1903"}],"wp:attachment":[{"href":"https:\/\/sites.ipleiria.pt\/projetocp2s\/wp-json\/wp\/v2\/media?parent=1900"}],"wp:term":[{"taxonomy":"category","embeddable":true,"href":"https:\/\/sites.ipleiria.pt\/projetocp2s\/wp-json\/wp\/v2\/categories?post=1900"},{"taxonomy":"post_tag","embeddable":true,"href":"https:\/\/sites.ipleiria.pt\/projetocp2s\/wp-json\/wp\/v2\/tags?post=1900"}],"curies":[{"name":"wp","href":"https:\/\/api.w.org\/{rel}","templated":true}]}}