{"id":2195,"date":"2018-10-12T16:39:14","date_gmt":"2018-10-12T16:39:14","guid":{"rendered":"http:\/\/sites.ipleiria.pt\/projetocp2s\/?p=2195"},"modified":"2019-01-25T15:50:29","modified_gmt":"2019-01-25T15:50:29","slug":"caldas-da-rainha-a-cidade-ceramica-depois-da-crise","status":"publish","type":"post","link":"https:\/\/sites.ipleiria.pt\/projetocp2s\/2018\/10\/12\/caldas-da-rainha-a-cidade-ceramica-depois-da-crise\/","title":{"rendered":"Caldas da Rainha: a cidade cer\u00e2mica depois da crise"},"content":{"rendered":"<blockquote><p><span style=\"font-size: 14pt\">J &#8211; A, Jornal Arquitectos<\/span><\/p><\/blockquote>\n<p>&nbsp;<\/p>\n<p style=\"text-align: right\"><span style=\"font-size: 10pt\">Por<strong>&nbsp;Jo\u00e3o B. Serra<br \/>\n<\/strong>Professor Coordenador (IPL), Comiss\u00e1rio&nbsp;<em>Molda<\/em>, Investigador<sup>&nbsp;1<\/sup><\/span><\/p>\n<p style=\"text-align: justify\"><span style=\"font-size: 14pt\"><strong>Crise de um centro produtor antigo <\/strong><\/span><\/p>\n<div style=\"text-align: justify\">Em 2008, ap\u00f3s um per\u00edodo de estertor, a SECLA foi encerrada. Fundada em 1945, fora a maior f\u00e1brica de cer\u00e2mica de sempre das Caldas da Rainha, inovadora nos produtos e nos processos, exportadora para a Europa e Am\u00e9rica. No ano seguinte, seria a vez da Bordalo Pinheiro amea\u00e7ar o fecho. Neste caso, tratava-se de uma empresa centen\u00e1ria, registada em 1908 pela vi\u00fava e filho de Rafael Bordalo Pinheiro, que dominara um nicho de mercado de produtos cer\u00e2micos marcados pela exuber\u00e2ncia decorativa de inspira\u00e7\u00e3o naturalista. Houve toque a rebate na cidade e no pa\u00eds. Estava em risco de desaparecimento um dos mais antigos centros cer\u00e2micos nacionais.<\/div>\n<div style=\"text-align: justify\">Trinta anos antes, o panorama da actividade cer\u00e2mica nas Caldas da Rainha era bem diferente. Vivia-se um momento de euforia, ali\u00e1s extensivo \u00e0s regi\u00f5es do Oeste e Vale do Vouga, estimulado pela ades\u00e3o de Portugal \u00e0 Comunidade Econ\u00f3mica Europeia. Nas Caldas da Rainha, cerca de 20 unidades industriais, de maior ou menor dimens\u00e3o, tinham vindo juntar-se \u00e0s duas anteriores. O dinamismo deste sector repercutiu-se tamb\u00e9m na cria\u00e7\u00e3o de novas organiza\u00e7\u00f5es, no plano institucional, econ\u00f3mico e cultural e educativo.<\/div>\n<div style=\"text-align: justify\">Os sinais da crise, associada \u00e0 mundializa\u00e7\u00e3o da economia, \u00e0 altera\u00e7\u00e3o dos mercados e dos fluxos, repercutiu-se pesadamente sobre as empresas de cer\u00e2mica caldenses. A princ\u00edpio, houve quem julgasse tratar-se de mudan\u00e7a de ciclo e tentasse meios para resistir \u00e0 quebra de procura. Mas depressa se percebeu que se estava diante duma altera\u00e7\u00e3o estrutural. Hoje, nas Caldas da Rainha, h\u00e1 duas f\u00e1bricas em labora\u00e7\u00e3o: a Bordalo Pinheiro e a Molde.<\/div>\n<p style=\"text-align: justify\">&nbsp;<\/p>\n<p style=\"text-align: justify\"><span style=\"font-size: 14pt\"><strong>Sobreviver \u00e0 crise<\/strong><\/span><\/p>\n<div style=\"text-align: justify\">A crise foi avassaladora. Poucos a tinham antecipado. A C\u00e2mara Municipal das Caldas da Rainha reagiu, quando a situa\u00e7\u00e3o se agudizou e havia que tentar evitar que as \u00faltimas unidades fechassem portas. Efectuou aquisi\u00e7\u00f5es de moldes e pe\u00e7as \u00e0 Bordalo Pinheiro e \u00e0 Molde, prestando-lhes desta forma aux\u00edlio financeiro indirecto. \u00c0 Bordalo Pinheiro adquiriu tamb\u00e9m patrim\u00f3nio edificado. Tratava-se das antigas instala\u00e7\u00f5es fabris e comerciais e da \u00e1rea social (bar e cantina dos trabalhadores), localizadas na \u00e1rea hist\u00f3rica da cidade. Esta parte do complexo mais antigo da unidade fabril j\u00e1 tinha sido desactivada, com desloca\u00e7\u00e3o da produ\u00e7\u00e3o para a zona industrial das Caldas da Rainha \u2013 a administra\u00e7\u00e3o da Bordalo Pinheiro projectara, entretanto, uma reconvers\u00e3o do seu edificado antigo num complexo hoteleiro, projecto que n\u00e3o obteve ent\u00e3o o benepl\u00e1cito aut\u00e1rquico.<\/div>\n<div style=\"text-align: justify\">A actua\u00e7\u00e3o da C\u00e2mara aliviou momentaneamente a press\u00e3o sobre estas duas empresas, mas n\u00e3o foi decisiva para lhes garantir a continuidade. O seu principal resultado foi o enriquecimento das colec\u00e7\u00f5es municipais, refor\u00e7ado, ali\u00e1s, atrav\u00e9s da compra \u00e0 SECLA de um importante acervo de pe\u00e7as e moldes.<\/div>\n<div style=\"text-align: justify\">A Bordalo Pinheiro viria a ser alvo de uma interven\u00e7\u00e3o, estimulada pelo Governo e pela banca, por parte de um grande grupo empresarial, a Visabeira, que lhe redefiniu o modelo de neg\u00f3cio, e a Molde, no seu processo de adapta\u00e7\u00e3o, cedeu o lugar dominante \u00e0 terracota e ao gr\u00e9s, em desfavor da faian\u00e7a.<\/div>\n<p style=\"text-align: justify\">&nbsp;<\/p>\n<p style=\"text-align: justify\"><span style=\"font-size: 14pt\"><strong>Novas respostas<\/strong><\/span><\/p>\n<div style=\"text-align: justify\">Em 2006, a C\u00e2mara criara um pequeno corpo de programa\u00e7\u00e3o, com o objectivo de lan\u00e7ar um festival centrado na cer\u00e2mica. Com duas edi\u00e7\u00f5es, em 2007 e 2008, ambas lideradas por muse\u00f3logos, o projecto foi suspenso e retomado em 2014-2015, com outros protagonistas, desenho institucional, ambi\u00e7\u00e3o e um horizonte de ac\u00e7\u00e3o program\u00e1tico e garantia or\u00e7amental de cinco anos. Foi ent\u00e3o designado&nbsp;<em>Caldas da Rainha Cidade Cer\u00e2mica<\/em>. No plano comunicacional tomou o nome de&nbsp;<em>Molda<\/em>.<\/div>\n<div style=\"text-align: justify\">O programa tem como objectivo principal fazer do conhecimento sobre o lugar da cer\u00e2mica nas Caldas da Rainha e concelhos lim\u00edtrofes um recurso para a valoriza\u00e7\u00e3o do territ\u00f3rio. Assenta numa rede, articulando os n\u00f3s dispon\u00edveis, consolidando o seu funcionamento numa base de partilha de meios e de objectivos.<\/div>\n<div style=\"text-align: justify\">O patrim\u00f3nio hist\u00f3rico acumulado<sup>2<\/sup>&nbsp;\u00e9 um dos pilares desta rede. Mas \u00e9 chamado a articular-se com outros pilares e n\u00e3o se cinge ao patrim\u00f3nio consagrado pela museologia. Integra saberes e modelos de transmiss\u00e3o, tecnologias, edificado.<\/div>\n<div style=\"text-align: justify\">O outro pilar \u00e9 a cria\u00e7\u00e3o cer\u00e2mica, seja ela de cariz art\u00edstico, sustentada numa produ\u00e7\u00e3o autoral, seja ela resultante das inova\u00e7\u00f5es tecnol\u00f3gicas e de design.<\/div>\n<div style=\"text-align: justify\">O invent\u00e1rio das oficinas de autor espalhadas pelo concelho das Caldas permitiu localizar a exist\u00eancia de cerca de cinco dezenas de oficinas de produ\u00e7\u00e3o de cer\u00e2mica de autor. Na sua maioria, s\u00e3o criadores para os quais a venda das pe\u00e7as que produzem constitui a principal fonte de rendimento. O inqu\u00e9rito administrado revelou que tamb\u00e9m na sua maioria fizeram aprendizagem oficinal no Centro de Forma\u00e7\u00e3o Profissional para a Ind\u00fastria Cer\u00e2mica (CENCAL) e estudos superiores em escolas art\u00edsticas, como a Escola de Belas Artes e o Ar.Co de Lisboa, e, principalmente, a Escola Superior de Artes e Design (ESAD) das Caldas da Rainha.<\/div>\n<div style=\"text-align: justify\">Trata-se de um novo sector de actividade cer\u00e2mica, que excede, em amplitude e sistema de refer\u00eancias, a pequena estrutura de artesanato outrora vinculada \u00e0 produ\u00e7\u00e3o de pe\u00e7as para venda no mercado di\u00e1rio da cidade ou em lojas de artigos regionais.<\/div>\n<div style=\"text-align: justify\">O terceiro pilar \u00e9 corporizado pela investiga\u00e7\u00e3o nas diversas \u00e1reas disciplinares convocadas pelas institui\u00e7\u00f5es parceiras: a hist\u00f3ria e as ci\u00eancias sociais, as ci\u00eancias dos materiais e a cer\u00e2mica, a gest\u00e3o cultural e a museologia, o urbanismo.<\/div>\n<div style=\"text-align: justify\">A ESAD\/Instituto Polit\u00e9cnico de Leiria (IPL) viu aprovado pela Funda\u00e7\u00e3o para a Ci\u00eancia e Tecnologia um projecto de investiga\u00e7\u00e3o que abarca muitas destas vertentes. Intitula-se&nbsp;<em>Cer\u00e2mica, Patrim\u00f3nio e Produto Sustent\u00e1vel \u2013 do ensino \u00e0 ind\u00fastria<sup>3<\/sup><\/em>.<\/div>\n<div style=\"text-align: justify\">O objectivo do projecto centra-se, primeiramente, em reunir e dar consist\u00eancia \u00e0 informa\u00e7\u00e3o dispon\u00edvel, mas dispersa, que potencie solu\u00e7\u00f5es sustent\u00e1veis no sector da ind\u00fastria cer\u00e2mica; e, em seguida, consolidando e disseminando esse conhecimento, em promover inova\u00e7\u00e3o, criando instrumentos para o apoio ao ensino, investiga\u00e7\u00e3o e desenvolvimento de produtos cer\u00e2micos sustent\u00e1veis.<\/div>\n<div style=\"text-align: justify\">Neste passo, o projecto articular-se-\u00e1, quer com o design cer\u00e2mico, quer com a constitui\u00e7\u00e3o de novos instrumentos formativos de cariz pedag\u00f3gico ou cultural<sup>4<\/sup>.<\/div>\n<div style=\"text-align: justify\">Na segunda fase do projecto de investiga\u00e7\u00e3o, os novos instrumentos \u2013 sejam eles orientados para o projecto de design cer\u00e2mico ou para a forma\u00e7\u00e3o pedag\u00f3gica e cultural \u2013 ser\u00e3o usados e testados por alunos em unidades curriculares de projecto e outras afins. Eles dever\u00e3o dar origem a propostas de produtos industriais cer\u00e2micos sustent\u00e1veis.<\/div>\n<div style=\"text-align: justify\">Finalmente, as novas propostas de produtos cer\u00e2micos sustent\u00e1veis ser\u00e3o comunicadas \u00e0 ind\u00fastria cer\u00e2mica na forma de desenho de projecto ou prot\u00f3tipos, com o intuito de concorrer para a competitividade e internacionaliza\u00e7\u00e3o da ind\u00fastria nacional. Admite-se que, nalguns casos, a simplicidade dos produtos favore\u00e7a situa\u00e7\u00f5es de auto-emprego dos seus autores, no quadro das pol\u00edticas de apoios que existam para este efeito.<\/div>\n<div style=\"text-align: justify\">O projecto ter\u00e1 efeitos na valoriza\u00e7\u00e3o do territ\u00f3rio, a partir de recursos end\u00f3genos. A ind\u00fastria cer\u00e2mica e o desenvolvimento de m\u00faltiplas actividades em torno desta produ\u00e7\u00e3o assumem-se como uma oportunidade de explora\u00e7\u00e3o futura para o desenvolvimento sustent\u00e1vel da regi\u00e3o, a par de outras iniciativas de inova\u00e7\u00e3o territorial, como sejam, al\u00e9m das referidas novas oportunidades de empregabilidade e auto-emprego no \u00e2mbito deste projecto, a promo\u00e7\u00e3o da cidade de Caldas da Rainha e sua regi\u00e3o como uma cidade inteligente e sustent\u00e1vel.<\/div>\n<div style=\"text-align: justify\">O projecto dotar\u00e1 a cidade de novos recursos: colec\u00e7\u00f5es de produtos (que preencher\u00e3o lacunas museol\u00f3gicas), conte\u00fados pedag\u00f3gicos e culturais (que permitir\u00e3o novas formas de ensino\/aprendizagem e de ac\u00e7\u00e3o cultural) modelos inovadores de ensino\/aprendizagem fundamentalmente experimentais (que complementar\u00e3o a oferta formativa existente), exposi\u00e7\u00f5es tempor\u00e1rias e permanente (que refor\u00e7ar\u00e3o a dissemina\u00e7\u00e3o do conhecimento), um centro de documenta\u00e7\u00e3o relativo \u00e0 hist\u00f3ria do processo cer\u00e2mico (dando sequ\u00eancia e coer\u00eancia \u00e0 informa\u00e7\u00e3o fragment\u00e1ria sobre o tema),&nbsp;<em>workshops<\/em>, confer\u00eancias, etc.<\/div>\n<div style=\"text-align: justify\">Enfim, a Unesco aprovou recentemente a atribui\u00e7\u00e3o \u00e0 ESAD\/IPL de uma c\u00e1tedra Unesco com a designa\u00e7\u00e3o&nbsp;<em>Gest\u00e3o das Artes e da Cultura \u2013 Cidades e Criatividade<\/em>, que permitir\u00e1 alocar \u00e0 investiga\u00e7\u00e3o meios igualmente qualificados.<\/div>\n<div style=\"text-align: justify\">Em suma, o programa&nbsp;<em>Caldas da Rainha Cidade Cer\u00e2mica<\/em>&nbsp;dirige-se fundamentalmente ao fortalecimento de uma rede de conhecimento e cria\u00e7\u00e3o.<\/div>\n<p style=\"text-align: justify\">&nbsp;<\/p>\n<p style=\"text-align: justify\"><span style=\"font-size: 14pt\"><strong>Parceiros. Internacionaliza\u00e7\u00e3o<\/strong><\/span><\/p>\n<div style=\"text-align: justify\">As primeiras parcerias foram celebradas com escolas, empresas, associa\u00e7\u00f5es empresariais, sociedades cient\u00edficas e de criativos, museus<sup>5<\/sup>.<\/div>\n<div style=\"text-align: justify\">Duas modalidades de participa\u00e7\u00e3o est\u00e3o ao alcance dos parceiros: a execu\u00e7\u00e3o de parte do programa (neste caso, a entidade responsabiliza-se pela realiza\u00e7\u00e3o de algumas ac\u00e7\u00f5es, no quadro das suas compet\u00eancias, protocolando as contrapartidas); e a apresenta\u00e7\u00e3o de uma proposta de ac\u00e7\u00e3o candidata a apoio por parte do programa (neste caso, a programa\u00e7\u00e3o \u00e9 da exclusiva responsabilidade do proponente, que, reconhecida a sua pertin\u00eancia pela estrutura de coordena\u00e7\u00e3o, a v\u00ea inserida no programa geral e apoiada financeiramente).<\/div>\n<div style=\"text-align: justify\">O programa privilegiou duas frentes de trabalho quanto \u00e0 internacionaliza\u00e7\u00e3o. Uma, a constitui\u00e7\u00e3o de uma Associa\u00e7\u00e3o Portuguesa de Cidades e Vilas com Cer\u00e2mica cuja escritura p\u00fablica ocorreu a 17 de Abril deste ano<sup>6<\/sup>. A outra, a prepara\u00e7\u00e3o e apresenta\u00e7\u00e3o de uma candidatura das Caldas da Rainha a&nbsp;<em>Cidade Criativa da Unesco<\/em>, a qual dever\u00e1 ter lugar em 2019.<\/div>\n<div style=\"text-align: justify\">O t\u00edtulo de cidade criativa pressup\u00f5e que a cidade articule tr\u00eas condi\u00e7\u00f5es fundamentais: um patrim\u00f3nio hist\u00f3rico s\u00f3lido e relevante na \u00e1rea em apre\u00e7o, condi\u00e7\u00f5es operativas para a continuidade das pr\u00e1ticas criativas e uma estrutura de gest\u00e3o e promo\u00e7\u00e3o experiente. Ambas as redes internacionais s\u00e3o relevantes para a cidade e para a cer\u00e2mica. Se a rede das cidades com cer\u00e2mica permite refor\u00e7ar a escala europeia, a rede Unesco permite refor\u00e7ar a rela\u00e7\u00e3o com outras geografias, nomeadamente \u00c1frica e Am\u00e9rica Latina.<\/div>\n<div style=\"text-align: justify\">A c\u00e1tedra Unesco, j\u00e1 referida, refor\u00e7a este caminho.<\/div>\n<p style=\"text-align: justify\">&nbsp;<\/p>\n<p style=\"text-align: justify\"><span style=\"font-size: 14pt\"><strong>Impactes nos equipamentos urbanos e no urbanismo<\/strong><\/span><\/p>\n<div style=\"text-align: justify\">Rastreemos agora os efeitos previs\u00edveis deste programa no dispositivo urban\u00edstico, tanto na realoca\u00e7\u00e3o e redistribui\u00e7\u00e3o de novos equipamentos, como na defini\u00e7\u00e3o de novos eixos urban\u00edsticos.<\/div>\n<div style=\"text-align: justify\">Um desses impactes ser\u00e1 deduzido do programa museol\u00f3gico que est\u00e1 a ser elaborado para acolher as diversas colec\u00e7\u00f5es p\u00fablicas e privadas de que a cidade disp\u00f5e<sup>7<\/sup>.<\/div>\n<div style=\"text-align: justify\">Mas a mais surpreendente colec\u00e7\u00e3o de cer\u00e2mica \u00e9 a que pode ser observada no espa\u00e7o p\u00fablico urbano e nos edif\u00edcios qualificados da cidade, que vai desde revestimentos azulejares a interven\u00e7\u00f5es art\u00edsticas de grande significado e, por vezes, de consider\u00e1vel dimens\u00e3o.<\/div>\n<div style=\"text-align: justify\">O reordenamento museogr\u00e1fico obrigar\u00e1 a uma reorganiza\u00e7\u00e3o institucional, constru\u00e7\u00e3o de novos espa\u00e7os de exposi\u00e7\u00e3o, que nalguns casos poder\u00e3o resultar da convers\u00e3o de antigos espa\u00e7os industriais. E, sobretudo, a um novo conceito de museu de cer\u00e2mica, para envolver todas as val\u00eancias acima indiciadas.<\/div>\n<div style=\"text-align: justify\">O apoio \u00e0s plataformas criativas, designadamente \u00e0 actividade dos criadores independentes ser\u00e1 conduzido atrav\u00e9s das seguintes medidas: a constru\u00e7\u00e3o e equipamento de oficinas a que estes autores possam aceder; a contratualiza\u00e7\u00e3o com as entidades aut\u00e1rquicas (c\u00e2maras e juntas de Freguesia das Caldas e concelhos lim\u00edtrofes) de uma rede de resid\u00eancias para ceramistas convidados; o est\u00edmulo a iniciativas empresariais (lojas\/galerias) de venda de pe\u00e7as de autor; o est\u00edmulo ao surgimento de uma plataforma digital que se ocupe do cat\u00e1logo e distribui\u00e7\u00e3o destas produ\u00e7\u00f5es; a realiza\u00e7\u00e3o anual de uma exposi\u00e7\u00e3o curatorial de design cer\u00e2mico nas montras da cidade; a realiza\u00e7\u00e3o anual de uma exposi\u00e7\u00e3o organizada em modelo&nbsp;<em>concept store<\/em>&nbsp;aberta aos autores sediados no concelho; o lan\u00e7amento de um roteiro digital das oficinas<sup>8<\/sup>.<\/div>\n<div style=\"text-align: justify\">Por outro lado, o programa&nbsp;<em>Caldas da Rainha Cidade Cer\u00e2mica<\/em>&nbsp;constituiu em 2016 o princ\u00edpio de uma nova colec\u00e7\u00e3o, exclusivamente formada por design cer\u00e2mico internacional<sup>9<\/sup>.<\/div>\n<div style=\"text-align: justify\">Acrescente-se que o&nbsp;<em>Projecto Cer\u00e2mico. Patrim\u00f3nio e Produto Sustent\u00e1vel<\/em>&nbsp;tamb\u00e9m tem reflexos nas colec\u00e7\u00f5es, uma vez que o seu plano de trabalhos implica a apresenta\u00e7\u00e3o peri\u00f3dica dos resultados das investiga\u00e7\u00f5es.<\/div>\n<div style=\"text-align: justify\">A C\u00e2mara Municipal das Caldas da Rainha cedeu, por isso, ao projecto parte das antigas instala\u00e7\u00f5es fabris da F\u00e1brica Bordalo Pinheiro adquiridas em 2009.<\/div>\n<div style=\"text-align: justify\">O edif\u00edcio situa-se num eixo estrat\u00e9gico que vai da Escola de Artes e Design at\u00e9 ao centro hist\u00f3rico da cidade. Praticamente cont\u00edguo ao Museu da F\u00e1brica<sup>10<\/sup>, situa-se nas imedia\u00e7\u00f5es dos museus nacionais de Jos\u00e9 Malhoa e de Cer\u00e2mica e do complexo museol\u00f3gico municipal Centro de Artes. Nele se encontram tamb\u00e9m os antigos Pavilh\u00f5es do Parque, um edifico ic\u00f3nico do final do s\u00e9culo XIX que ser\u00e1 reconvertido numa unidade hoteleira tem\u00e1tica que ter\u00e1 a cer\u00e2mica caldense como elemento inspirador<sup>11<\/sup>.<\/div>\n<p style=\"text-align: justify\">Este eixo definir\u00e1 provavelmente um corredor criativo da cidade. N\u00e3o \u00e9 um suced\u00e2neo empobrecido do passado industrial, mas uma nova oportunidade para a cria\u00e7\u00e3o cer\u00e2mica contempor\u00e2nea.&nbsp;<\/p>\n<p>&nbsp;<\/p>\n<hr>\n<p><span style=\"font-size: 10pt\"><sup>1&nbsp;<\/sup>Projecto CP2S&nbsp;<em>Cer\u00e2mica, Patrim\u00f3nio e Produto Sustent\u00e1vel \u2013 do ensino \u00e0 ind\u00fastria<\/em>&nbsp;(CENTRO-01-0145-FEDER-23517). Professor titular da C\u00e1tedra Unesco Gest\u00e3o das Artes e da Cultura, Cidades e Criatividade, do Instituto Polit\u00e9cnico de Leiria (IPL).<\/span><\/p>\n<p><span style=\"font-size: 10pt\"><sup>2<\/sup>&nbsp;A produ\u00e7\u00e3o cer\u00e2mica abarcou praticamente todas as tipologias produtivas, desde o barro vermelho \u00e0 faian\u00e7a e \u00e0 porcelana, e percorreu todas as escalas de especifica\u00e7\u00f5es, desde o utilit\u00e1rio ao decorativo e art\u00edstico. Deu azo a modelos de forma\u00e7\u00e3o adaptados, desde a antiga transmiss\u00e3o de mestres a aprendizes, regulado pelo poder municipal, ao ensino oper\u00e1rio disseminado na d\u00e9cada de 80 do s\u00e9culo XIX, e \u00e0 institucionaliza\u00e7\u00e3o do ensino profissional e do ensino superior polit\u00e9cnico um s\u00e9culo mais tarde.<\/span><\/p>\n<p><span style=\"font-size: 10pt\"><sup>3<\/sup>&nbsp;Al\u00e9m da ESAD, est\u00e3o envolvidos neste projecto o Centro de Investiga\u00e7\u00e3o em Gest\u00e3o para a Sustentabilidade da Escola Superior de Tecnologia e Gest\u00e3o do IPL, o Curso de Conserva\u00e7\u00e3o e Restauro do Instituto Polit\u00e9cnico de Tomar e o CENCAL.<\/span><\/p>\n<p><span style=\"font-size: 10pt\"><sup>4<\/sup>&nbsp;&nbsp;A t\u00edtulo de exemplo: constitui\u00e7\u00e3o de colec\u00e7\u00f5es de m\u00e1quinas das diferentes fases da ind\u00fastria cer\u00e2mica, de moldes, e um invent\u00e1rio de pr\u00e1ticas, f\u00f3rmulas e resultados de an\u00e1lise de pastas utilizadas, devidamente classificadas.<\/span><\/p>\n<p><span style=\"font-size: 10pt\"><sup>5<\/sup>&nbsp;A AptCC tem a sua sede nas Caldas da Rainha, e possibilitar\u00e1 que Portugal tenha assento no Agrupamento Europeu de Cidades Cer\u00e2micas (AeuCC).<\/span><\/p>\n<p><span style=\"font-size: 10pt\"><sup>6<\/sup>&nbsp;A ESAD, a Escola Secund\u00e1ria Rafael Bordalo Pinheiro, o CENCAL, a Associa\u00e7\u00e3o Empresarial dos Concelhos das Caldas da Rainha e \u00d3bidos, o Museu de Jos\u00e9 Malhoa e o Museu de Cer\u00e2mica, a Uni\u00e3o de Freguesias de Nossa Senhora do P\u00f3pulo, as empresas Molde Faian\u00e7as e Faian\u00e7as Art\u00edsticas Bordalo Pinheiro, a sociedade cient\u00edfica Patrim\u00f3nio Hist\u00f3rico \u2013 Grupo de Estudos, as Ligas dos Amigos dos Museus, duas associa\u00e7\u00e3o de criativos, a Destino Caldas (Silos \u2013 Contentor Criativo) e a Caldas Design Week, e as duas entidades que, no \u00e2mbito da ac\u00e7\u00e3o cultural municipal, gerem os museus de escultura municipal e o centro cultural, o Centro de Artes e o Centro Cultural e de Congressos.<\/span><\/p>\n<p><span style=\"font-size: 10pt\"><sup>7&nbsp;<\/sup>&nbsp;A primeira colec\u00e7\u00e3o p\u00fablica de cer\u00e2mica caldense foi formada no Museu de Jos\u00e9 Malhoa (fundado em 1933), mostrada em 1963 e finalmente integrada em museu pr\u00f3prio, o Museu de Cer\u00e2mica, em 1982. H\u00e1 diversas institui\u00e7\u00f5es detentoras de colec\u00e7\u00f5es museol\u00f3gicas, como a C\u00e2mara Municipal, ou a F\u00e1brica Bordalo Pinheiro. Existem igualmente colec\u00e7\u00f5es particulares de lou\u00e7a caldense, uma delas de grande projec\u00e7\u00e3o.<\/span><\/p>\n<p><span style=\"font-size: 10pt\"><sup>8<\/sup>&nbsp;Ainda neste \u00e2mbito da valoriza\u00e7\u00e3o da cer\u00e2mica de autor, o programa prepara um concurso para aquisi\u00e7\u00e3o anual de cinco pe\u00e7as por parte da C\u00e2mara Municipal para as suas ofertas de prest\u00edgio, podendo cada uma das pe\u00e7as seleccionadas ter uma edi\u00e7\u00e3o m\u00e1xima de 10 exemplares.<\/span><\/p>\n<p><span style=\"font-size: 10pt\"><sup>9<\/sup>&nbsp;Com curadoria do designer e professor Fernando Br\u00edzio, teve uma primeira exposi\u00e7\u00e3o em 2016. A gest\u00e3o da colec\u00e7\u00e3o prev\u00ea novas aquisi\u00e7\u00f5es, itiner\u00e2ncias e um programa de estudos avan\u00e7ados em torno das suas pe\u00e7as, autores e tend\u00eancias.<\/span><\/p>\n<p><span style=\"font-size: 10pt\"><sup>10<\/sup>&nbsp;O complexo museu\/loja\/<em>outlet<\/em>&nbsp;da F\u00e1brica de Faian\u00e7as tamb\u00e9m dever\u00e1 ser a breve trecho alvo de interven\u00e7\u00e3o requalificadora por parte da gest\u00e3o da Visabeira.<\/span><\/p>\n<p><span style=\"font-size: 10pt\"><sup>11<\/sup> O projecto de nova unidade hoteleira \u2013 Montebelo\/Bordalo Pinheiro \u2013, em fase de aprova\u00e7\u00e3o, dever\u00e1 entrar em obra at\u00e9 ao final do corrente ano.<\/span><\/p>\n<p>&nbsp;<\/p>\n<p><strong><a href=\"http:\/\/www.jornalarquitectos.pt\/pt\/jornal\/epicentros-pos-industriais\/caldas-da-rainha-a-cidade-ceramica-depois-da-crise\">(Consulte aqui o artigo na integra)<\/a><\/strong><\/p>\n<p>&nbsp;<\/p>\n","protected":false},"excerpt":{"rendered":"<p>J &#8211; A, Jornal Arquitectos &nbsp; Por&nbsp;Jo\u00e3o B. Serra Professor Coordenador (IPL), Comiss\u00e1rio&nbsp;Molda, Investigador&nbsp;1 Crise de um centro produtor antigo Em 2008, ap\u00f3s um per\u00edodo de estertor, a SECLA foi encerrada. Fundada em 1945, fora a maior f\u00e1brica de cer\u00e2mica de sempre das Caldas da Rainha, inovadora nos produtos e nos processos, exportadora para a [&hellip;]<\/p>\n","protected":false},"author":4286,"featured_media":2196,"comment_status":"open","ping_status":"open","sticky":false,"template":"","format":"standard","meta":{"footnotes":""},"categories":[111878,110974],"tags":[],"class_list":["post-2195","post","type-post","status-publish","format-standard","has-post-thumbnail","hentry","category-artigos","category-centro-de-documentacao","entry-image--portrait"],"_links":{"self":[{"href":"https:\/\/sites.ipleiria.pt\/projetocp2s\/wp-json\/wp\/v2\/posts\/2195","targetHints":{"allow":["GET"]}}],"collection":[{"href":"https:\/\/sites.ipleiria.pt\/projetocp2s\/wp-json\/wp\/v2\/posts"}],"about":[{"href":"https:\/\/sites.ipleiria.pt\/projetocp2s\/wp-json\/wp\/v2\/types\/post"}],"author":[{"embeddable":true,"href":"https:\/\/sites.ipleiria.pt\/projetocp2s\/wp-json\/wp\/v2\/users\/4286"}],"replies":[{"embeddable":true,"href":"https:\/\/sites.ipleiria.pt\/projetocp2s\/wp-json\/wp\/v2\/comments?post=2195"}],"version-history":[{"count":4,"href":"https:\/\/sites.ipleiria.pt\/projetocp2s\/wp-json\/wp\/v2\/posts\/2195\/revisions"}],"predecessor-version":[{"id":3386,"href":"https:\/\/sites.ipleiria.pt\/projetocp2s\/wp-json\/wp\/v2\/posts\/2195\/revisions\/3386"}],"wp:featuredmedia":[{"embeddable":true,"href":"https:\/\/sites.ipleiria.pt\/projetocp2s\/wp-json\/wp\/v2\/media\/2196"}],"wp:attachment":[{"href":"https:\/\/sites.ipleiria.pt\/projetocp2s\/wp-json\/wp\/v2\/media?parent=2195"}],"wp:term":[{"taxonomy":"category","embeddable":true,"href":"https:\/\/sites.ipleiria.pt\/projetocp2s\/wp-json\/wp\/v2\/categories?post=2195"},{"taxonomy":"post_tag","embeddable":true,"href":"https:\/\/sites.ipleiria.pt\/projetocp2s\/wp-json\/wp\/v2\/tags?post=2195"}],"curies":[{"name":"wp","href":"https:\/\/api.w.org\/{rel}","templated":true}]}}