{"id":2243,"date":"2018-10-16T14:18:17","date_gmt":"2018-10-16T14:18:17","guid":{"rendered":"http:\/\/sites.ipleiria.pt\/projetocp2s\/?p=2243"},"modified":"2019-01-25T15:50:13","modified_gmt":"2019-01-25T15:50:13","slug":"conversa-sobre-a-exposicao-produto-proprio-colaboracoes-entre-artistas-plasticos-e-a-industria-ceramica-da-secla","status":"publish","type":"post","link":"https:\/\/sites.ipleiria.pt\/projetocp2s\/2018\/10\/16\/conversa-sobre-a-exposicao-produto-proprio-colaboracoes-entre-artistas-plasticos-e-a-industria-ceramica-da-secla\/","title":{"rendered":"CONVERSA sobre a Exposi\u00e7\u00e3o Produto Pr\u00f3prio &#8211; Colabora\u00e7\u00f5es entre artistas pl\u00e1sticos e a ind\u00fastria cer\u00e2mica da SECLA."},"content":{"rendered":"<blockquote><p><span style=\"font-size: 14pt\">Viral Agenda<\/span><\/p><\/blockquote>\n<p style=\"text-align: justify\">Exposi\u00e7\u00e3o &#8220;Produto Pr\u00f3prio&#8221; &#8211; Colabora\u00e7\u00f5es entre artistas pl\u00e1sticos e a ind\u00fastria cer\u00e2mica da SECLA<\/p>\n<p style=\"text-align: justify\">Exposi\u00e7\u00e3o aberta at\u00e9 dia 22 de Outubro de 2018.&nbsp;<\/p>\n<p style=\"text-align: justify\">&#8220;A presente exposi\u00e7\u00e3o incide sobre as colabora\u00e7\u00f5es entre artistas e a ind\u00fastria cer\u00e2mica ensaiadas nas d\u00e9cadas de 1950 e 1960 nas caldas da rainha. Os exemplos apresentados reportam-se \u00e0 SECLA, uma f\u00e1brica de faian\u00e7a que esteve activa entre 1945 e 2008. Escolheu-se uma amostra representativa, mas n\u00e3o exaustiva, dos autores envolvidos nessas colabora\u00e7\u00f5es e dos trabalhos delas resultantes.&#8221;<\/p>\n<p style=\"text-align: right\"><strong>Jo\u00e3o Serra&nbsp;<\/strong><\/p>\n<p>&nbsp;<\/p>\n<p style=\"text-align: justify\">CONVERSA com Ant\u00f3nio Cardoso, Jo\u00e3o Serra, Jos\u00e9 Aur\u00e9lio, Marta Lucas, Marta Pereira e Rita Gomes Ferr\u00e3o.<\/p>\n<p style=\"text-align: justify\">No \u00e2mbito desta exposi\u00e7\u00e3o promove-se no dia 16 de Outubro, um debate aceso com seis convidados, todos de alguma forma relacionados com o infind\u00e1vel mundo da cer\u00e2mica.<\/p>\n<p style=\"text-align: justify\">Programa sujeito a altera\u00e7\u00f5es, entrada livre.Evento organizado pela a turma do 2\u00baAno da licenciatura do curso Programa\u00e7\u00e3o e Produ\u00e7\u00e3o Cultural.<\/p>\n<p><strong><a href=\"https:\/\/www.viralagenda.com\/pt\/events\/647052\/conversa-sobre-a-exposicao-produto-proprio-colaboracoes-entre-artistas-plasticos-e-a-industria-ceramica-da-secla\">(Consulte aqui a Not\u00edcia na integra)<\/a><\/strong><\/p>\n<p>&nbsp;<\/p>\n<p>&nbsp;<\/p>\n<p>&nbsp;<\/p>\n","protected":false},"excerpt":{"rendered":"<p>Viral Agenda Exposi\u00e7\u00e3o &#8220;Produto Pr\u00f3prio&#8221; &#8211; Colabora\u00e7\u00f5es entre artistas pl\u00e1sticos e a ind\u00fastria cer\u00e2mica da SECLA Exposi\u00e7\u00e3o aberta at\u00e9 dia 22 de Outubro de 2018.&nbsp; &#8220;A presente exposi\u00e7\u00e3o incide sobre as colabora\u00e7\u00f5es entre artistas e a ind\u00fastria cer\u00e2mica ensaiadas nas d\u00e9cadas de 1950 e 1960 nas caldas da rainha. Os exemplos apresentados reportam-se \u00e0 SECLA, [&hellip;]<\/p>\n","protected":false},"author":4286,"featured_media":0,"comment_status":"open","ping_status":"open","sticky":false,"template":"","format":"standard","meta":{"footnotes":""},"categories":[111875,9],"tags":[],"class_list":["post-2243","post","type-post","status-publish","format-standard","hentry","category-exposicao-produto-proprio","category-noticias","entry-image--landscape"],"_links":{"self":[{"href":"https:\/\/sites.ipleiria.pt\/projetocp2s\/wp-json\/wp\/v2\/posts\/2243","targetHints":{"allow":["GET"]}}],"collection":[{"href":"https:\/\/sites.ipleiria.pt\/projetocp2s\/wp-json\/wp\/v2\/posts"}],"about":[{"href":"https:\/\/sites.ipleiria.pt\/projetocp2s\/wp-json\/wp\/v2\/types\/post"}],"author":[{"embeddable":true,"href":"https:\/\/sites.ipleiria.pt\/projetocp2s\/wp-json\/wp\/v2\/users\/4286"}],"replies":[{"embeddable":true,"href":"https:\/\/sites.ipleiria.pt\/projetocp2s\/wp-json\/wp\/v2\/comments?post=2243"}],"version-history":[{"count":1,"href":"https:\/\/sites.ipleiria.pt\/projetocp2s\/wp-json\/wp\/v2\/posts\/2243\/revisions"}],"predecessor-version":[{"id":2244,"href":"https:\/\/sites.ipleiria.pt\/projetocp2s\/wp-json\/wp\/v2\/posts\/2243\/revisions\/2244"}],"wp:attachment":[{"href":"https:\/\/sites.ipleiria.pt\/projetocp2s\/wp-json\/wp\/v2\/media?parent=2243"}],"wp:term":[{"taxonomy":"category","embeddable":true,"href":"https:\/\/sites.ipleiria.pt\/projetocp2s\/wp-json\/wp\/v2\/categories?post=2243"},{"taxonomy":"post_tag","embeddable":true,"href":"https:\/\/sites.ipleiria.pt\/projetocp2s\/wp-json\/wp\/v2\/tags?post=2243"}],"curies":[{"name":"wp","href":"https:\/\/api.w.org\/{rel}","templated":true}]}}