{"id":2245,"date":"2018-06-30T15:34:22","date_gmt":"2018-06-30T15:34:22","guid":{"rendered":"http:\/\/sites.ipleiria.pt\/projetocp2s\/?p=2245"},"modified":"2019-01-25T15:52:21","modified_gmt":"2019-01-25T15:52:21","slug":"coleccao-produtos-ceramicos-sustentaveis","status":"publish","type":"post","link":"https:\/\/sites.ipleiria.pt\/projetocp2s\/2018\/06\/30\/coleccao-produtos-ceramicos-sustentaveis\/","title":{"rendered":"Colec\u00e7\u00e3o Produtos Cer\u00e2micos Sustent\u00e1veis"},"content":{"rendered":"<blockquote><p><span style=\"font-size: 14pt\">Cataloga\u00e7\u00e3o da COLEC\u00c7\u00c3O Produtos Cer\u00e2micos Sustent\u00e1veis<\/span><\/p><\/blockquote>\n<p style=\"text-align: justify\">No seguimento da Exposi\u00e7\u00e3o &#8220;Produtos cer\u00e2micos Industriais Sustent\u00e1veis em portugal&#8221; que esteve patente na sala farinha, nos Silos &#8211; Contentor Criativo onde foram apresentados um conjunto de produtos industrias cer\u00e2micos, produzidos em portugal, que revelaram de algum modo aspectos que respondem a preocupa\u00e7\u00f5es no \u00e2mbito da sustentabilidade, esta exposi\u00e7\u00e3o deu inicio a uma colec\u00e7\u00e3o de produtos cer\u00e2micos sustent\u00e1veis que agradece-mos a todas as empresas que tornaram poss\u00edvel a realiza\u00e7\u00e3o da mesma, nomeadamente as que nos ofereceram os produtos e a todos os alunos que de algum modo estiveram envolvidos na pesquisa e no contacto com estas empresas com a orienta\u00e7\u00e3o cientifica e tecnol\u00f3gica do Professor Jos\u00e9 Frade.<\/p>\n<ul>\n<li>Cataloga\u00e7\u00e3o da colec\u00e7\u00e3o dos Produtos Cer\u00e2micos Sustent\u00e1veis&nbsp;<strong><a href=\"http:\/\/sites.ipleiria.pt\/projetocp2s\/files\/2018\/11\/33-cole\u00e7ao-produtos-ceramicos-sustent\u00e1veis.pdf\">(aqui)<\/a><\/strong><\/li>\n<\/ul>\n<p><img loading=\"lazy\" decoding=\"async\" class=\"alignnone  wp-image-2659\" src=\"http:\/\/sites.ipleiria.pt\/projetocp2s\/files\/2018\/06\/33-cole\u00e7ao-produtos-ceramicos-sustent\u00e1veis-page-002-300x205.jpg\" alt=\"\" width=\"672\" height=\"459\" srcset=\"https:\/\/sites.ipleiria.pt\/projetocp2s\/files\/2018\/06\/33-cole\u00e7ao-produtos-ceramicos-sustent\u00e1veis-page-002-300x205.jpg 300w, https:\/\/sites.ipleiria.pt\/projetocp2s\/files\/2018\/06\/33-cole\u00e7ao-produtos-ceramicos-sustent\u00e1veis-page-002-768x524.jpg 768w, https:\/\/sites.ipleiria.pt\/projetocp2s\/files\/2018\/06\/33-cole\u00e7ao-produtos-ceramicos-sustent\u00e1veis-page-002-1024x698.jpg 1024w, https:\/\/sites.ipleiria.pt\/projetocp2s\/files\/2018\/06\/33-cole\u00e7ao-produtos-ceramicos-sustent\u00e1veis-page-002-10x7.jpg 10w, https:\/\/sites.ipleiria.pt\/projetocp2s\/files\/2018\/06\/33-cole\u00e7ao-produtos-ceramicos-sustent\u00e1veis-page-002-432x295.jpg 432w, https:\/\/sites.ipleiria.pt\/projetocp2s\/files\/2018\/06\/33-cole\u00e7ao-produtos-ceramicos-sustent\u00e1veis-page-002-396x270.jpg 396w, https:\/\/sites.ipleiria.pt\/projetocp2s\/files\/2018\/06\/33-cole\u00e7ao-produtos-ceramicos-sustent\u00e1veis-page-002-1120x764.jpg 1120w, https:\/\/sites.ipleiria.pt\/projetocp2s\/files\/2018\/06\/33-cole\u00e7ao-produtos-ceramicos-sustent\u00e1veis-page-002-660x450.jpg 660w, https:\/\/sites.ipleiria.pt\/projetocp2s\/files\/2018\/06\/33-cole\u00e7ao-produtos-ceramicos-sustent\u00e1veis-page-002-323x220.jpg 323w, https:\/\/sites.ipleiria.pt\/projetocp2s\/files\/2018\/06\/33-cole\u00e7ao-produtos-ceramicos-sustent\u00e1veis-page-002.jpg 1230w\" sizes=\"auto, (max-width: 600px) 91vw, (max-width: 900px) 600px, (max-width: 1060px) 50vw, (max-width: 1200px) 520px, (max-width: 1400px) 43vw, 600px\" \/><\/p>\n<p>&nbsp;<\/p>\n","protected":false},"excerpt":{"rendered":"<p>Cataloga\u00e7\u00e3o da COLEC\u00c7\u00c3O Produtos Cer\u00e2micos Sustent\u00e1veis No seguimento da Exposi\u00e7\u00e3o &#8220;Produtos cer\u00e2micos Industriais Sustent\u00e1veis em portugal&#8221; que esteve patente na sala farinha, nos Silos &#8211; Contentor Criativo onde foram apresentados um conjunto de produtos industrias cer\u00e2micos, produzidos em portugal, que revelaram de algum modo aspectos que respondem a preocupa\u00e7\u00f5es no \u00e2mbito da sustentabilidade, esta exposi\u00e7\u00e3o [&hellip;]<\/p>\n","protected":false},"author":4286,"featured_media":2659,"comment_status":"open","ping_status":"open","sticky":false,"template":"","format":"standard","meta":{"footnotes":""},"categories":[110974,111882],"tags":[],"class_list":["post-2245","post","type-post","status-publish","format-standard","has-post-thumbnail","hentry","category-centro-de-documentacao","category-coleccoes","entry-image--landscape"],"_links":{"self":[{"href":"https:\/\/sites.ipleiria.pt\/projetocp2s\/wp-json\/wp\/v2\/posts\/2245","targetHints":{"allow":["GET"]}}],"collection":[{"href":"https:\/\/sites.ipleiria.pt\/projetocp2s\/wp-json\/wp\/v2\/posts"}],"about":[{"href":"https:\/\/sites.ipleiria.pt\/projetocp2s\/wp-json\/wp\/v2\/types\/post"}],"author":[{"embeddable":true,"href":"https:\/\/sites.ipleiria.pt\/projetocp2s\/wp-json\/wp\/v2\/users\/4286"}],"replies":[{"embeddable":true,"href":"https:\/\/sites.ipleiria.pt\/projetocp2s\/wp-json\/wp\/v2\/comments?post=2245"}],"version-history":[{"count":6,"href":"https:\/\/sites.ipleiria.pt\/projetocp2s\/wp-json\/wp\/v2\/posts\/2245\/revisions"}],"predecessor-version":[{"id":2660,"href":"https:\/\/sites.ipleiria.pt\/projetocp2s\/wp-json\/wp\/v2\/posts\/2245\/revisions\/2660"}],"wp:featuredmedia":[{"embeddable":true,"href":"https:\/\/sites.ipleiria.pt\/projetocp2s\/wp-json\/wp\/v2\/media\/2659"}],"wp:attachment":[{"href":"https:\/\/sites.ipleiria.pt\/projetocp2s\/wp-json\/wp\/v2\/media?parent=2245"}],"wp:term":[{"taxonomy":"category","embeddable":true,"href":"https:\/\/sites.ipleiria.pt\/projetocp2s\/wp-json\/wp\/v2\/categories?post=2245"},{"taxonomy":"post_tag","embeddable":true,"href":"https:\/\/sites.ipleiria.pt\/projetocp2s\/wp-json\/wp\/v2\/tags?post=2245"}],"curies":[{"name":"wp","href":"https:\/\/api.w.org\/{rel}","templated":true}]}}