{"id":2436,"date":"2018-10-16T16:14:50","date_gmt":"2018-10-16T16:14:50","guid":{"rendered":"http:\/\/sites.ipleiria.pt\/projetocp2s\/?p=2436"},"modified":"2019-01-25T15:50:06","modified_gmt":"2019-01-25T15:50:06","slug":"esad-convidou-artistas-e-investigadores-para-falar-da-secla","status":"publish","type":"post","link":"https:\/\/sites.ipleiria.pt\/projetocp2s\/2018\/10\/16\/esad-convidou-artistas-e-investigadores-para-falar-da-secla\/","title":{"rendered":"ESAD convidou artistas e investigadores para falar da Secla"},"content":{"rendered":"<blockquote><p><span style=\"font-size: 14pt\">Gazeta das Caldas<\/span><\/p><\/blockquote>\n<div style=\"text-align: justify\">&#8220;A quest\u00e3o do projecto para a Secla foi tamb\u00e9m abordado dias antes, a 16 de Outubro, no Centro de Artes, onde a ESAD organizou uma conversa com a participa\u00e7\u00e3o de Ant\u00f3nio Cardoso, Jo\u00e3o Serra, Jos\u00e9 Aur\u00e9lio, Marta Lucas, Marta pereira e Rita Gomes Ferr\u00e3o.<\/div>\n<div style=\"text-align: justify\">A maioria considera que no pr\u00f3prio&nbsp; edif\u00edcio se poderia preservar uma \u00e1rea que recordasse o que foi aquela unidade industrial. H\u00e1 tamb\u00e9m ideias relacionadas com a reedi\u00e7\u00e3o de algumas das pe\u00e7as mais emblem\u00e1ticas da f\u00e1brica, com o estudo das suas colec\u00e7\u00f5es e da preserva\u00e7\u00e3o de murais que existem ainda no edif\u00edcio. Jos\u00e9 Aur\u00e9lio gostaria que as ru\u00ednas da Secla pudesse surgir &#8220;uma verdadeira escola de cer\u00e2mica&#8221;.&nbsp;<\/div>\n<p style=\"text-align: justify\">Este evento foi organizado por alunos de curso Programa\u00e7\u00e3o e Produ\u00e7\u00e3o Cultural da ESAD.&#8221;<\/p>\n<p>&nbsp;<\/p>\n<p style=\"text-align: center\"><img loading=\"lazy\" decoding=\"async\" class=\"alignnone  wp-image-2433\" src=\"http:\/\/sites.ipleiria.pt\/projetocp2s\/files\/2018\/10\/44919980_540150156397266_6447103660596920320_n-300x41.jpg\" alt=\"\" width=\"651\" height=\"89\" srcset=\"https:\/\/sites.ipleiria.pt\/projetocp2s\/files\/2018\/10\/44919980_540150156397266_6447103660596920320_n-300x41.jpg 300w, https:\/\/sites.ipleiria.pt\/projetocp2s\/files\/2018\/10\/44919980_540150156397266_6447103660596920320_n-768x105.jpg 768w, https:\/\/sites.ipleiria.pt\/projetocp2s\/files\/2018\/10\/44919980_540150156397266_6447103660596920320_n-1024x139.jpg 1024w, https:\/\/sites.ipleiria.pt\/projetocp2s\/files\/2018\/10\/44919980_540150156397266_6447103660596920320_n-10x1.jpg 10w, https:\/\/sites.ipleiria.pt\/projetocp2s\/files\/2018\/10\/44919980_540150156397266_6447103660596920320_n-432x59.jpg 432w, https:\/\/sites.ipleiria.pt\/projetocp2s\/files\/2018\/10\/44919980_540150156397266_6447103660596920320_n-396x54.jpg 396w, https:\/\/sites.ipleiria.pt\/projetocp2s\/files\/2018\/10\/44919980_540150156397266_6447103660596920320_n-1120x153.jpg 1120w, https:\/\/sites.ipleiria.pt\/projetocp2s\/files\/2018\/10\/44919980_540150156397266_6447103660596920320_n-660x90.jpg 660w, https:\/\/sites.ipleiria.pt\/projetocp2s\/files\/2018\/10\/44919980_540150156397266_6447103660596920320_n-710x97.jpg 710w\" sizes=\"auto, (max-width: 600px) 91vw, (max-width: 900px) 600px, (max-width: 1060px) 50vw, (max-width: 1200px) 520px, (max-width: 1400px) 43vw, 600px\" \/><span style=\"font-size: 10pt\">&#8211; Gazeta das Caldas n\u00ba 5249, Sexta-Feira 26 Outubro de 2018, pag. 8<\/span><\/p>\n","protected":false},"excerpt":{"rendered":"<p>Gazeta das Caldas &#8220;A quest\u00e3o do projecto para a Secla foi tamb\u00e9m abordado dias antes, a 16 de Outubro, no Centro de Artes, onde a ESAD organizou uma conversa com a participa\u00e7\u00e3o de Ant\u00f3nio Cardoso, Jo\u00e3o Serra, Jos\u00e9 Aur\u00e9lio, Marta Lucas, Marta pereira e Rita Gomes Ferr\u00e3o. A maioria considera que no pr\u00f3prio&nbsp; edif\u00edcio se [&hellip;]<\/p>\n","protected":false},"author":4286,"featured_media":0,"comment_status":"open","ping_status":"open","sticky":false,"template":"","format":"standard","meta":{"footnotes":""},"categories":[111875,9],"tags":[],"class_list":["post-2436","post","type-post","status-publish","format-standard","hentry","category-exposicao-produto-proprio","category-noticias","entry-image--landscape"],"_links":{"self":[{"href":"https:\/\/sites.ipleiria.pt\/projetocp2s\/wp-json\/wp\/v2\/posts\/2436","targetHints":{"allow":["GET"]}}],"collection":[{"href":"https:\/\/sites.ipleiria.pt\/projetocp2s\/wp-json\/wp\/v2\/posts"}],"about":[{"href":"https:\/\/sites.ipleiria.pt\/projetocp2s\/wp-json\/wp\/v2\/types\/post"}],"author":[{"embeddable":true,"href":"https:\/\/sites.ipleiria.pt\/projetocp2s\/wp-json\/wp\/v2\/users\/4286"}],"replies":[{"embeddable":true,"href":"https:\/\/sites.ipleiria.pt\/projetocp2s\/wp-json\/wp\/v2\/comments?post=2436"}],"version-history":[{"count":1,"href":"https:\/\/sites.ipleiria.pt\/projetocp2s\/wp-json\/wp\/v2\/posts\/2436\/revisions"}],"predecessor-version":[{"id":2437,"href":"https:\/\/sites.ipleiria.pt\/projetocp2s\/wp-json\/wp\/v2\/posts\/2436\/revisions\/2437"}],"wp:attachment":[{"href":"https:\/\/sites.ipleiria.pt\/projetocp2s\/wp-json\/wp\/v2\/media?parent=2436"}],"wp:term":[{"taxonomy":"category","embeddable":true,"href":"https:\/\/sites.ipleiria.pt\/projetocp2s\/wp-json\/wp\/v2\/categories?post=2436"},{"taxonomy":"post_tag","embeddable":true,"href":"https:\/\/sites.ipleiria.pt\/projetocp2s\/wp-json\/wp\/v2\/tags?post=2436"}],"curies":[{"name":"wp","href":"https:\/\/api.w.org\/{rel}","templated":true}]}}