{"id":3011,"date":"2018-12-13T18:12:53","date_gmt":"2018-12-13T18:12:53","guid":{"rendered":"http:\/\/sites.ipleiria.pt\/projetocp2s\/?p=3011"},"modified":"2019-01-25T15:48:22","modified_gmt":"2019-01-25T15:48:22","slug":"politecnico-e-nerlei-divulgam-tecnologias-e-produtos-inovadores","status":"publish","type":"post","link":"https:\/\/sites.ipleiria.pt\/projetocp2s\/2018\/12\/13\/politecnico-e-nerlei-divulgam-tecnologias-e-produtos-inovadores\/","title":{"rendered":"Polit\u00e9cnico e Nerlei divulgam tecnologias e produtos inovadores"},"content":{"rendered":"<blockquote><p><span style=\"font-size: 14pt\">Portal d&#8217;aveiro<\/span><\/p><\/blockquote>\n<p style=\"text-align: justify\">&#8220;Divulgar, valorizar e partilhar as tecnologias mais promissoras e produtos inovadores, desenvolvidos no \u00e2mbito das actividades de I&amp;D do Polit\u00e9cnico de Leiria, \u00e9 um dos objectivos da iniciativa \u2018Da inven\u00e7\u00e3o ao mercado\u2019, que decorre amanh\u00e3, a partir das 18h30, na Nerlei \u2013 Associa\u00e7\u00e3o Empresarial da Regi\u00e3o de Leiria.Dinamizado pelo Instituto Polit\u00e9cnico de Leiria (IPL), em parceria com a Nerlei e a empresa JPCruz, o evento, quer \u201csimultaneamente gerar oportunidades de transfer\u00eancia dessas tecnologias para o mercado\u201d, vai contar com a presen\u00e7a do secret\u00e1rio de Estado da Economia, Jo\u00e3o Correia Neves, e do presidente da IAPMEI, Nuno Mangas. A iniciativa destina-se a empresas, incubadoras e aceleradoras de empresas.&nbsp;\u201cEste encontro conta com um painel inicial de apresenta\u00e7\u00f5es que visam explicar a import\u00e2ncia da propriedade industrial para a inova\u00e7\u00e3o empresarial\u201d, destaca Ana Sargento, vice-presidente do Polit\u00e9cnico de Leiria, citada numa nota de imprensa do IPL.&#8221;<\/p>\n<p><strong><a href=\"http:\/\/www.aveiro.co.pt\/noticia.aspx?id=229133&amp;notic=%20Polit%C3%A9cnico%20e%20Nerlei%20divulgam%20tecnologias%20e%20produtos%20inovadores\">(Consulte aqui a Not\u00edcia na integra)<\/a><\/strong><\/p>\n<p>&nbsp;<\/p>\n","protected":false},"excerpt":{"rendered":"<p>Portal d&#8217;aveiro &#8220;Divulgar, valorizar e partilhar as tecnologias mais promissoras e produtos inovadores, desenvolvidos no \u00e2mbito das actividades de I&amp;D do Polit\u00e9cnico de Leiria, \u00e9 um dos objectivos da iniciativa \u2018Da inven\u00e7\u00e3o ao mercado\u2019, que decorre amanh\u00e3, a partir das 18h30, na Nerlei \u2013 Associa\u00e7\u00e3o Empresarial da Regi\u00e3o de Leiria.Dinamizado pelo Instituto Polit\u00e9cnico de Leiria [&hellip;]<\/p>\n","protected":false},"author":4286,"featured_media":0,"comment_status":"open","ping_status":"open","sticky":false,"template":"","format":"standard","meta":{"footnotes":""},"categories":[111880,9],"tags":[],"class_list":["post-3011","post","type-post","status-publish","format-standard","hentry","category-exposicao-da-invencao-ao-mercado","category-noticias","entry-image--landscape"],"_links":{"self":[{"href":"https:\/\/sites.ipleiria.pt\/projetocp2s\/wp-json\/wp\/v2\/posts\/3011","targetHints":{"allow":["GET"]}}],"collection":[{"href":"https:\/\/sites.ipleiria.pt\/projetocp2s\/wp-json\/wp\/v2\/posts"}],"about":[{"href":"https:\/\/sites.ipleiria.pt\/projetocp2s\/wp-json\/wp\/v2\/types\/post"}],"author":[{"embeddable":true,"href":"https:\/\/sites.ipleiria.pt\/projetocp2s\/wp-json\/wp\/v2\/users\/4286"}],"replies":[{"embeddable":true,"href":"https:\/\/sites.ipleiria.pt\/projetocp2s\/wp-json\/wp\/v2\/comments?post=3011"}],"version-history":[{"count":1,"href":"https:\/\/sites.ipleiria.pt\/projetocp2s\/wp-json\/wp\/v2\/posts\/3011\/revisions"}],"predecessor-version":[{"id":3012,"href":"https:\/\/sites.ipleiria.pt\/projetocp2s\/wp-json\/wp\/v2\/posts\/3011\/revisions\/3012"}],"wp:attachment":[{"href":"https:\/\/sites.ipleiria.pt\/projetocp2s\/wp-json\/wp\/v2\/media?parent=3011"}],"wp:term":[{"taxonomy":"category","embeddable":true,"href":"https:\/\/sites.ipleiria.pt\/projetocp2s\/wp-json\/wp\/v2\/categories?post=3011"},{"taxonomy":"post_tag","embeddable":true,"href":"https:\/\/sites.ipleiria.pt\/projetocp2s\/wp-json\/wp\/v2\/tags?post=3011"}],"curies":[{"name":"wp","href":"https:\/\/api.w.org\/{rel}","templated":true}]}}