{"id":3015,"date":"2018-12-13T18:22:04","date_gmt":"2018-12-13T18:22:04","guid":{"rendered":"http:\/\/sites.ipleiria.pt\/projetocp2s\/?p=3015"},"modified":"2019-01-25T15:48:09","modified_gmt":"2019-01-25T15:48:09","slug":"da-industria-ao-mercado","status":"publish","type":"post","link":"https:\/\/sites.ipleiria.pt\/projetocp2s\/2018\/12\/13\/da-industria-ao-mercado\/","title":{"rendered":"Da Industria ao Mercado"},"content":{"rendered":"<blockquote><p><span style=\"font-size: 14pt\">Viral Agenda<\/span><\/p><\/blockquote>\n<p>&nbsp;<\/p>\n<p>CONVITE<\/p>\n<p style=\"text-align: justify\">O Polit\u00e9cnico de Leiria, em colabora\u00e7\u00e3o com a NERLEI \u2013 Associa\u00e7\u00e3o Empresarial da Regi\u00e3o de Leiria e a empresa JP Cruz, t\u00eam a honra de convidar V. Exa. para participar na iniciativa \u201cDa Inven\u00e7\u00e3o ao Mercado\u201d, que ter\u00e1 lugar no pr\u00f3ximo dia 13 de dezembro, pelas 16h45, no Edif\u00edcio NERLEI, em Leiria. Este evento, com inscri\u00e7\u00e3o gratuita, tem como objetivo a valoriza\u00e7\u00e3o, partilha e transfer\u00eancia das tecnologias e\/ou produtos inovadores desenvolvidos no \u00e2mbito das atividades de I&amp;D.<\/p>\n<p style=\"text-align: justify\">Programa:<\/p>\n<p style=\"text-align: justify\">16:45 \/\/ Rece\u00e7\u00e3o aos Convidados<\/p>\n<p style=\"text-align: justify\">17:00 \/\/ Abertura Rui Pedrosa &#8211; Presidente do Polit\u00e9cnico de Leiria Ant\u00f3nio Po\u00e7as &#8211; Presidente da NERLEI Jo\u00e3o Pereira da Cruz &#8211; Administrador da JPCruz<\/p>\n<p style=\"text-align: justify\">17:10 \/\/ Import\u00e2ncia da Propriedade Industrial no Sector Acad\u00e9mico e no Sector Empresarial Rui Gomes &#8211; JPCruz<\/p>\n<p style=\"text-align: justify\">17:20 \/\/ Life of a file Representante do European Patent Office<\/p>\n<p style=\"text-align: justify\">17:45 \/\/ Aposta estrat\u00e9gica em Inova\u00e7\u00e3o e Propriedade Industrial Lara Moura &#8211; Research and Innovation Manager da A-to-Be da BRISA<\/p>\n<p style=\"text-align: justify\">18:05 \/\/ Debate<\/p>\n<p style=\"text-align: justify\">18:25 \/\/ Coffee \u2013 break<\/p>\n<p style=\"text-align: justify\">18:30 \/\/ Exposi\u00e7\u00e3o \u201cA Propriedade Industrial no Polit\u00e9cnico de Leiria\u201d Intera\u00e7\u00e3o Inventores &#8211; Empresas: Sala TGA &#8211; The Bridge to Healthcare innovation Sala MOVICORTES &#8211; The Bridge to Engineering &amp; Manufacturing innovation<\/p>\n<p style=\"text-align: justify\">20:30 \/\/ Jantar de Networking<\/p>\n<p style=\"text-align: justify\">22:30 \/\/ Encerramento<\/p>\n<p><strong><a href=\"https:\/\/www.viralagenda.com\/pt\/events\/656329\/da-industria-ao-mercado\">(Consulte aqui a Not\u00edcia na integra)<\/a><\/strong><\/p>\n<p>&nbsp;<\/p>\n","protected":false},"excerpt":{"rendered":"<p>Viral Agenda &nbsp; CONVITE O Polit\u00e9cnico de Leiria, em colabora\u00e7\u00e3o com a NERLEI \u2013 Associa\u00e7\u00e3o Empresarial da Regi\u00e3o de Leiria e a empresa JP Cruz, t\u00eam a honra de convidar V. Exa. para participar na iniciativa \u201cDa Inven\u00e7\u00e3o ao Mercado\u201d, que ter\u00e1 lugar no pr\u00f3ximo dia 13 de dezembro, pelas 16h45, no Edif\u00edcio NERLEI, em [&hellip;]<\/p>\n","protected":false},"author":4286,"featured_media":0,"comment_status":"open","ping_status":"open","sticky":false,"template":"","format":"standard","meta":{"footnotes":""},"categories":[111880,9],"tags":[],"class_list":["post-3015","post","type-post","status-publish","format-standard","hentry","category-exposicao-da-invencao-ao-mercado","category-noticias","entry-image--landscape"],"_links":{"self":[{"href":"https:\/\/sites.ipleiria.pt\/projetocp2s\/wp-json\/wp\/v2\/posts\/3015","targetHints":{"allow":["GET"]}}],"collection":[{"href":"https:\/\/sites.ipleiria.pt\/projetocp2s\/wp-json\/wp\/v2\/posts"}],"about":[{"href":"https:\/\/sites.ipleiria.pt\/projetocp2s\/wp-json\/wp\/v2\/types\/post"}],"author":[{"embeddable":true,"href":"https:\/\/sites.ipleiria.pt\/projetocp2s\/wp-json\/wp\/v2\/users\/4286"}],"replies":[{"embeddable":true,"href":"https:\/\/sites.ipleiria.pt\/projetocp2s\/wp-json\/wp\/v2\/comments?post=3015"}],"version-history":[{"count":1,"href":"https:\/\/sites.ipleiria.pt\/projetocp2s\/wp-json\/wp\/v2\/posts\/3015\/revisions"}],"predecessor-version":[{"id":3016,"href":"https:\/\/sites.ipleiria.pt\/projetocp2s\/wp-json\/wp\/v2\/posts\/3015\/revisions\/3016"}],"wp:attachment":[{"href":"https:\/\/sites.ipleiria.pt\/projetocp2s\/wp-json\/wp\/v2\/media?parent=3015"}],"wp:term":[{"taxonomy":"category","embeddable":true,"href":"https:\/\/sites.ipleiria.pt\/projetocp2s\/wp-json\/wp\/v2\/categories?post=3015"},{"taxonomy":"post_tag","embeddable":true,"href":"https:\/\/sites.ipleiria.pt\/projetocp2s\/wp-json\/wp\/v2\/tags?post=3015"}],"curies":[{"name":"wp","href":"https:\/\/api.w.org\/{rel}","templated":true}]}}