{"id":3017,"date":"2018-12-13T18:24:52","date_gmt":"2018-12-13T18:24:52","guid":{"rendered":"http:\/\/sites.ipleiria.pt\/projetocp2s\/?p=3017"},"modified":"2019-01-25T15:48:03","modified_gmt":"2019-01-25T15:48:03","slug":"politecnico-e-nerlei-divulgam-tecnologias-e-produtos-inovadores-3","status":"publish","type":"post","link":"https:\/\/sites.ipleiria.pt\/projetocp2s\/2018\/12\/13\/politecnico-e-nerlei-divulgam-tecnologias-e-produtos-inovadores-3\/","title":{"rendered":"Polit\u00e9cnico e Nerlei divulgam tecnologias e produtos inovadores"},"content":{"rendered":"<blockquote><p><span style=\"font-size: 14pt\">Di\u00e1rio de Leiria<\/span><\/p><\/blockquote>\n<div class=\"col-md-12 news_resume\" style=\"text-align: justify\">&#8220;Divulgar, valorizar e partilhar as tecnologias mais promissoras e produtos inovadores, desenvolvidos no \u00e2mbito das actividades de I&amp;D do Polit\u00e9cnico de Leiria, \u00e9 um dos objectivos da iniciativa \u2018Da inven\u00e7\u00e3o ao mercado\u2019, que decorre amanh\u00e3, a partir das 18h30, na Nerlei \u2013 Associa\u00e7\u00e3o Empresarial da Regi\u00e3o de Leiria.Dinamizado pelo Instituto Polit\u00e9cnico de Leiria (IPL), em parceria com a Nerlei e a empresa JPCruz, o evento, quer \u201csimultaneamente gerar oportunidades de transfer\u00eancia dessas tecnologias para o mercado\u201d, vai contar com a presen\u00e7a do secret\u00e1rio de Estado da Economia, Jo\u00e3o Correia Neves, e do presidente da IAPMEI, Nuno Mangas. A iniciativa destina-se a empresas, incubadoras e aceleradoras de empresas.&nbsp;\u201cEste encontro conta com um painel inicial de apresenta\u00e7\u00f5es que visam explicar a import\u00e2ncia da propriedade industrial para a inova\u00e7\u00e3o empresarial\u201d, destaca Ana Sargento, vice-presidente do Polit\u00e9cnico de Leiria, citada numa nota de imprensa do IPL.&nbsp;<\/div>\n<div class=\"row\">\n<div class=\"col-md-12 news_body\">&nbsp;<\/div>\n<\/div>\n<div class=\"row\">\n<div class=\"col-md-12 news_resume\">\n<div class=\"pull-left\" style=\"text-align: justify\">Leia a not\u00edcia completa na edi\u00e7\u00e3o em papel.&#8221;<\/div>\n<\/div>\n<\/div>\n<div>&nbsp;<\/div>\n<div>&nbsp;<\/div>\n<div><strong><a href=\"http:\/\/www.diarioleiria.pt\/noticia\/39354\">(Consulte aqui a Not\u00edcia na integra)<\/a><\/strong><\/div>\n<div>&nbsp;<\/div>\n","protected":false},"excerpt":{"rendered":"<p>Di\u00e1rio de Leiria &#8220;Divulgar, valorizar e partilhar as tecnologias mais promissoras e produtos inovadores, desenvolvidos no \u00e2mbito das actividades de I&amp;D do Polit\u00e9cnico de Leiria, \u00e9 um dos objectivos da iniciativa \u2018Da inven\u00e7\u00e3o ao mercado\u2019, que decorre amanh\u00e3, a partir das 18h30, na Nerlei \u2013 Associa\u00e7\u00e3o Empresarial da Regi\u00e3o de Leiria.Dinamizado pelo Instituto Polit\u00e9cnico de [&hellip;]<\/p>\n","protected":false},"author":4286,"featured_media":0,"comment_status":"open","ping_status":"open","sticky":false,"template":"","format":"standard","meta":{"footnotes":""},"categories":[111880,9],"tags":[],"class_list":["post-3017","post","type-post","status-publish","format-standard","hentry","category-exposicao-da-invencao-ao-mercado","category-noticias","entry-image--landscape"],"_links":{"self":[{"href":"https:\/\/sites.ipleiria.pt\/projetocp2s\/wp-json\/wp\/v2\/posts\/3017","targetHints":{"allow":["GET"]}}],"collection":[{"href":"https:\/\/sites.ipleiria.pt\/projetocp2s\/wp-json\/wp\/v2\/posts"}],"about":[{"href":"https:\/\/sites.ipleiria.pt\/projetocp2s\/wp-json\/wp\/v2\/types\/post"}],"author":[{"embeddable":true,"href":"https:\/\/sites.ipleiria.pt\/projetocp2s\/wp-json\/wp\/v2\/users\/4286"}],"replies":[{"embeddable":true,"href":"https:\/\/sites.ipleiria.pt\/projetocp2s\/wp-json\/wp\/v2\/comments?post=3017"}],"version-history":[{"count":1,"href":"https:\/\/sites.ipleiria.pt\/projetocp2s\/wp-json\/wp\/v2\/posts\/3017\/revisions"}],"predecessor-version":[{"id":3018,"href":"https:\/\/sites.ipleiria.pt\/projetocp2s\/wp-json\/wp\/v2\/posts\/3017\/revisions\/3018"}],"wp:attachment":[{"href":"https:\/\/sites.ipleiria.pt\/projetocp2s\/wp-json\/wp\/v2\/media?parent=3017"}],"wp:term":[{"taxonomy":"category","embeddable":true,"href":"https:\/\/sites.ipleiria.pt\/projetocp2s\/wp-json\/wp\/v2\/categories?post=3017"},{"taxonomy":"post_tag","embeddable":true,"href":"https:\/\/sites.ipleiria.pt\/projetocp2s\/wp-json\/wp\/v2\/tags?post=3017"}],"curies":[{"name":"wp","href":"https:\/\/api.w.org\/{rel}","templated":true}]}}