{"id":3019,"date":"2018-09-19T11:20:13","date_gmt":"2018-09-19T11:20:13","guid":{"rendered":"http:\/\/sites.ipleiria.pt\/projetocp2s\/?p=3019"},"modified":"2019-01-25T15:51:32","modified_gmt":"2019-01-25T15:51:32","slug":"estudantes-do-politecnico-de-leiria-premiados-no-concurso-nacional-de-inovacao-em-ceramica","status":"publish","type":"post","link":"https:\/\/sites.ipleiria.pt\/projetocp2s\/2018\/09\/19\/estudantes-do-politecnico-de-leiria-premiados-no-concurso-nacional-de-inovacao-em-ceramica\/","title":{"rendered":"Estudantes do Polit\u00e9cnico de Leiria premiados no concurso nacional de inova\u00e7\u00e3o em Cer\u00e2mica"},"content":{"rendered":"<blockquote><p><span style=\"font-size: 14pt\">Tinta Fresca<\/span><\/p><\/blockquote>\n<p style=\"text-align: justify\">&#8220;Gon\u00e7alo Rama e Liliana Gouveia alcan\u00e7aram o 2.\u00ba lugar e uma men\u00e7\u00e3o honrosa, respetivamente.&nbsp;<\/p>\n<p style=\"text-align: justify\">Dois estudantes da Escola Superior de Artes e Design das Caldas da Rainha (ESAD.CR) do Polit\u00e9cnico de Leiria representam a institui\u00e7\u00e3o no p\u00f3dio do Pr\u00e9mio Inova\u00e7\u00e3o no setor Cer\u00e2mico, da APICER \u2013 Associa\u00e7\u00e3o Portuguesa das Ind\u00fastrias de Cer\u00e2mica e de Cristalaria, em colabora\u00e7\u00e3o com a PwC. Gon\u00e7alo Gama e Liliana Gouveia s\u00e3o ambos estudantes do mestrado em Design de Produto, e ganharam o segundo lugar e uma men\u00e7\u00e3o honrosa, respetivamente, entre 12 candidaturas a concurso.<\/p>\n<p style=\"text-align: justify\">O projeto \u201cSlide-in ceramic tile\u201d de Gon\u00e7alo Gama, oriundo de Olh\u00e3o, valeu-lhe o segundo lugar e trata-se de um revestimento de parede produzido por extrus\u00e3o, com uma superf\u00edcie que permite o encaixe de sistemas de fixa\u00e7\u00e3o de prateleiras. O estudante pretende redesenhar o azulejo, aglutinando azulejos, prateleiras e sistemas de fixa\u00e7\u00e3o, e elimina a necessidade de fura\u00e7\u00f5es para fixa\u00e7\u00e3o, e cria a possibilidade de movimentar as prateleiras (ou arm\u00e1rios, ou cabides ou candeeiros), consoante a necessidade. A inven\u00e7\u00e3o de Gon\u00e7alo Gama, al\u00e9m de um sistema completo de fixa\u00e7\u00e3o de objetos em superf\u00edcies verticais, permite ainda reduzir os custos produtivos do azulejo.&nbsp;<\/p>\n<p style=\"text-align: justify\">\u201cWinter cup\u201d de Liliana Gouveia, natural de Oliveira do Hospital, projeto distinguido com uma men\u00e7\u00e3o honrosa no concurso, \u00e9 um recipiente cer\u00e2mico para l\u00edquidos, multifuncional, com um design ergon\u00f3mico, adaptado a pessoas com dificuldades de motricidade, e que permite simultaneamente massajar e aquecer os m\u00fasculos e regi\u00f5es do corpo. O contentor \u00e9 adequado a pessoas com dificuldade em agarrar um copo (como no caso de indiv\u00edduos com dores articulares ou musculares), e permite aproveitar o calor dos l\u00edquidos quentes para aplicar uma massagem quente no corpo. A tampa pode ainda ser utilizada como bola anti-stresse. O j\u00fari atribuiu ao projeto de Liliana Gouveia cinco pontos (em cinco) no crit\u00e9rio \u201cQualidade e clareza da ideia\u201d. Este projeto contou com a colabora\u00e7\u00e3o da colega de mestrado de Liliana, Liliana Santos.<\/p>\n<p style=\"text-align: justify\">O Pr\u00e9mio Inova\u00e7\u00e3o do Setor Cer\u00e2mico, que visa promover a gera\u00e7\u00e3o de ideias inovadoras que respondam \u00e0s necessidades no mercado na \u00e1rea da Cer\u00e2mica, envolveu empreendedores, investigadores, estudantes e t\u00e9cnicos. A concurso estiveram as categorias de \u201cMateriais, Produtos e Design\u201d, \u201cProcessos, Tecnologias e Servi\u00e7os\u201d e \u201cGest\u00e3o e Organiza\u00e7\u00e3o\u201d, e o j\u00fari incluiu representantes da APICER, do departamento de Engenharia de Materiais e Cer\u00e2mica da Universidade de Aveiro, da ESAD.CR do Polit\u00e9cnico de Leiria, do Centro Tecnol\u00f3gico da Cer\u00e2mica e do Vidro, e da Sociedade Portuguesa da Cer\u00e2mica e do Vidro.&#8221;<\/p>\n<p><strong><a href=\"http:\/\/www.tintafresca.net\/News\/newsdetail.aspx?news=ebf65db7-4787-4437-818a-d9c697d72ddf&amp;edition=213\">(Consulte aqui a Not\u00edcia na integra)<\/a><\/strong><\/p>\n<p>&nbsp;<\/p>\n","protected":false},"excerpt":{"rendered":"<p>Tinta Fresca &#8220;Gon\u00e7alo Rama e Liliana Gouveia alcan\u00e7aram o 2.\u00ba lugar e uma men\u00e7\u00e3o honrosa, respetivamente.&nbsp; Dois estudantes da Escola Superior de Artes e Design das Caldas da Rainha (ESAD.CR) do Polit\u00e9cnico de Leiria representam a institui\u00e7\u00e3o no p\u00f3dio do Pr\u00e9mio Inova\u00e7\u00e3o no setor Cer\u00e2mico, da APICER \u2013 Associa\u00e7\u00e3o Portuguesa das Ind\u00fastrias de Cer\u00e2mica e [&hellip;]<\/p>\n","protected":false},"author":4286,"featured_media":0,"comment_status":"open","ping_status":"open","sticky":false,"template":"","format":"standard","meta":{"footnotes":""},"categories":[9,111877],"tags":[],"class_list":["post-3019","post","type-post","status-publish","format-standard","hentry","category-noticias","category-premio-inovacao-no-setor-ceramico","entry-image--landscape"],"_links":{"self":[{"href":"https:\/\/sites.ipleiria.pt\/projetocp2s\/wp-json\/wp\/v2\/posts\/3019","targetHints":{"allow":["GET"]}}],"collection":[{"href":"https:\/\/sites.ipleiria.pt\/projetocp2s\/wp-json\/wp\/v2\/posts"}],"about":[{"href":"https:\/\/sites.ipleiria.pt\/projetocp2s\/wp-json\/wp\/v2\/types\/post"}],"author":[{"embeddable":true,"href":"https:\/\/sites.ipleiria.pt\/projetocp2s\/wp-json\/wp\/v2\/users\/4286"}],"replies":[{"embeddable":true,"href":"https:\/\/sites.ipleiria.pt\/projetocp2s\/wp-json\/wp\/v2\/comments?post=3019"}],"version-history":[{"count":3,"href":"https:\/\/sites.ipleiria.pt\/projetocp2s\/wp-json\/wp\/v2\/posts\/3019\/revisions"}],"predecessor-version":[{"id":3022,"href":"https:\/\/sites.ipleiria.pt\/projetocp2s\/wp-json\/wp\/v2\/posts\/3019\/revisions\/3022"}],"wp:attachment":[{"href":"https:\/\/sites.ipleiria.pt\/projetocp2s\/wp-json\/wp\/v2\/media?parent=3019"}],"wp:term":[{"taxonomy":"category","embeddable":true,"href":"https:\/\/sites.ipleiria.pt\/projetocp2s\/wp-json\/wp\/v2\/categories?post=3019"},{"taxonomy":"post_tag","embeddable":true,"href":"https:\/\/sites.ipleiria.pt\/projetocp2s\/wp-json\/wp\/v2\/tags?post=3019"}],"curies":[{"name":"wp","href":"https:\/\/api.w.org\/{rel}","templated":true}]}}