{"id":3023,"date":"2018-12-13T11:37:39","date_gmt":"2018-12-13T11:37:39","guid":{"rendered":"http:\/\/sites.ipleiria.pt\/projetocp2s\/?p=3023"},"modified":"2019-01-25T15:48:50","modified_gmt":"2019-01-25T15:48:50","slug":"da-invencao-ao-mercado-da-mote-a-debate-sobre-propriedade-intelectual-para-a-inovacao-empresarial","status":"publish","type":"post","link":"https:\/\/sites.ipleiria.pt\/projetocp2s\/2018\/12\/13\/da-invencao-ao-mercado-da-mote-a-debate-sobre-propriedade-intelectual-para-a-inovacao-empresarial\/","title":{"rendered":"Da inven\u00e7\u00e3o ao mercado d\u00e1 mote a debate sobre propriedade intelectual para a inova\u00e7\u00e3o empresarial"},"content":{"rendered":"<blockquote><p><span style=\"font-size: 14pt\">Instituto Politecnico de leiria<\/span><\/p><\/blockquote>\n<p style=\"text-align: justify\">&#8220;No pr\u00f3ximo dia&nbsp;<span class=\"semi-bold\">13 de dezembro<\/span>&nbsp;o<span class=\"semi-bold\">&nbsp;Polit\u00e9cnico de Leiria<\/span>, em parceria com a&nbsp;Associa\u00e7\u00e3o Empresarial da Regi\u00e3o de Leiria (NERLEI)&nbsp;e a empresa&nbsp;JPCruz, dinamiza a iniciativa subordinada ao tema&nbsp;<span class=\"semi-bold\">\u201cDa Inven\u00e7\u00e3o ao Mercado\u201d<\/span>, destinada a empresas, incubadoras e aceleradoras de empresas. O evento, que ter\u00e1 lugar&nbsp;<span class=\"semi-bold\">no edif\u00edcio da NerLei<\/span>, conta com a presen\u00e7a do&nbsp;secret\u00e1rio de Estado da Economia,&nbsp;Jo\u00e3o Correia Neves, e do presidente da&nbsp;Ag\u00eancia para a Competitividade e Inova\u00e7\u00e3o (IAPMEI), Nuno Mangas,&nbsp;assume-se como espa\u00e7o de divulga\u00e7\u00e3o, valoriza\u00e7\u00e3o e partilha das tecnologias mais promissoras e produtos inovadores, desenvolvidos no \u00e2mbito das atividades de I&amp;D do Polit\u00e9cnico de Leiria, e simultaneamente gerar oportunidades de transfer\u00eancia dessas tecnologias para o mercado.&nbsp;Pretende-se que&nbsp;este encontro&nbsp;resulte na transmiss\u00e3o de direitos de propriedade industrial para empresas, gerando valor no mercado e colocando a ci\u00eancia ao servi\u00e7o da sociedade.<\/p>\n<p style=\"text-align: justify\">Ana Sargento, vice-presidente do Polit\u00e9cnico de Leiria, destaca que \u00abeste encontro conta com um painel inicial de apresenta\u00e7\u00f5es que visam explicar a import\u00e2ncia da propriedade industrial para a inova\u00e7\u00e3o empresarial\u00bb,&nbsp;acrescentado que \u00abO Polit\u00e9cnico de Leiria possui atualmente&nbsp;<span class=\"semi-bold\">mais de 200 concess\u00f5es de direitos de propriedade intelectual<\/span>, entre as quais&nbsp;<span class=\"semi-bold\">32 patentes, nacionais e internacionais<\/span>.\u00bb<\/p>\n<p style=\"text-align: justify\"><span class=\"semi-bold\">O programa inicia-se \u00e0s 17h00&nbsp;<\/span>com as interven\u00e7\u00f5es de Rui Pedrosa, presidente do Polit\u00e9cnico de Leiria, de Ant\u00f3nio Po\u00e7as, presidente da NERLEI, e de Jo\u00e3o Pereira Cruz, administrador da JPCruz. Rui Gomes aborda a \u201cImport\u00e2ncia da propriedade industrial no setor acad\u00e9mico e no setor empresarial\u201d, e um representante da&nbsp;<a href=\"https:\/\/www.epo.org\/index.html\" target=\"_blank\" rel=\"noopener\">European Patent Office (EPO)<\/a>&nbsp;apresenta&nbsp;o t\u00f3pico&nbsp;\u201cLife of a file\u201d. Segue-se o tema da \u201cRela\u00e7\u00e3o entre a aposta da empresa em propriedade intelectual e a inova\u00e7\u00e3o que a caracteriza\u201d, desenvolvido por Lara Moura, da Brisa, e que termina com um debate. Ap\u00f3s uma breve pausa, ser\u00e3o divulgadas algumas<span class=\"semi-bold\">&nbsp;inven\u00e7\u00f5es e cria\u00e7\u00f5es selecionadas do Polit\u00e9cnico de Leiria<\/span>, algumas de forma expositiva e outras com apresenta\u00e7\u00f5es direcionadas para empresas das \u00e1reas da Sa\u00fade e da Engenharia\/Ind\u00fastria.&#8221;<\/p>\n<p><strong><a href=\"https:\/\/www.ipleiria.pt\/blog\/da-invencao-ao-mercado-tecnologias-e-produtos-inovadores-13-de-dezembro-leiria\/\">(Consulte aqui a Not\u00edcia na integra)<\/a><\/strong>&nbsp;ou&nbsp;<strong><a href=\"https:\/\/www.ipleiria.pt\/?site-map\">(aqui)<\/a><\/strong><\/p>\n<p>&nbsp;<\/p>\n","protected":false},"excerpt":{"rendered":"<p>Instituto Politecnico de leiria &#8220;No pr\u00f3ximo dia&nbsp;13 de dezembro&nbsp;o&nbsp;Polit\u00e9cnico de Leiria, em parceria com a&nbsp;Associa\u00e7\u00e3o Empresarial da Regi\u00e3o de Leiria (NERLEI)&nbsp;e a empresa&nbsp;JPCruz, dinamiza a iniciativa subordinada ao tema&nbsp;\u201cDa Inven\u00e7\u00e3o ao Mercado\u201d, destinada a empresas, incubadoras e aceleradoras de empresas. O evento, que ter\u00e1 lugar&nbsp;no edif\u00edcio da NerLei, conta com a presen\u00e7a do&nbsp;secret\u00e1rio de Estado [&hellip;]<\/p>\n","protected":false},"author":4286,"featured_media":0,"comment_status":"open","ping_status":"open","sticky":false,"template":"","format":"standard","meta":{"footnotes":""},"categories":[111880,9],"tags":[],"class_list":["post-3023","post","type-post","status-publish","format-standard","hentry","category-exposicao-da-invencao-ao-mercado","category-noticias","entry-image--landscape"],"_links":{"self":[{"href":"https:\/\/sites.ipleiria.pt\/projetocp2s\/wp-json\/wp\/v2\/posts\/3023","targetHints":{"allow":["GET"]}}],"collection":[{"href":"https:\/\/sites.ipleiria.pt\/projetocp2s\/wp-json\/wp\/v2\/posts"}],"about":[{"href":"https:\/\/sites.ipleiria.pt\/projetocp2s\/wp-json\/wp\/v2\/types\/post"}],"author":[{"embeddable":true,"href":"https:\/\/sites.ipleiria.pt\/projetocp2s\/wp-json\/wp\/v2\/users\/4286"}],"replies":[{"embeddable":true,"href":"https:\/\/sites.ipleiria.pt\/projetocp2s\/wp-json\/wp\/v2\/comments?post=3023"}],"version-history":[{"count":1,"href":"https:\/\/sites.ipleiria.pt\/projetocp2s\/wp-json\/wp\/v2\/posts\/3023\/revisions"}],"predecessor-version":[{"id":3024,"href":"https:\/\/sites.ipleiria.pt\/projetocp2s\/wp-json\/wp\/v2\/posts\/3023\/revisions\/3024"}],"wp:attachment":[{"href":"https:\/\/sites.ipleiria.pt\/projetocp2s\/wp-json\/wp\/v2\/media?parent=3023"}],"wp:term":[{"taxonomy":"category","embeddable":true,"href":"https:\/\/sites.ipleiria.pt\/projetocp2s\/wp-json\/wp\/v2\/categories?post=3023"},{"taxonomy":"post_tag","embeddable":true,"href":"https:\/\/sites.ipleiria.pt\/projetocp2s\/wp-json\/wp\/v2\/tags?post=3023"}],"curies":[{"name":"wp","href":"https:\/\/api.w.org\/{rel}","templated":true}]}}