{"id":3025,"date":"2018-12-13T11:45:40","date_gmt":"2018-12-13T11:45:40","guid":{"rendered":"http:\/\/sites.ipleiria.pt\/projetocp2s\/?p=3025"},"modified":"2019-01-25T15:48:44","modified_gmt":"2019-01-25T15:48:44","slug":"leiria-da-invencao-ao-mercado-e-o-mote","status":"publish","type":"post","link":"https:\/\/sites.ipleiria.pt\/projetocp2s\/2018\/12\/13\/leiria-da-invencao-ao-mercado-e-o-mote\/","title":{"rendered":"Leiria \u2013 \u201cDa inven\u00e7\u00e3o ao mercado\u201d \u00e9 o mote"},"content":{"rendered":"<blockquote><p><span style=\"font-size: 14pt\">97 FM R\u00e1dio, Clube de Pombal<\/span><\/p><\/blockquote>\n<div style=\"text-align: justify\">&#8220;Debate sobre propriedade intelectual para a inova\u00e7\u00e3o empresarial<\/div>\n<div>&nbsp;<\/div>\n<div style=\"text-align: justify\">Pombal 97 fm \/ Tecnologia \u2013 O Instituto Polit\u00e9cnico de Leiria (IPL), a Associa\u00e7\u00e3o Empresarial da Regi\u00e3o de Leiria (Nerlei) e a empresa JPCruz v\u00e3o divulgar, na quinta-feira, dia 13, tecnologias e produtos inovadores.<br \/>\nA sess\u00e3o, subordinada ao tema \u201cDa inven\u00e7\u00e3o ao mercado\u201d, \u00e9 destinada a empresas, incubadoras e aceleradoras de empresas, e vai contar com a presen\u00e7a do secret\u00e1rio de Estado da Economia, Jo\u00e3o Correia Neves, e do presidente da IAPMEI, Nuno Mangas.<br \/>\nSegundo os tr\u00eas parceiros, o evento \u201cpretende ser um espa\u00e7o de divulga\u00e7\u00e3o, valoriza\u00e7\u00e3o e partilha das tecnologias mais promissoras e produtos inovadores, desenvolvidos no \u00e2mbito das actividades de I&amp;D do Polit\u00e9cnico de Leiria e, simultaneamente, gerar oportunidades de transfer\u00eancia dessas tecnologias para o mercado\u201d.<br \/>\nPara Ana Sargento, vice-presidente do IPL, este encontro conta com um painel inicial de apresenta\u00e7\u00f5es \u201cque visam explicar a import\u00e2ncia da propriedade industrial para a inova\u00e7\u00e3o empresarial\u201d, revelando que o IPL possui, actualmente, \u201cmais de 200 concess\u00f5es de direitos de propriedade intelectual, entre as quais 32 patentes, nacionais e internacionais\u201d.<br \/>\nO in\u00edcio da sess\u00e3o est\u00e1 marcado para as 17h00, com interven\u00e7\u00f5es de Rui Pedrosa (presidente do IPL), de Ant\u00f3nio Po\u00e7as (presidente da Nerlei) e de Jo\u00e3o Pereira Cruz (administrador da empresa).<br \/>\nDepois, Rui Gomes falar\u00e1 sobre a \u201cimport\u00e2ncia da propriedade industrial no sector acad\u00e9mico e no sector empresarial\u201d, cabendo a um representante da European Patent Office apresentar a \u201cLife of a file\u201d.&nbsp;<br \/>\nO tema \u201cRela\u00e7\u00e3o entre a aposta da empresa em propriedade intelectual e a inova\u00e7\u00e3o que a caracteriza\u201d estar\u00e1 em debate logo a seguir, com desenvolvimento de Lara Moura, da Brisa, seguindo-se um debate.&nbsp;<br \/>\nO \u201cmomento mais interactivo\u201d acontecer\u00e1 depois, com a divulga\u00e7\u00e3o de inven\u00e7\u00f5es e cria\u00e7\u00f5es seleccionadas do IPL, algumas de forma expositiva e outras com apresenta\u00e7\u00f5es direccionadas para empresas das \u00e1reas da Sa\u00fade e da Engenharia\/Ind\u00fastria.<br \/>\nAcerca do prov\u00e1vel \u00eaxito desta iniciativa, Ana Sargento espera que ela \u201cpossa ser a origem de alguns contactos que resultem na transmiss\u00e3o de direitos de propriedade industrial para empresas, gerando valor no mercado e colocando a ci\u00eancia ao servi\u00e7o da sociedade\u201d.&#8221;<\/div>\n<div>&nbsp;<\/div>\n<div><strong><a href=\"http:\/\/pombal97.com\/index.php?lang=pt&amp;post=7361\">(Consulte aqui a Not\u00edcia na integra)<\/a><\/strong><\/div>\n<div>&nbsp;<\/div>\n","protected":false},"excerpt":{"rendered":"<p>97 FM R\u00e1dio, Clube de Pombal &#8220;Debate sobre propriedade intelectual para a inova\u00e7\u00e3o empresarial &nbsp; Pombal 97 fm \/ Tecnologia \u2013 O Instituto Polit\u00e9cnico de Leiria (IPL), a Associa\u00e7\u00e3o Empresarial da Regi\u00e3o de Leiria (Nerlei) e a empresa JPCruz v\u00e3o divulgar, na quinta-feira, dia 13, tecnologias e produtos inovadores. A sess\u00e3o, subordinada ao tema \u201cDa [&hellip;]<\/p>\n","protected":false},"author":4286,"featured_media":0,"comment_status":"open","ping_status":"open","sticky":false,"template":"","format":"standard","meta":{"footnotes":""},"categories":[111880,9],"tags":[],"class_list":["post-3025","post","type-post","status-publish","format-standard","hentry","category-exposicao-da-invencao-ao-mercado","category-noticias","entry-image--landscape"],"_links":{"self":[{"href":"https:\/\/sites.ipleiria.pt\/projetocp2s\/wp-json\/wp\/v2\/posts\/3025","targetHints":{"allow":["GET"]}}],"collection":[{"href":"https:\/\/sites.ipleiria.pt\/projetocp2s\/wp-json\/wp\/v2\/posts"}],"about":[{"href":"https:\/\/sites.ipleiria.pt\/projetocp2s\/wp-json\/wp\/v2\/types\/post"}],"author":[{"embeddable":true,"href":"https:\/\/sites.ipleiria.pt\/projetocp2s\/wp-json\/wp\/v2\/users\/4286"}],"replies":[{"embeddable":true,"href":"https:\/\/sites.ipleiria.pt\/projetocp2s\/wp-json\/wp\/v2\/comments?post=3025"}],"version-history":[{"count":2,"href":"https:\/\/sites.ipleiria.pt\/projetocp2s\/wp-json\/wp\/v2\/posts\/3025\/revisions"}],"predecessor-version":[{"id":3029,"href":"https:\/\/sites.ipleiria.pt\/projetocp2s\/wp-json\/wp\/v2\/posts\/3025\/revisions\/3029"}],"wp:attachment":[{"href":"https:\/\/sites.ipleiria.pt\/projetocp2s\/wp-json\/wp\/v2\/media?parent=3025"}],"wp:term":[{"taxonomy":"category","embeddable":true,"href":"https:\/\/sites.ipleiria.pt\/projetocp2s\/wp-json\/wp\/v2\/categories?post=3025"},{"taxonomy":"post_tag","embeddable":true,"href":"https:\/\/sites.ipleiria.pt\/projetocp2s\/wp-json\/wp\/v2\/tags?post=3025"}],"curies":[{"name":"wp","href":"https:\/\/api.w.org\/{rel}","templated":true}]}}