{"id":3027,"date":"2018-12-13T11:52:25","date_gmt":"2018-12-13T11:52:25","guid":{"rendered":"http:\/\/sites.ipleiria.pt\/projetocp2s\/?p=3027"},"modified":"2019-01-25T15:48:37","modified_gmt":"2019-01-25T15:48:37","slug":"da-invencao-ao-mercado-13-de-dezembro-leiria","status":"publish","type":"post","link":"https:\/\/sites.ipleiria.pt\/projetocp2s\/2018\/12\/13\/da-invencao-ao-mercado-13-de-dezembro-leiria\/","title":{"rendered":"\u201cDa inven\u00e7\u00e3o ao mercado\u201d \u2013 13 de dezembro, Leiria"},"content":{"rendered":"<blockquote><p><span style=\"font-size: 14pt\">Secretaria Geral da Economia<\/span><\/p><\/blockquote>\n<p style=\"text-align: justify\">&#8220;No dia&nbsp;13 de dezembro&nbsp;o&nbsp;Polit\u00e9cnico de Leiria,&nbsp;em parceria com a&nbsp;Associa\u00e7\u00e3o Empresarial da Regi\u00e3o de Leiria&nbsp;(NERLEI) e a empresa JPCruz, dinamiza a iniciativa subordinada ao tema \u201cDa Inven\u00e7\u00e3o ao Mercado\u201d,&nbsp;destinada a empresas, incubadoras e aceleradoras de empresas.&nbsp;<\/p>\n<p>O evento, que ter\u00e1 lugar no edif\u00edcio da NERLEIi, conta com a presen\u00e7a do&nbsp;Secret\u00e1rio de Estado da Economia, Jo\u00e3o Correia Neves, e do Presidente da Ag\u00eancia para a Competitividade e Inova\u00e7\u00e3o (IAPMEI), Nuno Mangas.&nbsp;<\/p>\n<p>Esta iniciativa&nbsp;pretende ser um espa\u00e7o de divulga\u00e7\u00e3o, valoriza\u00e7\u00e3o e partilha das tecnologias mais promissoras e produtos inovadores, desenvolvidos no \u00e2mbito das atividades de I&amp;D do Polit\u00e9cnico de Leiria, e simultaneamente gerar oportunidades de transfer\u00eancia dessas tecnologias para o mercado.&#8221;<\/p>\n<p><strong><a href=\"https:\/\/www.sgeconomia.gov.pt\/destaques\/da-invencao-ao-mercado-13-de-dezembro-leiria-.aspx\">(Consulte aqui a Not\u00edcia na integra)<\/a><\/strong><\/p>\n<p>&nbsp;<\/p>\n","protected":false},"excerpt":{"rendered":"<p>Secretaria Geral da Economia &#8220;No dia&nbsp;13 de dezembro&nbsp;o&nbsp;Polit\u00e9cnico de Leiria,&nbsp;em parceria com a&nbsp;Associa\u00e7\u00e3o Empresarial da Regi\u00e3o de Leiria&nbsp;(NERLEI) e a empresa JPCruz, dinamiza a iniciativa subordinada ao tema \u201cDa Inven\u00e7\u00e3o ao Mercado\u201d,&nbsp;destinada a empresas, incubadoras e aceleradoras de empresas.&nbsp; O evento, que ter\u00e1 lugar no edif\u00edcio da NERLEIi, conta com a presen\u00e7a do&nbsp;Secret\u00e1rio de Estado [&hellip;]<\/p>\n","protected":false},"author":4286,"featured_media":0,"comment_status":"open","ping_status":"open","sticky":false,"template":"","format":"standard","meta":{"footnotes":""},"categories":[111880,9],"tags":[],"class_list":["post-3027","post","type-post","status-publish","format-standard","hentry","category-exposicao-da-invencao-ao-mercado","category-noticias","entry-image--landscape"],"_links":{"self":[{"href":"https:\/\/sites.ipleiria.pt\/projetocp2s\/wp-json\/wp\/v2\/posts\/3027","targetHints":{"allow":["GET"]}}],"collection":[{"href":"https:\/\/sites.ipleiria.pt\/projetocp2s\/wp-json\/wp\/v2\/posts"}],"about":[{"href":"https:\/\/sites.ipleiria.pt\/projetocp2s\/wp-json\/wp\/v2\/types\/post"}],"author":[{"embeddable":true,"href":"https:\/\/sites.ipleiria.pt\/projetocp2s\/wp-json\/wp\/v2\/users\/4286"}],"replies":[{"embeddable":true,"href":"https:\/\/sites.ipleiria.pt\/projetocp2s\/wp-json\/wp\/v2\/comments?post=3027"}],"version-history":[{"count":1,"href":"https:\/\/sites.ipleiria.pt\/projetocp2s\/wp-json\/wp\/v2\/posts\/3027\/revisions"}],"predecessor-version":[{"id":3028,"href":"https:\/\/sites.ipleiria.pt\/projetocp2s\/wp-json\/wp\/v2\/posts\/3027\/revisions\/3028"}],"wp:attachment":[{"href":"https:\/\/sites.ipleiria.pt\/projetocp2s\/wp-json\/wp\/v2\/media?parent=3027"}],"wp:term":[{"taxonomy":"category","embeddable":true,"href":"https:\/\/sites.ipleiria.pt\/projetocp2s\/wp-json\/wp\/v2\/categories?post=3027"},{"taxonomy":"post_tag","embeddable":true,"href":"https:\/\/sites.ipleiria.pt\/projetocp2s\/wp-json\/wp\/v2\/tags?post=3027"}],"curies":[{"name":"wp","href":"https:\/\/api.w.org\/{rel}","templated":true}]}}