{"id":3030,"date":"2018-12-13T12:02:06","date_gmt":"2018-12-13T12:02:06","guid":{"rendered":"http:\/\/sites.ipleiria.pt\/projetocp2s\/?p=3030"},"modified":"2019-01-25T15:48:31","modified_gmt":"2019-01-25T15:48:31","slug":"da-invencao-ao-mercado","status":"publish","type":"post","link":"https:\/\/sites.ipleiria.pt\/projetocp2s\/2018\/12\/13\/da-invencao-ao-mercado\/","title":{"rendered":"&#8220;Da Inven\u00e7\u00e3o ao Mercado&#8221;"},"content":{"rendered":"<blockquote><p><span style=\"font-size: 14pt\">NERLEI<\/span><\/p>\n<p>&nbsp;<\/p><\/blockquote>\n<table style=\"width: 100%\" border=\"0\" width=\"100%\" cellspacing=\"2\" cellpadding=\"4\">\n<tbody>\n<tr>\n<td class=\"nformacaobox\" style=\"width: 25.3571%\" valign=\"top\" width=\"100\"><strong>\u00c1reas<\/strong><\/td>\n<td class=\"nformacaobox\" style=\"width: 4.46428%\" align=\"center\" width=\"10\">:<\/td>\n<td class=\"nformacaobox\" style=\"width: 76.4285%\">Inova\u00e7\u00e3o<\/td>\n<\/tr>\n<tr>\n<td class=\"nformacaobox\" style=\"width: 25.3571%\" valign=\"top\" width=\"100\"><strong>Designa\u00e7\u00e3o<\/strong><\/td>\n<td class=\"nformacaobox\" style=\"width: 4.46428%\" align=\"center\" width=\"10\">:<\/td>\n<td class=\"nformacaobox\" style=\"width: 76.4285%\">&#8220;Da Inven\u00e7\u00e3o ao Mercado&#8221;<\/td>\n<\/tr>\n<tr>\n<td class=\"nformacaobox\" style=\"width: 25.3571%\" valign=\"top\" width=\"100\"><strong>Data de In\u00edcio<\/strong><\/td>\n<td class=\"nformacaobox\" style=\"width: 4.46428%\" align=\"center\" width=\"10\">:<\/td>\n<td class=\"nformacaobox\" style=\"width: 76.4285%\">2018-12-13<\/td>\n<\/tr>\n<tr>\n<td class=\"nformacaobox\" style=\"width: 25.3571%\" valign=\"top\" width=\"100\"><strong>Hora de In\u00edcio<\/strong><\/td>\n<td class=\"nformacaobox\" style=\"width: 4.46428%\" align=\"center\" width=\"10\">:<\/td>\n<td class=\"nformacaobox\" style=\"width: 76.4285%\">16h45<\/td>\n<\/tr>\n<tr>\n<td class=\"nformacaobox\" style=\"width: 25.3571%\" valign=\"top\" width=\"100\"><strong>Data de Fim<\/strong><\/td>\n<td class=\"nformacaobox\" style=\"width: 4.46428%\" align=\"center\" width=\"10\">:<\/td>\n<td class=\"nformacaobox\" style=\"width: 76.4285%\">2018-12-13<\/td>\n<\/tr>\n<tr>\n<td class=\"nformacaobox\" style=\"width: 25.3571%\" valign=\"top\" width=\"100\"><strong>Hora de Fim<\/strong><\/td>\n<td class=\"nformacaobox\" style=\"width: 4.46428%\" align=\"center\" width=\"10\">:<\/td>\n<td class=\"nformacaobox\" style=\"width: 76.4285%\">23h00<\/td>\n<\/tr>\n<tr>\n<td class=\"nformacaobox\" style=\"width: 25.3571%\" valign=\"top\" width=\"100\"><strong>Local<\/strong><\/td>\n<td class=\"nformacaobox\" style=\"width: 4.46428%\" align=\"center\" width=\"10\">:<\/td>\n<td class=\"nformacaobox\" style=\"width: 76.4285%\">Ed. NERLEI<\/td>\n<\/tr>\n<\/tbody>\n<\/table>\n<div>&nbsp;<\/div>\n<div class=\"texto_titulos\"><strong>Programa<\/strong><\/div>\n<div>&nbsp;<\/div>\n<p>Tendo em vista a valoriza\u00e7\u00e3o, partilha e transfer\u00eancia das tecnologias e\/ou produtos inovadores, desenvolvidos no \u00e2mbito das atividades de I&amp;D, o Polit\u00e9cnico de Leiria, em parceria com a NERLEI e a empresa JPCruz, tem a honra de convidar V. Exa para participar neste evento de acordo com o programa:<\/p>\n<p><strong>16:45 \/\/ Rece\u00e7\u00e3o aos Convidados<\/strong><\/p>\n<p><strong>17:00 \/\/ Abertura<\/strong><\/p>\n<p>Rui Pedrosa &#8211; Presidente do Polit\u00e9cnico de Leiria<\/p>\n<p>Ant\u00f3nio Po\u00e7as &#8211; Presidente da NERLEI<\/p>\n<p>Jo\u00e3o Pereira da Cruz &#8211; Administrador da JPCruz<\/p>\n<p><strong>17:10 \/\/ Import\u00e2ncia da Propriedade Industrial no Sector Acad\u00e9mico e no Sector Empresarial<\/strong><\/p>\n<p>Rui Gomes &#8211; JPCruz<\/p>\n<p><strong>17:20 \/\/ Life of a file<\/strong><\/p>\n<p>Representante do European Patent Office<\/p>\n<p><strong>17:45 \/\/ Aposta estrat\u00e9gica em Inova\u00e7\u00e3o e Propriedade Industrial<\/strong><\/p>\n<p>Lara Moura &#8211; Research and Innovation Manager da A-to-Be da BRISA<\/p>\n<p><strong>18:05 \/\/ Debate<\/strong><\/p>\n<p><strong>18:25 \/\/ Coffee &#8211; break<\/strong><\/p>\n<p><strong>18:30 \/\/ Exposi\u00e7\u00e3o &#8220;A Propriedade Industrial no Polit\u00e9cnico de Leiria&#8221;<\/strong><\/p>\n<p>Intera\u00e7\u00e3o Inventores &#8211; Empresas:<\/p>\n<ul>\n<li>Sala TGA &#8211; The Bridge to Healthcare innovation<\/li>\n<li>Sala MOVICORTES &#8211;&nbsp; The Bridge to Engineering &amp; Manufacturing innovation<\/li>\n<\/ul>\n<p><strong>20:30 \/\/ Jantar&nbsp; de Networking<\/strong><\/p>\n<p><strong>22:30 \/\/ Encerramento<\/strong><\/p>\n<p>&nbsp;<\/p>\n<p><strong>Participa\u00e7\u00e3o gratuita! Inscri\u00e7\u00e3o Obrigat\u00f3ria<\/strong>.<\/p>\n<p>&nbsp;<\/p>\n<p><strong><a href=\"http:\/\/www.nerlei.pt\/pt\/eventos\/da-nerlei\/36484-da-invencao-ao-mercado\">(Consulte aqui a Not\u00edcia na integra)<\/a><\/strong><\/p>\n<p>&nbsp;<\/p>\n","protected":false},"excerpt":{"rendered":"<p>NERLEI &nbsp; \u00c1reas : Inova\u00e7\u00e3o Designa\u00e7\u00e3o : &#8220;Da Inven\u00e7\u00e3o ao Mercado&#8221; Data de In\u00edcio : 2018-12-13 Hora de In\u00edcio : 16h45 Data de Fim : 2018-12-13 Hora de Fim : 23h00 Local : Ed. NERLEI &nbsp; Programa &nbsp; Tendo em vista a valoriza\u00e7\u00e3o, partilha e transfer\u00eancia das tecnologias e\/ou produtos inovadores, desenvolvidos no \u00e2mbito das [&hellip;]<\/p>\n","protected":false},"author":4286,"featured_media":0,"comment_status":"open","ping_status":"open","sticky":false,"template":"","format":"standard","meta":{"footnotes":""},"categories":[111880,9],"tags":[],"class_list":["post-3030","post","type-post","status-publish","format-standard","hentry","category-exposicao-da-invencao-ao-mercado","category-noticias","entry-image--landscape"],"_links":{"self":[{"href":"https:\/\/sites.ipleiria.pt\/projetocp2s\/wp-json\/wp\/v2\/posts\/3030","targetHints":{"allow":["GET"]}}],"collection":[{"href":"https:\/\/sites.ipleiria.pt\/projetocp2s\/wp-json\/wp\/v2\/posts"}],"about":[{"href":"https:\/\/sites.ipleiria.pt\/projetocp2s\/wp-json\/wp\/v2\/types\/post"}],"author":[{"embeddable":true,"href":"https:\/\/sites.ipleiria.pt\/projetocp2s\/wp-json\/wp\/v2\/users\/4286"}],"replies":[{"embeddable":true,"href":"https:\/\/sites.ipleiria.pt\/projetocp2s\/wp-json\/wp\/v2\/comments?post=3030"}],"version-history":[{"count":1,"href":"https:\/\/sites.ipleiria.pt\/projetocp2s\/wp-json\/wp\/v2\/posts\/3030\/revisions"}],"predecessor-version":[{"id":3031,"href":"https:\/\/sites.ipleiria.pt\/projetocp2s\/wp-json\/wp\/v2\/posts\/3030\/revisions\/3031"}],"wp:attachment":[{"href":"https:\/\/sites.ipleiria.pt\/projetocp2s\/wp-json\/wp\/v2\/media?parent=3030"}],"wp:term":[{"taxonomy":"category","embeddable":true,"href":"https:\/\/sites.ipleiria.pt\/projetocp2s\/wp-json\/wp\/v2\/categories?post=3030"},{"taxonomy":"post_tag","embeddable":true,"href":"https:\/\/sites.ipleiria.pt\/projetocp2s\/wp-json\/wp\/v2\/tags?post=3030"}],"curies":[{"name":"wp","href":"https:\/\/api.w.org\/{rel}","templated":true}]}}