{"id":3255,"date":"2018-12-20T16:52:59","date_gmt":"2018-12-20T16:52:59","guid":{"rendered":"http:\/\/sites.ipleiria.pt\/projetocp2s\/?p=3255"},"modified":"2019-03-11T15:38:05","modified_gmt":"2019-03-11T15:38:05","slug":"histoire-de-la-ceramique-en-planche-phototypiques-inalterables-vol-2","status":"publish","type":"post","link":"https:\/\/sites.ipleiria.pt\/projetocp2s\/2018\/12\/20\/histoire-de-la-ceramique-en-planche-phototypiques-inalterables-vol-2\/","title":{"rendered":"Histoire de la c\u00e9ramique en planche phototypiques inalt\u00e9rables &#8211; Vol. 2"},"content":{"rendered":"<blockquote><p><span style=\"font-size: 14pt\">Histoire de la c\u00e9ramique en planche phototypiques inalt\u00e9rables<\/span><\/p><\/blockquote>\n<div>&nbsp;<\/div>\n<p><strong>Biografia do Autor:<\/strong><\/p>\n<div style=\"text-align: justify\">August Demmin (01.04.1817 \u2013 17.06.1898) foi um historiador de arte alem\u00e3o que se especializou na arte medieval e renascentista alem\u00e3, na hist\u00f3ria da pintura alem\u00e3, na hist\u00f3ria da cer\u00e2mica, e na hist\u00f3ria das armas e armaduras. Experimentou outros g\u00e9neros liter\u00e1rios como o romance e o ensaio. Em 1840 muda-se para Paris para trabalhar como comerciante, permanecendo na capital francesa at\u00e9 1872. Foi durante este per\u00edodo que se dedicou ao estudo e investiga\u00e7\u00e3o em hist\u00f3ria da arte, especialmente nas tem\u00e1ticas da cer\u00e2mica e das armas e armaduras, tendo publicado dois guias amadores relativamente a essas tem\u00e1ticas em 1861 e 1869 respetivamente.Sendo um homem versado no com\u00e9rcio e com gosto pelas artes, n\u00e3o \u00e9 de admirar que Demmin fosse um \u00e1vido colecionador. Em 1866, publica um cat\u00e1logo sobre a sua cole\u00e7\u00e3o de cer\u00e2mica, uma edi\u00e7\u00e3o alargada em 1868, uma edi\u00e7\u00e3o \u201cem pranchas fotot\u00edpicas\u201d em 1875 (obra em exposi\u00e7\u00e3o), e uma edi\u00e7\u00e3o traduzida em alem\u00e3o em 1882. Ainda sobre a cer\u00e2mica, publica uma s\u00e9rie de ensaios intitulada <em>Keramik-Studien<\/em> em 1881. O culminar da sua investiga\u00e7\u00e3o em hist\u00f3ria de arte \u00e9 atingido com a publica\u00e7\u00e3o da <em>Encyclop\u00e9die historique, arch\u00e9ologique, biographique, chronologique et monogrammatique des beaux-arts plastiques<\/em> em 3 tomos (1873-74). Atualmente, a sua cole\u00e7\u00e3o encontra-se no Museu Wiesbaden.<\/div>\n<p>&nbsp;<\/p>\n<p><strong>Resumo da Monografia:<\/strong><\/p>\n<div style=\"text-align: justify\">O segundo volume resulta da dificuldade de reunir toda a informa\u00e7\u00e3o e imagens num \u00fanico volume, pelo que este volume completa o primeiro <em>Histoire de la c\u00e9ramique en planche phototypiques inalt\u00e9rables<\/em>. Existe uma refer\u00eancia \u00e0 cer\u00e2mica portuguesa (placa 158). Inclui uma tabela geral cronol\u00f3gica dividida por continentes e, na Europa, por escolas.<\/div>\n<p>&nbsp;<\/p>\n<div>&#8211; Monografia Online disponibilizada na &#8220;Gallica &#8211; Biblioteca digital da Biblioteca Nacional de Fran\u00e7a&#8221; &#8211;&nbsp;<strong><a href=\"https:\/\/gallica.bnf.fr\/ark:\/12148\/bpt6k61415633\/f1.item\">(aqui)<\/a><\/strong><\/div>\n<p style=\"text-align: left\">&nbsp;<\/p>\n<p style=\"text-align: center\"><img loading=\"lazy\" decoding=\"async\" class=\"alignnone wp-image-3256\" src=\"http:\/\/sites.ipleiria.pt\/projetocp2s\/files\/2018\/12\/0356_004-192x300.jpg\" alt=\"\" width=\"744\" height=\"1163\" srcset=\"https:\/\/sites.ipleiria.pt\/projetocp2s\/files\/2018\/12\/0356_004-192x300.jpg 192w, https:\/\/sites.ipleiria.pt\/projetocp2s\/files\/2018\/12\/0356_004-6x10.jpg 6w, https:\/\/sites.ipleiria.pt\/projetocp2s\/files\/2018\/12\/0356_004-396x620.jpg 396w, https:\/\/sites.ipleiria.pt\/projetocp2s\/files\/2018\/12\/0356_004-140x220.jpg 140w\" sizes=\"auto, (max-width: 600px) 91vw, (max-width: 900px) 600px, (max-width: 1060px) 50vw, (max-width: 1200px) 520px, (max-width: 1400px) 43vw, 600px\" \/><span style=\"font-size: 10pt\">&#8211; DEMMIN, August &#8211; <em>Histoire de la c\u00e9ramique en planche phototypiques inalt\u00e9rables (\u00c9d. 1875)<\/em>. [Paris]: Hachette Livre: BNF, 2013. 392 p. (Vol.2) (Arts : G\u00e9n\u00e9ralit\u00e9s). Edi\u00e7\u00e3o fac-similada. Complemento de t\u00edtulo &#8211; Avec texte explicatif: L&#8217;Asie, L&#8217;Am\u00e9rique, L&#8217;Afrique et L&#8217;Europe par ordre chronologique.<\/span><\/p>\n<p>&nbsp;<\/p>\n","protected":false},"excerpt":{"rendered":"<p>Histoire de la c\u00e9ramique en planche phototypiques inalt\u00e9rables &nbsp; Biografia do Autor: August Demmin (01.04.1817 \u2013 17.06.1898) foi um historiador de arte alem\u00e3o que se especializou na arte medieval e renascentista alem\u00e3, na hist\u00f3ria da pintura alem\u00e3, na hist\u00f3ria da cer\u00e2mica, e na hist\u00f3ria das armas e armaduras. Experimentou outros g\u00e9neros liter\u00e1rios como o romance [&hellip;]<\/p>\n","protected":false},"author":4286,"featured_media":3256,"comment_status":"open","ping_status":"open","sticky":false,"template":"","format":"standard","meta":{"footnotes":""},"categories":[133170,110974,4072,111879,111887],"tags":[],"class_list":["post-3255","post","type-post","status-publish","format-standard","has-post-thumbnail","hentry","category-biblioteca-de-um-ceramista-industrial-1880-1980","category-centro-de-documentacao","category-exposicoes","category-monografias","category-nucleo-a-fabrica-belo","entry-image--portrait"],"_links":{"self":[{"href":"https:\/\/sites.ipleiria.pt\/projetocp2s\/wp-json\/wp\/v2\/posts\/3255","targetHints":{"allow":["GET"]}}],"collection":[{"href":"https:\/\/sites.ipleiria.pt\/projetocp2s\/wp-json\/wp\/v2\/posts"}],"about":[{"href":"https:\/\/sites.ipleiria.pt\/projetocp2s\/wp-json\/wp\/v2\/types\/post"}],"author":[{"embeddable":true,"href":"https:\/\/sites.ipleiria.pt\/projetocp2s\/wp-json\/wp\/v2\/users\/4286"}],"replies":[{"embeddable":true,"href":"https:\/\/sites.ipleiria.pt\/projetocp2s\/wp-json\/wp\/v2\/comments?post=3255"}],"version-history":[{"count":4,"href":"https:\/\/sites.ipleiria.pt\/projetocp2s\/wp-json\/wp\/v2\/posts\/3255\/revisions"}],"predecessor-version":[{"id":3446,"href":"https:\/\/sites.ipleiria.pt\/projetocp2s\/wp-json\/wp\/v2\/posts\/3255\/revisions\/3446"}],"wp:featuredmedia":[{"embeddable":true,"href":"https:\/\/sites.ipleiria.pt\/projetocp2s\/wp-json\/wp\/v2\/media\/3256"}],"wp:attachment":[{"href":"https:\/\/sites.ipleiria.pt\/projetocp2s\/wp-json\/wp\/v2\/media?parent=3255"}],"wp:term":[{"taxonomy":"category","embeddable":true,"href":"https:\/\/sites.ipleiria.pt\/projetocp2s\/wp-json\/wp\/v2\/categories?post=3255"},{"taxonomy":"post_tag","embeddable":true,"href":"https:\/\/sites.ipleiria.pt\/projetocp2s\/wp-json\/wp\/v2\/tags?post=3255"}],"curies":[{"name":"wp","href":"https:\/\/api.w.org\/{rel}","templated":true}]}}