{"id":3265,"date":"2019-01-02T11:53:08","date_gmt":"2019-01-02T11:53:08","guid":{"rendered":"http:\/\/sites.ipleiria.pt\/projetocp2s\/?p=3265"},"modified":"2019-03-11T15:38:52","modified_gmt":"2019-03-11T15:38:52","slug":"la-ceramique-industrielle-vol-1","status":"publish","type":"post","link":"https:\/\/sites.ipleiria.pt\/projetocp2s\/2019\/01\/02\/la-ceramique-industrielle-vol-1\/","title":{"rendered":"La C\u00e9ramique Industrielle &#8211; Vol. 1"},"content":{"rendered":"<blockquote><p><span style=\"font-size: 14pt\">La c\u00e9ramique industrielle: Chimie-technologie<\/span><\/p><\/blockquote>\n<div>&nbsp;<\/div>\n<p><strong>Biografia do Autor:<\/strong><\/p>\n<div style=\"text-align: justify\">Albert Granger (23.08.1866 \u2013 30.03.1935) foi um qu\u00edmico franc\u00eas. Entre 1889 e 1891 ocupou um posto de prepara\u00e7\u00e3o do curso de qu\u00edmica anal\u00edtica na Faculdade de Ci\u00eancias. Aquando da constitui\u00e7\u00e3o da Escola de cer\u00e2mica de S\u00e8vre, em 1894, Granger ficou encarregue de organizar dois cursos, o de tecnologia cer\u00e2mica, e o de qu\u00edmica, este adaptado \u00e0 profiss\u00e3o de ceramista, cursos que ministrou durante 31 anos. Em 1898 apresenta a sua tese sobre os fosforetos met\u00e1licos, recebendo o grau de Doutor em Ci\u00eancias F\u00edsicas. Simultaneamente ao cargo de formador, assumiu a fun\u00e7\u00e3o de chefe de trabalhos do laborat\u00f3rio na Manufacture de S\u00e8vres, direcionando o ensino pr\u00e1tico dos alunos para os campos da cer\u00e2mica e da qu\u00edmica aplicada \u00e0 cer\u00e2mica. Naquele tamb\u00e9m fazia an\u00e1lises espec\u00edficas tanto para a Manufacture como para fabricantes externos. Com este contato direto com os industriais cer\u00e2micos, aliado ao ensino, Granger adquiriu um status de perito t\u00e9cnico. Em 1910,foi criado, por decreto oficial, o laborat\u00f3rio de testes da Manufacture de S\u00e8vres e Granger foi nomeado para a dire\u00e7\u00e3o do servi\u00e7o, cargo que ocuparia at\u00e9 1931. Em 1905, ap\u00f3s in\u00fameros trabalhos de investiga\u00e7\u00e3o, publica o seu primeiro livro <em>La c\u00e9ramique industrielle<\/em>, com edi\u00e7\u00e3o aumentada em 1929 (obra em exposi\u00e7\u00e3o). A 30 de setembro de 1920, Granger \u00e9 condecorado Cavaleiro da Legi\u00e3o de Honra.<\/div>\n<p>&nbsp;<\/p>\n<p><strong>Resumo da Monografia:<\/strong><\/p>\n<div>\n<p style=\"text-align: justify\">O primeiro volume de <em>La c\u00e9ramique industrielle: Chimie-technologie<\/em> trata dos materiais utilizados na cer\u00e2mica industrial: mat\u00e9rias-primas pl\u00e1sticas e n\u00e3o-pl\u00e1sticas, as an\u00e1lises a realizar nas mat\u00e9rias-primas, pastas cer\u00e2micas, coberturas e cores, e as t\u00e9cnicas usadas na prepara\u00e7\u00e3o de pastas cer\u00e2micas a n\u00edvel industrial (moldagem, secagem, processos de cozedura e acabamentos).<\/p>\n<\/div>\n<p style=\"text-align: left\">&nbsp;<\/p>\n<p style=\"text-align: center\"><span style=\"font-size: 10pt\"><img loading=\"lazy\" decoding=\"async\" class=\"alignnone wp-image-3266\" src=\"http:\/\/sites.ipleiria.pt\/projetocp2s\/files\/2019\/01\/0360_001-190x300.jpg\" alt=\"\" width=\"924\" height=\"1459\" srcset=\"https:\/\/sites.ipleiria.pt\/projetocp2s\/files\/2019\/01\/0360_001-190x300.jpg 190w, https:\/\/sites.ipleiria.pt\/projetocp2s\/files\/2019\/01\/0360_001-768x1214.jpg 768w, https:\/\/sites.ipleiria.pt\/projetocp2s\/files\/2019\/01\/0360_001-648x1024.jpg 648w, https:\/\/sites.ipleiria.pt\/projetocp2s\/files\/2019\/01\/0360_001-6x10.jpg 6w, https:\/\/sites.ipleiria.pt\/projetocp2s\/files\/2019\/01\/0360_001-432x683.jpg 432w, https:\/\/sites.ipleiria.pt\/projetocp2s\/files\/2019\/01\/0360_001-396x626.jpg 396w, https:\/\/sites.ipleiria.pt\/projetocp2s\/files\/2019\/01\/0360_001-660x1043.jpg 660w, https:\/\/sites.ipleiria.pt\/projetocp2s\/files\/2019\/01\/0360_001-139x220.jpg 139w\" sizes=\"auto, (max-width: 600px) 91vw, (max-width: 900px) 600px, (max-width: 1060px) 50vw, (max-width: 1200px) 520px, (max-width: 1400px) 43vw, 600px\" \/>&#8211;&nbsp;<\/span><span style=\"font-size: 10pt\">GRANGER, Albert &#8211; <em>La c\u00e9ramique industrielle: Chimie-technologie<\/em>. Paris: Gauthier-Villars, 1929. x, da 1 \u00e0 398 e x p. (Vol. 1) Biblioth\u00e8que technologique<\/span><\/p>\n<p>&nbsp;<\/p>\n","protected":false},"excerpt":{"rendered":"<p>La c\u00e9ramique industrielle: Chimie-technologie &nbsp; Biografia do Autor: Albert Granger (23.08.1866 \u2013 30.03.1935) foi um qu\u00edmico franc\u00eas. Entre 1889 e 1891 ocupou um posto de prepara\u00e7\u00e3o do curso de qu\u00edmica anal\u00edtica na Faculdade de Ci\u00eancias. Aquando da constitui\u00e7\u00e3o da Escola de cer\u00e2mica de S\u00e8vre, em 1894, Granger ficou encarregue de organizar dois cursos, o de [&hellip;]<\/p>\n","protected":false},"author":4286,"featured_media":3266,"comment_status":"open","ping_status":"open","sticky":false,"template":"","format":"standard","meta":{"footnotes":""},"categories":[133170,110974,4072,111879,111887],"tags":[],"class_list":["post-3265","post","type-post","status-publish","format-standard","has-post-thumbnail","hentry","category-biblioteca-de-um-ceramista-industrial-1880-1980","category-centro-de-documentacao","category-exposicoes","category-monografias","category-nucleo-a-fabrica-belo","entry-image--portrait"],"_links":{"self":[{"href":"https:\/\/sites.ipleiria.pt\/projetocp2s\/wp-json\/wp\/v2\/posts\/3265","targetHints":{"allow":["GET"]}}],"collection":[{"href":"https:\/\/sites.ipleiria.pt\/projetocp2s\/wp-json\/wp\/v2\/posts"}],"about":[{"href":"https:\/\/sites.ipleiria.pt\/projetocp2s\/wp-json\/wp\/v2\/types\/post"}],"author":[{"embeddable":true,"href":"https:\/\/sites.ipleiria.pt\/projetocp2s\/wp-json\/wp\/v2\/users\/4286"}],"replies":[{"embeddable":true,"href":"https:\/\/sites.ipleiria.pt\/projetocp2s\/wp-json\/wp\/v2\/comments?post=3265"}],"version-history":[{"count":5,"href":"https:\/\/sites.ipleiria.pt\/projetocp2s\/wp-json\/wp\/v2\/posts\/3265\/revisions"}],"predecessor-version":[{"id":3450,"href":"https:\/\/sites.ipleiria.pt\/projetocp2s\/wp-json\/wp\/v2\/posts\/3265\/revisions\/3450"}],"wp:featuredmedia":[{"embeddable":true,"href":"https:\/\/sites.ipleiria.pt\/projetocp2s\/wp-json\/wp\/v2\/media\/3266"}],"wp:attachment":[{"href":"https:\/\/sites.ipleiria.pt\/projetocp2s\/wp-json\/wp\/v2\/media?parent=3265"}],"wp:term":[{"taxonomy":"category","embeddable":true,"href":"https:\/\/sites.ipleiria.pt\/projetocp2s\/wp-json\/wp\/v2\/categories?post=3265"},{"taxonomy":"post_tag","embeddable":true,"href":"https:\/\/sites.ipleiria.pt\/projetocp2s\/wp-json\/wp\/v2\/tags?post=3265"}],"curies":[{"name":"wp","href":"https:\/\/api.w.org\/{rel}","templated":true}]}}