{"id":3271,"date":"2019-01-02T14:17:51","date_gmt":"2019-01-02T14:17:51","guid":{"rendered":"http:\/\/sites.ipleiria.pt\/projetocp2s\/?p=3271"},"modified":"2019-03-11T15:40:04","modified_gmt":"2019-03-11T15:40:04","slug":"lart-de-reconnaitre-la-ceramique-francaise-et-etrangere","status":"publish","type":"post","link":"https:\/\/sites.ipleiria.pt\/projetocp2s\/2019\/01\/02\/lart-de-reconnaitre-la-ceramique-francaise-et-etrangere\/","title":{"rendered":"L&#8217;Art de Reconna\u00eetre la C\u00e9ramique Fran\u00e7aise et \u00c9trang\u00e8re"},"content":{"rendered":"<blockquote><p><span style=\"font-size: 14pt\"><em>L&#8217;art de reconna\u00eetre la c\u00e9ramique fran\u00e7aise et \u00e9trang\u00e8re: terre-cuite, fa\u00efence, porcelaine, gr\u00e8s, etc., avec les marques et monogrammes<\/em><\/span><\/p><\/blockquote>\n<div>&nbsp;<\/div>\n<p><strong>Biografia do Autor:<\/strong><\/p>\n<div style=\"text-align: justify\">\u00c9mile Bayard (16.04.1868 &#8211; &nbsp;23.12.1937) foi um historiador de arte franc\u00eas. Foi pupilo do seu pai, o ilustrador Emile Antoine Bayard, e do pintor William Bouguereau. Ap\u00f3s a morte do seu pai, em 1891, Bayard prosseguiu os seus estudos na Beaux-arts de Paris. Em 1905, foi nomeado inspetor do ensino do desenho e dos museus pelo Minist\u00e9rio da Instru\u00e7\u00e3o P\u00fablica e das Belas-artes, e posteriormente secret\u00e1rio do comit\u00e9 consultivo t\u00e9cnico das artes aplicadas. Participou em exposi\u00e7\u00f5es de car\u00e1ter internacional: na organiza\u00e7\u00e3o da Exposi\u00e7\u00e3o Internacional de Artes Decorativas e Industriais Modernas de Paris de 1925, e foi medalhado com ouro na Primeira Exposi\u00e7\u00e3o Internacional de Artes Decorativas Modernas de Turin de 1902 e na Exposi\u00e7\u00e3o Universal de Gand de 1913. Recebeu dois t\u00edtulos honor\u00edficos da Legi\u00e3o de Honra, de Cavaleiro a 4 de novembro de 1920 e de Oficial a 19 de maio de 1926. O seu legado revela uma colabora\u00e7\u00e3o entre os mundos das artes e das letras: <em>L&#8217;Illustration et les illustrateurs<\/em> (gravura), a revista <em>Le Nu esth\u00e9tique<\/em> (fototipia) entre 1902-1907, a revista <em>Plantes &amp; fleurs<\/em> (fototipia) em 1906, e <em>L&#8217;Academie en Plein Air <\/em>(duotone) s\u00e3o alguns exemplos. Produziu duas cole\u00e7\u00f5es sobre hist\u00f3ria de arte ao estilo de manual de prepara\u00e7\u00e3o do estudo da arte, a <em>L&#8217;art de reconna\u00eetre les styles<\/em>, com 13 volumes (1910-1931), e a <em>Guides pratiques de l&#8217;amateur et du collectionneur d&#8217;art<\/em>, com 10 volumes (1913-1929); de ressaltar a obra <em>L&#8217;art de reconna\u00eetre la c\u00e9ramique fran\u00e7aise et \u00e9trang\u00e8re<\/em> (obra em exposi\u00e7\u00e3o).<\/div>\n<p>&nbsp;<\/p>\n<p><strong>Resumo da Monografia:<\/strong><\/p>\n<div style=\"text-align: justify\">O autor introduz o leitor sobre \u00e0 tem\u00e1tica da cer\u00e2mica: as origens da cer\u00e2mica e as suas manifesta\u00e7\u00f5es gerais (terracota, cer\u00e2mica mate e com lustre); a cer\u00e2mica ao longo do tempo e do espa\u00e7o, com exemplos baseados nas pastas cer\u00e2micas mais caracter\u00edsticas de cada per\u00edodo hist\u00f3rico e local no globo (p.e. grega, romana, francesa, holandesa, espanhola, inglesa, alem\u00e3, chinesa e japonesa); breve an\u00e1lise da cer\u00e2mica sua contempor\u00e2nea; marcas e monogramas de produ\u00e7\u00e3o; e terminologia utilizada na cer\u00e2mica .<\/div>\n<p>&nbsp;<\/p>\n<div>&#8211; Monografia Online disponibilizada na &#8220;Gallica &#8211; Biblioteca digital da Biblioteca Nacional de Fran\u00e7a&#8221; &#8211;&nbsp;<a href=\"https:\/\/gallica.bnf.fr\/ark:\/12148\/bpt6k6370262n\/f1.item\"><strong>(aqui)<\/strong><\/a><\/div>\n<p style=\"text-align: left\">&nbsp;<\/p>\n<p style=\"text-align: center\"><span style=\"font-size: 10pt\"><img loading=\"lazy\" decoding=\"async\" class=\"alignnone wp-image-3272\" src=\"http:\/\/sites.ipleiria.pt\/projetocp2s\/files\/2019\/01\/0361_001-198x300.jpg\" alt=\"\" width=\"896\" height=\"1358\" srcset=\"https:\/\/sites.ipleiria.pt\/projetocp2s\/files\/2019\/01\/0361_001-198x300.jpg 198w, https:\/\/sites.ipleiria.pt\/projetocp2s\/files\/2019\/01\/0361_001-7x10.jpg 7w, https:\/\/sites.ipleiria.pt\/projetocp2s\/files\/2019\/01\/0361_001-432x654.jpg 432w, https:\/\/sites.ipleiria.pt\/projetocp2s\/files\/2019\/01\/0361_001-396x599.jpg 396w, https:\/\/sites.ipleiria.pt\/projetocp2s\/files\/2019\/01\/0361_001-660x999.jpg 660w, https:\/\/sites.ipleiria.pt\/projetocp2s\/files\/2019\/01\/0361_001-145x220.jpg 145w\" sizes=\"auto, (max-width: 600px) 91vw, (max-width: 900px) 600px, (max-width: 1060px) 50vw, (max-width: 1200px) 520px, (max-width: 1400px) 43vw, 600px\" \/>&#8211;&nbsp;<\/span><span style=\"font-size: 10pt\">\u00c9MILE-BAYARD &#8211; <em>L&#8217;art de reconna\u00eetre la c\u00e9ramique fran\u00e7aise et \u00e9trang\u00e8re: terre-cuite, fa\u00efence, porcelaine, gr\u00e8s, etc., avec les marques et monogrammes<\/em>. Paris: R. Roger et F. Chernoviz, 1920. [6], 458, [1] p. (Guides pratiques de l&#8217;amateur et du collectionneur d&#8217;art)<\/span><\/p>\n<p>&nbsp;<\/p>\n","protected":false},"excerpt":{"rendered":"<p>L&#8217;art de reconna\u00eetre la c\u00e9ramique fran\u00e7aise et \u00e9trang\u00e8re: terre-cuite, fa\u00efence, porcelaine, gr\u00e8s, etc., avec les marques et monogrammes &nbsp; Biografia do Autor: \u00c9mile Bayard (16.04.1868 &#8211; &nbsp;23.12.1937) foi um historiador de arte franc\u00eas. Foi pupilo do seu pai, o ilustrador Emile Antoine Bayard, e do pintor William Bouguereau. Ap\u00f3s a morte do seu pai, em [&hellip;]<\/p>\n","protected":false},"author":4286,"featured_media":3272,"comment_status":"open","ping_status":"open","sticky":false,"template":"","format":"standard","meta":{"footnotes":""},"categories":[133170,110974,4072,111879,111886],"tags":[],"class_list":["post-3271","post","type-post","status-publish","format-standard","has-post-thumbnail","hentry","category-biblioteca-de-um-ceramista-industrial-1880-1980","category-centro-de-documentacao","category-exposicoes","category-monografias","category-nucleo-1-fabrica-de-faiancas-das-caldas-da-rainha-e-escola-industrial-caldense","entry-image--portrait"],"_links":{"self":[{"href":"https:\/\/sites.ipleiria.pt\/projetocp2s\/wp-json\/wp\/v2\/posts\/3271","targetHints":{"allow":["GET"]}}],"collection":[{"href":"https:\/\/sites.ipleiria.pt\/projetocp2s\/wp-json\/wp\/v2\/posts"}],"about":[{"href":"https:\/\/sites.ipleiria.pt\/projetocp2s\/wp-json\/wp\/v2\/types\/post"}],"author":[{"embeddable":true,"href":"https:\/\/sites.ipleiria.pt\/projetocp2s\/wp-json\/wp\/v2\/users\/4286"}],"replies":[{"embeddable":true,"href":"https:\/\/sites.ipleiria.pt\/projetocp2s\/wp-json\/wp\/v2\/comments?post=3271"}],"version-history":[{"count":3,"href":"https:\/\/sites.ipleiria.pt\/projetocp2s\/wp-json\/wp\/v2\/posts\/3271\/revisions"}],"predecessor-version":[{"id":3452,"href":"https:\/\/sites.ipleiria.pt\/projetocp2s\/wp-json\/wp\/v2\/posts\/3271\/revisions\/3452"}],"wp:featuredmedia":[{"embeddable":true,"href":"https:\/\/sites.ipleiria.pt\/projetocp2s\/wp-json\/wp\/v2\/media\/3272"}],"wp:attachment":[{"href":"https:\/\/sites.ipleiria.pt\/projetocp2s\/wp-json\/wp\/v2\/media?parent=3271"}],"wp:term":[{"taxonomy":"category","embeddable":true,"href":"https:\/\/sites.ipleiria.pt\/projetocp2s\/wp-json\/wp\/v2\/categories?post=3271"},{"taxonomy":"post_tag","embeddable":true,"href":"https:\/\/sites.ipleiria.pt\/projetocp2s\/wp-json\/wp\/v2\/tags?post=3271"}],"curies":[{"name":"wp","href":"https:\/\/api.w.org\/{rel}","templated":true}]}}