{"id":3286,"date":"2019-01-02T19:22:41","date_gmt":"2019-01-02T19:22:41","guid":{"rendered":"http:\/\/sites.ipleiria.pt\/projetocp2s\/?p=3286"},"modified":"2019-03-11T15:41:21","modified_gmt":"2019-03-11T15:41:21","slug":"la-ceramique-francaise","status":"publish","type":"post","link":"https:\/\/sites.ipleiria.pt\/projetocp2s\/2019\/01\/02\/la-ceramique-francaise\/","title":{"rendered":"La C\u00e9ramique Fran\u00e7aise"},"content":{"rendered":"<blockquote><p><span style=\"font-size: 14pt\">La c\u00e9ramique fran\u00e7aise: Fayense, porcelaines, biscuits, gr\u00e8s, dates de la fondation des ateliers caract\u00e8ristiques, marques et monogrammes<\/span><\/p><\/blockquote>\n<div>&nbsp;<\/div>\n<p><strong>Biografia do Autor:<\/strong><\/p>\n<div style=\"text-align: justify\">Roger Raymond Peyre (11.04.1848 \u201330.11.1923) foi um historiador franc\u00eas que se destacou na hist\u00f3ria da arte. Licenciado em Direito em 1876 e em Letras em 1878, foi secret\u00e1rio do helenista Emile Egger em 1881. A sua vida profissional seguiu o rumo da academia: no Coll\u00e8ge Rollin (1881), enquanto suplente da disciplina de hist\u00f3ria; no Coll\u00e8ge Stanislas (1881-1902), enquanto professor agregado de hist\u00f3ria, geografia e literatura, onde fundou e ministrou o primeiro curso de hist\u00f3ria de arte para o ensino secund\u00e1rio em 1894; e no Lyc\u00e9e Charlemagne (1902-1913) enquanto professor agregado de hist\u00f3ria e geografia, recebendo o t\u00edtulo de professor honor\u00e1rio em 1913. A sua relev\u00e2ncia no mundo do ensino das artes mereceu-lhe convites para j\u00fari de admiss\u00e3o da Exposi\u00e7\u00e3o Universal de Paris de 1900 e para o Comit\u00e9 de organiza\u00e7\u00e3o do 2\u00e8 Congr\u00e8s de l\u2019enseignement du dessin (1904). Erudito ecl\u00e9tico, Peyre foi membro de variadas associa\u00e7\u00f5es, como da Soci\u00e9t\u00e9 des amis des monuments parisiense (1885), tendo pertencido ao comit\u00e9 desde 1897; da Soci\u00e9t\u00e9 de g\u00e9ographie commerciale de Paris (1886); da Soci\u00e9t\u00e9 des \u00e9tudes italiennes; e da Association pour l\u2019encouragement des \u00e9tudes grecques (1879); al\u00e9m de ter sido presidente da Soci\u00e9t\u00e9 des \u00e9tudes historiques em 1904. A 9 de setembro de 1920, \u00e9 condecorado Cavaleiro da Legi\u00e3o de Honra. O seu conhecimento enciclop\u00e9dico \u00e9 demonstrado nos seus escritos, quer se trate de biografias de personagens hist\u00f3ricas, manuais de hist\u00f3ria e hist\u00f3ria de arte, ou estudos de hist\u00f3ria ligados \u00e0 arte (artistas e obras), est\u00e9tica, arqueologia, literatura, militar ou m\u00fasica. De salientar a obra <em>La c\u00e9ramique fran\u00e7aise<\/em> (obra em exposi\u00e7\u00e3o). &nbsp;<\/div>\n<p>&nbsp;<\/p>\n<p><strong>Resumo da Monografia:<\/strong><\/p>\n<div style=\"text-align: justify\">Peyre introduz o leitor \u00e0 cer\u00e2mica francesa, come\u00e7ando por uma breve introdu\u00e7\u00e3o da import\u00e2ncia hist\u00f3rica e art\u00edstica das artes cer\u00e2micas e as dificuldades do seu estudo, seguindo-se uma resenha hist\u00f3rica da cer\u00e2mica francesa, dividida em cinco \u201clivros\u201d (comprimidos no mesmo documento), a saber Das origens \u00e0 utiliza\u00e7\u00e3o de cer\u00e2mica envernizada, Cer\u00e2mica envernizada \u00e0 esmaltada, O s\u00e9culo XVI, S\u00e9culo XVII, S\u00e9culo XVIII, e S\u00e9culo XIX, &nbsp;e termina com o elenco de caracter\u00edsticas, marcas e monogramas patentes na cer\u00e2mica francesa.<\/div>\n<p>&nbsp;<\/p>\n<div>&#8211; Monografia Online disponibilizada na &#8220;Gallica &#8211; Biblioteca digital da Biblioteca Nacional de Fran\u00e7a&#8221; &#8211;&nbsp;<a href=\"https:\/\/gallica.bnf.fr\/ark:\/12148\/bpt6k887534k\/f1.item\"><strong>(aqui)<\/strong><\/a><\/div>\n<p style=\"text-align: left\">&nbsp;<\/p>\n<p style=\"text-align: center\"><span style=\"font-size: 10pt\"><img loading=\"lazy\" decoding=\"async\" class=\"alignnone wp-image-3287\" src=\"http:\/\/sites.ipleiria.pt\/projetocp2s\/files\/2019\/01\/0361_003-178x300.jpg\" alt=\"\" width=\"665\" height=\"1121\" srcset=\"https:\/\/sites.ipleiria.pt\/projetocp2s\/files\/2019\/01\/0361_003-178x300.jpg 178w, https:\/\/sites.ipleiria.pt\/projetocp2s\/files\/2019\/01\/0361_003-768x1293.jpg 768w, https:\/\/sites.ipleiria.pt\/projetocp2s\/files\/2019\/01\/0361_003-608x1024.jpg 608w, https:\/\/sites.ipleiria.pt\/projetocp2s\/files\/2019\/01\/0361_003-6x10.jpg 6w, https:\/\/sites.ipleiria.pt\/projetocp2s\/files\/2019\/01\/0361_003-432x728.jpg 432w, https:\/\/sites.ipleiria.pt\/projetocp2s\/files\/2019\/01\/0361_003-396x667.jpg 396w, https:\/\/sites.ipleiria.pt\/projetocp2s\/files\/2019\/01\/0361_003-1120x1886.jpg 1120w, https:\/\/sites.ipleiria.pt\/projetocp2s\/files\/2019\/01\/0361_003-660x1112.jpg 660w, https:\/\/sites.ipleiria.pt\/projetocp2s\/files\/2019\/01\/0361_003-131x220.jpg 131w, https:\/\/sites.ipleiria.pt\/projetocp2s\/files\/2019\/01\/0361_003.jpg 1988w\" sizes=\"auto, (max-width: 600px) 91vw, (max-width: 900px) 600px, (max-width: 1060px) 50vw, (max-width: 1200px) 520px, (max-width: 1400px) 43vw, 600px\" \/>&#8211;&nbsp;<\/span><span style=\"font-size: 10pt\">PEYRE, Roger &#8211; <em>La c\u00e9ramique fran\u00e7aise: Fayense, porcelaines, biscuits, gr\u00e8s, dates de la fondation des ateliers caract\u00e8ristiques, marques et monogrammes<\/em>. Paris: Ernest Flammarion, 1910. 310, [2] p. (Biblioth\u00e8que des arts appliqu\u00e9s aux m\u00e9tiers)<\/span><\/p>\n<p>&nbsp;<\/p>\n","protected":false},"excerpt":{"rendered":"<p>La c\u00e9ramique fran\u00e7aise: Fayense, porcelaines, biscuits, gr\u00e8s, dates de la fondation des ateliers caract\u00e8ristiques, marques et monogrammes &nbsp; Biografia do Autor: Roger Raymond Peyre (11.04.1848 \u201330.11.1923) foi um historiador franc\u00eas que se destacou na hist\u00f3ria da arte. Licenciado em Direito em 1876 e em Letras em 1878, foi secret\u00e1rio do helenista Emile Egger em 1881. [&hellip;]<\/p>\n","protected":false},"author":4286,"featured_media":3287,"comment_status":"open","ping_status":"open","sticky":false,"template":"","format":"standard","meta":{"footnotes":""},"categories":[133170,110974,4072,111879,111886],"tags":[],"class_list":["post-3286","post","type-post","status-publish","format-standard","has-post-thumbnail","hentry","category-biblioteca-de-um-ceramista-industrial-1880-1980","category-centro-de-documentacao","category-exposicoes","category-monografias","category-nucleo-1-fabrica-de-faiancas-das-caldas-da-rainha-e-escola-industrial-caldense","entry-image--portrait"],"_links":{"self":[{"href":"https:\/\/sites.ipleiria.pt\/projetocp2s\/wp-json\/wp\/v2\/posts\/3286","targetHints":{"allow":["GET"]}}],"collection":[{"href":"https:\/\/sites.ipleiria.pt\/projetocp2s\/wp-json\/wp\/v2\/posts"}],"about":[{"href":"https:\/\/sites.ipleiria.pt\/projetocp2s\/wp-json\/wp\/v2\/types\/post"}],"author":[{"embeddable":true,"href":"https:\/\/sites.ipleiria.pt\/projetocp2s\/wp-json\/wp\/v2\/users\/4286"}],"replies":[{"embeddable":true,"href":"https:\/\/sites.ipleiria.pt\/projetocp2s\/wp-json\/wp\/v2\/comments?post=3286"}],"version-history":[{"count":4,"href":"https:\/\/sites.ipleiria.pt\/projetocp2s\/wp-json\/wp\/v2\/posts\/3286\/revisions"}],"predecessor-version":[{"id":3455,"href":"https:\/\/sites.ipleiria.pt\/projetocp2s\/wp-json\/wp\/v2\/posts\/3286\/revisions\/3455"}],"wp:featuredmedia":[{"embeddable":true,"href":"https:\/\/sites.ipleiria.pt\/projetocp2s\/wp-json\/wp\/v2\/media\/3287"}],"wp:attachment":[{"href":"https:\/\/sites.ipleiria.pt\/projetocp2s\/wp-json\/wp\/v2\/media?parent=3286"}],"wp:term":[{"taxonomy":"category","embeddable":true,"href":"https:\/\/sites.ipleiria.pt\/projetocp2s\/wp-json\/wp\/v2\/categories?post=3286"},{"taxonomy":"post_tag","embeddable":true,"href":"https:\/\/sites.ipleiria.pt\/projetocp2s\/wp-json\/wp\/v2\/tags?post=3286"}],"curies":[{"name":"wp","href":"https:\/\/api.w.org\/{rel}","templated":true}]}}