{"id":3293,"date":"2019-01-09T17:46:55","date_gmt":"2019-01-09T17:46:55","guid":{"rendered":"http:\/\/sites.ipleiria.pt\/projetocp2s\/?p=3293"},"modified":"2019-03-11T16:59:37","modified_gmt":"2019-03-11T16:59:37","slug":"elementos-de-modelacao-de-ornato-e-figura","status":"publish","type":"post","link":"https:\/\/sites.ipleiria.pt\/projetocp2s\/2019\/01\/09\/elementos-de-modelacao-de-ornato-e-figura\/","title":{"rendered":"Elementos de modela\u00e7\u00e3o de ornato e figura"},"content":{"rendered":"<blockquote><p><span style=\"font-size: 14pt\"><em>Elementos de modela\u00e7\u00e3o de ornato e figura<\/em><\/span><\/p><\/blockquote>\n<div>&nbsp;<\/div>\n<p><strong>Biografia do Autor:<\/strong><\/p>\n<div style=\"text-align: justify\">Josef F\u00fcller (15.02.1861-1927?) foi um escultor e professor austr\u00edaco. Em Viena, estudou na Escola de Arte Industrial do Imp\u00e9rio Real Museu Austr\u00edaco de Arte e Ind\u00fastria entre 1879-83, seguido do Curso Geral de Escultura na Imperial Real Academia das Belas-Artes entre 1883-86, e terminou os seus estudos com o Curso Especial na Escola Superior de Escultura entre 1886-89. Antes de terminar este curso, foi contratado como professor na Escola de Desenho Industrial J\u00e1come Ratton em Tomar, com vista a colmatar a falta de professores de desenho em territ\u00f3rio nacional durante este per\u00edodo, lecionando at\u00e9 1894. No ano letivo seguinte, foi para a Escola de Desenho Industrial Rainha D. Leonor nas Caldas da Rainha. Cumulativamente, desde 1892, F\u00fcller foi diretor art\u00edstico da f\u00e1brica de faian\u00e7as caldense Atelier Cer\u00e2mico. O escultor mudou-se para a capital quando essa f\u00e1brica foi transferida para Campolide em 1896, local onde funcionou at\u00e9 1899. Foi professor contratado de Desenho Ornamental e Modela\u00e7\u00e3o at\u00e9 1916 e professor provis\u00f3rio de Desenho Geral, Desenho Ornamental e Modela\u00e7\u00e3o, cargos exercidos na Escola Industrial Afonso Domingues em Xabregas. Como escultor, participou na 3\u00aa Exposi\u00e7\u00e3o de Belas-Artes do Gr\u00e9mio Art\u00edstico em 1893 e na 4\u00aa Exposi\u00e7\u00e3o da Sociedade Nacional de Belas-Artes em 1904. Publicou duas obras, inseridas na cole\u00e7\u00e3o Biblioteca de Instru\u00e7\u00e3o Profissional, intituladas <em>Manual do Formador e Estucador<\/em> e<em> Elementos de Modela\u00e7\u00e3o de Ornato e de Figura<\/em> (obra em exposi\u00e7\u00e3o).<\/div>\n<p>&nbsp;<\/p>\n<p><strong>Resumo da Monografia:<\/strong><\/p>\n<div>\n<p style=\"text-align: justify\">A presente obra define e descreve a modela\u00e7\u00e3o, detalhando a modela\u00e7\u00e3o em cer\u00e2mica e em cera, e a escultura, em pedra e madeira, abordando algumas no\u00e7\u00f5es anat\u00f3micas humanas (relevantes para a modela\u00e7\u00e3o estatu\u00e1ria), e termina com a exemplifica\u00e7\u00e3o de motivos decorativos aplicados \u00e0 ornamenta\u00e7\u00e3o escultural.<\/p>\n<\/div>\n<p>&nbsp;<\/p>\n<p style=\"text-align: center\"><span style=\"font-size: 10pt\"><img loading=\"lazy\" decoding=\"async\" class=\"alignnone wp-image-3294\" src=\"http:\/\/sites.ipleiria.pt\/projetocp2s\/files\/2019\/01\/0358_002-183x300.jpg\" alt=\"\" width=\"585\" height=\"959\" srcset=\"https:\/\/sites.ipleiria.pt\/projetocp2s\/files\/2019\/01\/0358_002-183x300.jpg 183w, https:\/\/sites.ipleiria.pt\/projetocp2s\/files\/2019\/01\/0358_002-6x10.jpg 6w, https:\/\/sites.ipleiria.pt\/projetocp2s\/files\/2019\/01\/0358_002-432x707.jpg 432w, https:\/\/sites.ipleiria.pt\/projetocp2s\/files\/2019\/01\/0358_002-396x648.jpg 396w, https:\/\/sites.ipleiria.pt\/projetocp2s\/files\/2019\/01\/0358_002-135x220.jpg 135w\" sizes=\"auto, (max-width: 600px) 91vw, (max-width: 900px) 600px, (max-width: 1060px) 50vw, (max-width: 1200px) 520px, (max-width: 1400px) 43vw, 600px\" \/>&#8211;&nbsp;<\/span><span style=\"font-size: 10pt\">FULLER, Josef; PINHEIRO, Tom\u00e1s Bordalo, dir. &#8211; <em>Elementos de modela\u00e7\u00e3o de ornato e figura<\/em>. 2\u00aa ed. Lisboa: Bertrand, [193-?]. vi, 148 p. (Biblioteca de instru\u00e7\u00e3o profissional)<\/span><\/p>\n<p>&nbsp;<\/p>\n","protected":false},"excerpt":{"rendered":"<p>Elementos de modela\u00e7\u00e3o de ornato e figura &nbsp; Biografia do Autor: Josef F\u00fcller (15.02.1861-1927?) foi um escultor e professor austr\u00edaco. Em Viena, estudou na Escola de Arte Industrial do Imp\u00e9rio Real Museu Austr\u00edaco de Arte e Ind\u00fastria entre 1879-83, seguido do Curso Geral de Escultura na Imperial Real Academia das Belas-Artes entre 1883-86, e terminou [&hellip;]<\/p>\n","protected":false},"author":4286,"featured_media":3294,"comment_status":"open","ping_status":"open","sticky":false,"template":"","format":"standard","meta":{"footnotes":""},"categories":[133170,110974,4072,111879,111886],"tags":[],"class_list":["post-3293","post","type-post","status-publish","format-standard","has-post-thumbnail","hentry","category-biblioteca-de-um-ceramista-industrial-1880-1980","category-centro-de-documentacao","category-exposicoes","category-monografias","category-nucleo-1-fabrica-de-faiancas-das-caldas-da-rainha-e-escola-industrial-caldense","entry-image--portrait"],"_links":{"self":[{"href":"https:\/\/sites.ipleiria.pt\/projetocp2s\/wp-json\/wp\/v2\/posts\/3293","targetHints":{"allow":["GET"]}}],"collection":[{"href":"https:\/\/sites.ipleiria.pt\/projetocp2s\/wp-json\/wp\/v2\/posts"}],"about":[{"href":"https:\/\/sites.ipleiria.pt\/projetocp2s\/wp-json\/wp\/v2\/types\/post"}],"author":[{"embeddable":true,"href":"https:\/\/sites.ipleiria.pt\/projetocp2s\/wp-json\/wp\/v2\/users\/4286"}],"replies":[{"embeddable":true,"href":"https:\/\/sites.ipleiria.pt\/projetocp2s\/wp-json\/wp\/v2\/comments?post=3293"}],"version-history":[{"count":2,"href":"https:\/\/sites.ipleiria.pt\/projetocp2s\/wp-json\/wp\/v2\/posts\/3293\/revisions"}],"predecessor-version":[{"id":3457,"href":"https:\/\/sites.ipleiria.pt\/projetocp2s\/wp-json\/wp\/v2\/posts\/3293\/revisions\/3457"}],"wp:featuredmedia":[{"embeddable":true,"href":"https:\/\/sites.ipleiria.pt\/projetocp2s\/wp-json\/wp\/v2\/media\/3294"}],"wp:attachment":[{"href":"https:\/\/sites.ipleiria.pt\/projetocp2s\/wp-json\/wp\/v2\/media?parent=3293"}],"wp:term":[{"taxonomy":"category","embeddable":true,"href":"https:\/\/sites.ipleiria.pt\/projetocp2s\/wp-json\/wp\/v2\/categories?post=3293"},{"taxonomy":"post_tag","embeddable":true,"href":"https:\/\/sites.ipleiria.pt\/projetocp2s\/wp-json\/wp\/v2\/tags?post=3293"}],"curies":[{"name":"wp","href":"https:\/\/api.w.org\/{rel}","templated":true}]}}