{"id":3310,"date":"2019-01-11T15:11:19","date_gmt":"2019-01-11T15:11:19","guid":{"rendered":"http:\/\/sites.ipleiria.pt\/projetocp2s\/?p=3310"},"modified":"2019-03-11T17:02:19","modified_gmt":"2019-03-11T17:02:19","slug":"chimie","status":"publish","type":"post","link":"https:\/\/sites.ipleiria.pt\/projetocp2s\/2019\/01\/11\/chimie\/","title":{"rendered":"Chimie"},"content":{"rendered":"<blockquote><p><span style=\"font-size: 14pt\">Chimie<\/span><\/p><\/blockquote>\n<div>&nbsp;<\/div>\n<p><strong>Biografia do Autor:<\/strong><\/p>\n<div style=\"text-align: justify\">\u00c9mile-Achille Javet (23.09.1868 \u2013 19\u2026) foi um engenheiro qu\u00edmico franc\u00eas. Entre 1888-98, estudou na \u00c9cole nationale sup\u00e9rieure des mines e na facult\u00e9 des sciences, ambas em Paris. Ap\u00f3s uma passagem pela ind\u00fastria como engenheiro qu\u00edmico, foi nomeado engenheiro qu\u00edmico no departamento cient\u00edfico das alf\u00e2ndegas do Minist\u00e9rio das Finan\u00e7as, e, seguidamente, foi chefe do Laboratoire Gallois. Entre 1906-08, foi para a Soci\u00e9t\u00e9 Alg\u00e9rienne de Produits chimiques et d&#8217;Engrais, onde exerceu novamente o cargo de engenheiro qu\u00edmico e foi diretor da f\u00e1brica da dita sociedade em Maison-Carr\u00e9e (ap\u00f3s 1909, data da cria\u00e7\u00e3o da referida f\u00e1brica). Em 1908, foi nomeado engenheiro diretor das minas em Oued Mougras, Arg\u00e9lia. Cumulativamente, foi diretor do Laboratoire municipal de B\u00f4ne, especialista junto do Tribunal de Recurso de Argel, engenheiro consultor de minas e da ind\u00fastria qu\u00edmica, administrador e engenheiro diretor das minas de Kef-Dardja (Tun\u00edsia), e professor de qu\u00edmica industrial na l&#8217;Association polytechnique du Travail em Paris. Ap\u00f3s 1908, foi professor de qu\u00edmica industrial e deu aulas de geologia e mineralogia na Ligue fran\u00e7aise de l&#8217;Enseignement, sec\u00e7\u00e3o de B\u00f4ne. \u00c9 detentor de v\u00e1rias patentes em qu\u00edmica industrial, e apresentou v\u00e1rias comunica\u00e7\u00f5es e confer\u00eancias cient\u00edficas. Foi redator das revistas <em>Revue Technique<\/em> de Paris e, posteriormente, <em>Afrique Industrielle<\/em> em Argel. Foi membro da Soci\u00e9t\u00e9 de Ing\u00e9nieurs Civils de France. Javet foi nomeado oficial da Acad\u00e9mie em 1902 e Cavaleiro do M\u00e9rito Agr\u00edcola em 1900. Era ma\u00e7\u00f3nico na Loge Concorde et V\u00e9rit\u00e9 (ap\u00f3s 1927). Foi autor de <em>Chimie<\/em> da cole\u00e7\u00e3o Agenda Dunod (obra em exposi\u00e7\u00e3o), com in\u00fameras edi\u00e7\u00f5es (entre 1902-39).<\/div>\n<p>&nbsp;<\/p>\n<p><strong>Resumo da Monografia:<\/strong><\/p>\n<div>\n<p style=\"text-align: justify\">A presente obra condensa todos os documentos (acompanhados de f\u00f3rmulas, tabelas e gr\u00e1ficos), no parecer do autor, indispens\u00e1veis para uso por parte de qu\u00edmicos, assim como para todos os que se ocupam de trabalhos pr\u00e1ticos relacionados com qu\u00edmica, a saber engenheiros, industriais, professores, farmac\u00eauticos, diretores e encarregados de f\u00e1bricas. Est\u00e1 dividida em tr\u00eas partes: a primeira apresenta documentos sobre f\u00edsica e matem\u00e1tica, a segunda sobre qu\u00edmica em geral, e a terceira sobre qu\u00edmica anal\u00edtica aplicada.<\/p>\n<\/div>\n<p>&nbsp;<\/p>\n<p style=\"text-align: center\"><span style=\"font-size: 10pt\"><img loading=\"lazy\" decoding=\"async\" class=\"alignnone wp-image-3311\" src=\"http:\/\/sites.ipleiria.pt\/projetocp2s\/files\/2019\/01\/0358_003-195x300.jpg\" alt=\"\" width=\"650\" height=\"1000\" srcset=\"https:\/\/sites.ipleiria.pt\/projetocp2s\/files\/2019\/01\/0358_003-195x300.jpg 195w, https:\/\/sites.ipleiria.pt\/projetocp2s\/files\/2019\/01\/0358_003-768x1180.jpg 768w, https:\/\/sites.ipleiria.pt\/projetocp2s\/files\/2019\/01\/0358_003-7x10.jpg 7w, https:\/\/sites.ipleiria.pt\/projetocp2s\/files\/2019\/01\/0358_003-432x664.jpg 432w, https:\/\/sites.ipleiria.pt\/projetocp2s\/files\/2019\/01\/0358_003-396x608.jpg 396w, https:\/\/sites.ipleiria.pt\/projetocp2s\/files\/2019\/01\/0358_003-660x1014.jpg 660w, https:\/\/sites.ipleiria.pt\/projetocp2s\/files\/2019\/01\/0358_003-143x220.jpg 143w\" sizes=\"auto, (max-width: 600px) 91vw, (max-width: 900px) 600px, (max-width: 1060px) 50vw, (max-width: 1200px) 520px, (max-width: 1400px) 43vw, 600px\" \/>&#8211;&nbsp;<\/span><span style=\"font-size: 10pt\">JAVET, \u00c9mile \u2013 <em>Chimie<\/em>. 54\u00aa ed. Paris: Dunod, 1935. xl, 400, xcvi p. (Agenda Dunod 1935)<\/span><\/p>\n<p>&nbsp;<\/p>\n","protected":false},"excerpt":{"rendered":"<p>Chimie &nbsp; Biografia do Autor: \u00c9mile-Achille Javet (23.09.1868 \u2013 19\u2026) foi um engenheiro qu\u00edmico franc\u00eas. Entre 1888-98, estudou na \u00c9cole nationale sup\u00e9rieure des mines e na facult\u00e9 des sciences, ambas em Paris. Ap\u00f3s uma passagem pela ind\u00fastria como engenheiro qu\u00edmico, foi nomeado engenheiro qu\u00edmico no departamento cient\u00edfico das alf\u00e2ndegas do Minist\u00e9rio das Finan\u00e7as, e, seguidamente, [&hellip;]<\/p>\n","protected":false},"author":4286,"featured_media":3311,"comment_status":"open","ping_status":"open","sticky":false,"template":"","format":"standard","meta":{"footnotes":""},"categories":[133170,110974,4072,111879,111887],"tags":[],"class_list":["post-3310","post","type-post","status-publish","format-standard","has-post-thumbnail","hentry","category-biblioteca-de-um-ceramista-industrial-1880-1980","category-centro-de-documentacao","category-exposicoes","category-monografias","category-nucleo-a-fabrica-belo","entry-image--portrait"],"_links":{"self":[{"href":"https:\/\/sites.ipleiria.pt\/projetocp2s\/wp-json\/wp\/v2\/posts\/3310","targetHints":{"allow":["GET"]}}],"collection":[{"href":"https:\/\/sites.ipleiria.pt\/projetocp2s\/wp-json\/wp\/v2\/posts"}],"about":[{"href":"https:\/\/sites.ipleiria.pt\/projetocp2s\/wp-json\/wp\/v2\/types\/post"}],"author":[{"embeddable":true,"href":"https:\/\/sites.ipleiria.pt\/projetocp2s\/wp-json\/wp\/v2\/users\/4286"}],"replies":[{"embeddable":true,"href":"https:\/\/sites.ipleiria.pt\/projetocp2s\/wp-json\/wp\/v2\/comments?post=3310"}],"version-history":[{"count":2,"href":"https:\/\/sites.ipleiria.pt\/projetocp2s\/wp-json\/wp\/v2\/posts\/3310\/revisions"}],"predecessor-version":[{"id":3460,"href":"https:\/\/sites.ipleiria.pt\/projetocp2s\/wp-json\/wp\/v2\/posts\/3310\/revisions\/3460"}],"wp:featuredmedia":[{"embeddable":true,"href":"https:\/\/sites.ipleiria.pt\/projetocp2s\/wp-json\/wp\/v2\/media\/3311"}],"wp:attachment":[{"href":"https:\/\/sites.ipleiria.pt\/projetocp2s\/wp-json\/wp\/v2\/media?parent=3310"}],"wp:term":[{"taxonomy":"category","embeddable":true,"href":"https:\/\/sites.ipleiria.pt\/projetocp2s\/wp-json\/wp\/v2\/categories?post=3310"},{"taxonomy":"post_tag","embeddable":true,"href":"https:\/\/sites.ipleiria.pt\/projetocp2s\/wp-json\/wp\/v2\/tags?post=3310"}],"curies":[{"name":"wp","href":"https:\/\/api.w.org\/{rel}","templated":true}]}}