{"id":3320,"date":"2019-01-11T15:55:51","date_gmt":"2019-01-11T15:55:51","guid":{"rendered":"http:\/\/sites.ipleiria.pt\/projetocp2s\/?p=3320"},"modified":"2019-03-11T17:04:08","modified_gmt":"2019-03-11T17:04:08","slug":"traite-pratique-des-emaux-photographiques","status":"publish","type":"post","link":"https:\/\/sites.ipleiria.pt\/projetocp2s\/2019\/01\/11\/traite-pratique-des-emaux-photographiques\/","title":{"rendered":"Trait\u00e9 pratique des \u00e9maux photographiques"},"content":{"rendered":"<blockquote><p><span style=\"font-size: 14pt\">Trait\u00e9 pratique des \u00e9maux photographiques<\/span><\/p><\/blockquote>\n<div>&nbsp;<\/div>\n<p><strong>Biografia do Autor:<\/strong><\/p>\n<div style=\"text-align: justify\">Th\u00e9ophile Joseph Geymet (06.07.1826-?) foi um qu\u00edmico franc\u00eas que se especializou em fotografia. Foi parceiro de Charles Alker na empresa Geymet &amp; Alker, que abre as suas portas em 1867. Esta empresa trabalhava no sector qu\u00edmico, desenvolvendo produtos qu\u00edmicos e aparelhos diversos para as ind\u00fastrias fotogr\u00e1fica e eletroqu\u00edmica. Em 1870, abre uma filial em Bruxelas. Geymet foi parceiro at\u00e9 1874, pois a empresa muda o seu nome para Alker &amp; Chotteau. Esta empresa surge numa altura em que se verifica muita experimenta\u00e7\u00e3o por parte de est\u00fadios e empresas relacionadas com a fotografia, tanto para solucionar o car\u00e1ter vulner\u00e1vel das fotografias, como para satisfazer o desejo de prolongar a sua longevidade. A Geymet &amp; Alker desenvolveu um equipamento mais port\u00e1til, para o \u201cfotografo turista\u201d, al\u00e9m de in\u00fameros processos fotogr\u00e1ficos, sejam no tratamento como na revela\u00e7\u00e3o da imagem, como igualmente novos materiais e usos para a fotografia e gravura. Em rela\u00e7\u00e3o aos processos, Geymet, a n\u00edvel individual e enquanto parceiro da empresa, escreve sobre os seguintes processos, qu\u00edmicos e mec\u00e2nicos: fotocer\u00e2mica; platinotipia; processo gelatino-bromide; heliografia; fotogravura; fototipografia; fotolitografia; fototipia; heliogravura; e galvanoplastia. Al\u00e9m disso, demonstrou como utilizar materiais algo inconvencionais, como o p\u00f3 de ouro e de prata, tintas gordurosas e corantes de anilina, como a impress\u00e3o sobre materiais para a cria\u00e7\u00e3o de provas e negativos, como sobre porcelana, esmalte, vitrais, madrep\u00e9rola, marfim, zinco e cobre. Participaram em tr\u00eas exposi\u00e7\u00f5es da Soci\u00e9t\u00e9 fran\u00e7aise de Photographie, em 1869, 1870 e 1874, tendo sido medalhados nesta \u00faltima. Foi membro da Soci\u00e9t\u00e9 fran\u00e7aise de Photographie desde 1864.<\/div>\n<p>&nbsp;<\/p>\n<p><strong>Resumo da Monografia:<\/strong><\/p>\n<div style=\"text-align: justify\">Esta obra apresenta-se como um manual de esmaltes fotogr\u00e1ficos a ser utilizado por fot\u00f3grafos esmaltadores sobre placas e sobre porcelana. \u00c9 explanada a prepara\u00e7\u00e3o dos produtos qu\u00edmicos e dos componentes, o desenvolvimento da imagem, o transporte desta para a placa de esmalte, os retoques, a colora\u00e7\u00e3o, e produtos desta t\u00e9cnica (fotografia sobre placas de esmalte, vitrais e fotografia sobre porcelana), acompanhado dos segredos, truques e formulas.<\/div>\n<p>&nbsp;<\/p>\n<div>&#8211; Monografia Online disponibilizada na &#8220;Gallica &#8211; Biblioteca digital da Biblioteca Nacional de Fran\u00e7a&#8221; &#8211;&nbsp;<a href=\"https:\/\/gallica.bnf.fr\/ark:\/12148\/bpt6k110334w?fbclid=IwAR0cifd1eA7OiJduPjSN7hXS5dQ9Dzxlc7--f6_-e7rMfsMCv_pZlytM1BI\"><strong>(aqui)<\/strong><\/a><\/div>\n<p>&nbsp;<\/p>\n<p style=\"text-align: center\"><span style=\"font-size: 10pt\"><img loading=\"lazy\" decoding=\"async\" class=\"alignnone wp-image-3321\" src=\"http:\/\/sites.ipleiria.pt\/projetocp2s\/files\/2019\/01\/0385_003-198x300.jpg\" alt=\"\" width=\"660\" height=\"1000\" srcset=\"https:\/\/sites.ipleiria.pt\/projetocp2s\/files\/2019\/01\/0385_003-198x300.jpg 198w, https:\/\/sites.ipleiria.pt\/projetocp2s\/files\/2019\/01\/0385_003-768x1162.jpg 768w, https:\/\/sites.ipleiria.pt\/projetocp2s\/files\/2019\/01\/0385_003-7x10.jpg 7w, https:\/\/sites.ipleiria.pt\/projetocp2s\/files\/2019\/01\/0385_003-432x654.jpg 432w, https:\/\/sites.ipleiria.pt\/projetocp2s\/files\/2019\/01\/0385_003-396x599.jpg 396w, https:\/\/sites.ipleiria.pt\/projetocp2s\/files\/2019\/01\/0385_003-1120x1695.jpg 1120w, https:\/\/sites.ipleiria.pt\/projetocp2s\/files\/2019\/01\/0385_003-660x999.jpg 660w, https:\/\/sites.ipleiria.pt\/projetocp2s\/files\/2019\/01\/0385_003-145x220.jpg 145w\" sizes=\"auto, (max-width: 600px) 91vw, (max-width: 900px) 600px, (max-width: 1060px) 50vw, (max-width: 1200px) 520px, (max-width: 1400px) 43vw, 600px\" \/>&#8211;&nbsp;<\/span><span style=\"font-size: 10pt\">GEYMET, Th\u00e9ophile &#8211; <em>Trait\u00e9 pratique des \u00e9maux photographiques (\u00c9d. 1885)<\/em>. [Paris]: Hachette Livre : BNF, 2014. xii, 161, [18] p. (Savoirs et Traditions : G\u00e9n\u00e9ralit\u00e9s). Edi\u00e7\u00e3o fac-similada. Complemento de t\u00edtulo &#8211; Secrets, tours de mains, formules a l&#8217;usage de photographe \u00e9mailleur sur plaques et sur porcelaine. Cole\u00e7\u00e3o da edi\u00e7\u00e3o original &#8211; Biblioth\u00e8que photographique<\/span><\/p>\n<p>&nbsp;<\/p>\n","protected":false},"excerpt":{"rendered":"<p>Trait\u00e9 pratique des \u00e9maux photographiques &nbsp; Biografia do Autor: Th\u00e9ophile Joseph Geymet (06.07.1826-?) foi um qu\u00edmico franc\u00eas que se especializou em fotografia. Foi parceiro de Charles Alker na empresa Geymet &amp; Alker, que abre as suas portas em 1867. Esta empresa trabalhava no sector qu\u00edmico, desenvolvendo produtos qu\u00edmicos e aparelhos diversos para as ind\u00fastrias fotogr\u00e1fica [&hellip;]<\/p>\n","protected":false},"author":4286,"featured_media":3321,"comment_status":"open","ping_status":"open","sticky":false,"template":"","format":"standard","meta":{"footnotes":""},"categories":[133170,110974,4072,111879,111887],"tags":[],"class_list":["post-3320","post","type-post","status-publish","format-standard","has-post-thumbnail","hentry","category-biblioteca-de-um-ceramista-industrial-1880-1980","category-centro-de-documentacao","category-exposicoes","category-monografias","category-nucleo-a-fabrica-belo","entry-image--portrait"],"_links":{"self":[{"href":"https:\/\/sites.ipleiria.pt\/projetocp2s\/wp-json\/wp\/v2\/posts\/3320","targetHints":{"allow":["GET"]}}],"collection":[{"href":"https:\/\/sites.ipleiria.pt\/projetocp2s\/wp-json\/wp\/v2\/posts"}],"about":[{"href":"https:\/\/sites.ipleiria.pt\/projetocp2s\/wp-json\/wp\/v2\/types\/post"}],"author":[{"embeddable":true,"href":"https:\/\/sites.ipleiria.pt\/projetocp2s\/wp-json\/wp\/v2\/users\/4286"}],"replies":[{"embeddable":true,"href":"https:\/\/sites.ipleiria.pt\/projetocp2s\/wp-json\/wp\/v2\/comments?post=3320"}],"version-history":[{"count":4,"href":"https:\/\/sites.ipleiria.pt\/projetocp2s\/wp-json\/wp\/v2\/posts\/3320\/revisions"}],"predecessor-version":[{"id":3464,"href":"https:\/\/sites.ipleiria.pt\/projetocp2s\/wp-json\/wp\/v2\/posts\/3320\/revisions\/3464"}],"wp:featuredmedia":[{"embeddable":true,"href":"https:\/\/sites.ipleiria.pt\/projetocp2s\/wp-json\/wp\/v2\/media\/3321"}],"wp:attachment":[{"href":"https:\/\/sites.ipleiria.pt\/projetocp2s\/wp-json\/wp\/v2\/media?parent=3320"}],"wp:term":[{"taxonomy":"category","embeddable":true,"href":"https:\/\/sites.ipleiria.pt\/projetocp2s\/wp-json\/wp\/v2\/categories?post=3320"},{"taxonomy":"post_tag","embeddable":true,"href":"https:\/\/sites.ipleiria.pt\/projetocp2s\/wp-json\/wp\/v2\/tags?post=3320"}],"curies":[{"name":"wp","href":"https:\/\/api.w.org\/{rel}","templated":true}]}}