{"id":3323,"date":"2019-01-11T16:12:19","date_gmt":"2019-01-11T16:12:19","guid":{"rendered":"http:\/\/sites.ipleiria.pt\/projetocp2s\/?p=3323"},"modified":"2019-03-11T17:04:43","modified_gmt":"2019-03-11T17:04:43","slug":"les-arts-de-la-terre","status":"publish","type":"post","link":"https:\/\/sites.ipleiria.pt\/projetocp2s\/2019\/01\/11\/les-arts-de-la-terre\/","title":{"rendered":"Les arts de la terre"},"content":{"rendered":"<blockquote><p><span style=\"font-size: 14pt\">Les arts de la terre: C\u00e9ramique, verrerie, \u00e9maillerie, mosa\u00efque, vitrail<\/span><\/p><\/blockquote>\n<div>&nbsp;<\/div>\n<p><strong>Biografia do Autor:<\/strong><\/p>\n<div style=\"text-align: justify\">Ren\u00e9 Hippolyte Jean (15.03.1879 \u2013 23.11.1951) foi um cr\u00edtico de arte e bibliotec\u00e1rio franc\u00eas. Estudou na \u00c9cole du Louvre, onde lhe foram dadas as bases para a escrita de artigos sobre arte e artistas. Escreveu enquanto cr\u00edtico de arte para in\u00fameros peri\u00f3dicos, como na <em>La Revue Dor\u00e9e<\/em> (1901), na <em>Comedia<\/em> (1919-36), no <em>Le Temps<\/em> (1936-40), e no <em>Le Monde<\/em> (1944); tamb\u00e9m fazia colabora\u00e7\u00f5es regulares no <em>Petit Proven\u00e7al<\/em>, na <em>Chronique des Arts<\/em>, na <em>Gazette des Beaux-Arts<\/em>, e no jornal <em>Arts<\/em>. Cumulativamente, foi bibliotec\u00e1rio em v\u00e1rias institui\u00e7\u00f5es, como da Union centrale des arts d\u00e9coratifs (1904-09) e da Biblioth\u00e8que d&#8217;art et d&#8217;arch\u00e9ologie (1909-15), esta que ajudou a criar a pedido de Jacques Doucet. Com a colabora\u00e7\u00e3o de especialistas da \u00e9poca (Paul Perdrizet, professor de arqueologia; e Louis-Eug\u00e8ne Lef\u00e8vre, bibliotec\u00e1rio respons\u00e1vel pela organiza\u00e7\u00e3o do arquivo fotogr\u00e1fico), Ren\u00e9-Jean originou uma das bibliotecas de arte mais impressionantes da altura, a partir da cole\u00e7\u00e3o de Doucet, dada a cole\u00e7\u00e3o em si, a organiza\u00e7\u00e3o por \u00e1reas tem\u00e1ticas e o livre acesso aos documentos. Esta cole\u00e7\u00e3o foi o n\u00facleo fundador da atual biblioth\u00e8que de l&#8217;Institut national d&#8217;histoire de l&#8217;art (INHA). Entre 1915-19, foi mobilizado para fazer servi\u00e7o militar a favor de Fran\u00e7a na I Guerra Mundial. Quando regressou, foi conservador da Biblioth\u00e8que et mus\u00e9e de la guerre (em Vincennes) at\u00e9 1942. Al\u00e9m disso, foi organizador de Sec\u00e7\u00e3o de Belas-Artes na Exposi\u00e7\u00e3o Internacional de Barcelona de 1929 e membro correspondente da Academia das Belas-Artes de Lisboa. Recebeu dois t\u00edtulos honor\u00edficos da Legi\u00e3o de Honra, de Cavaleiro a 12 de outubro de 1921 e de Oficial a 30 de mar\u00e7o de 1949.<\/div>\n<p>&nbsp;<\/p>\n<p><strong>Resumo da Monografia:<\/strong><\/p>\n<div>\n<p style=\"text-align: justify\">O presente manual diz respeito \u00e0 historia da arte das obras criadas a partir de mat\u00e9rias-primas provenientes da terra. Ren\u00e9 Jean define uma dupla classifica\u00e7\u00e3o, dada a diversidade de mat\u00e9rias-primas: a cer\u00e2mica (com base em argila) e as artes do vidro (vidraria, esmaltaria, mosaico e vitral), tecendo algumas considera\u00e7\u00f5es gerais sobre as mat\u00e9rias-primas, defini\u00e7\u00f5es e t\u00e9cnicas usadas. Decorrente dessa classifica\u00e7\u00e3o, apresenta, por ordem cronol\u00f3gica do estilo art\u00edstico apresentado, os objetos e aplica\u00e7\u00f5es arquiteturais, assim como as suas decora\u00e7\u00f5es, provenientes dessas mat\u00e9rias-primas.<\/p>\n<\/div>\n<p>&nbsp;<\/p>\n<p style=\"text-align: center\"><span style=\"font-size: 10pt\"><img loading=\"lazy\" decoding=\"async\" class=\"alignnone wp-image-3324\" src=\"http:\/\/sites.ipleiria.pt\/projetocp2s\/files\/2019\/01\/0385_005-205x300.jpg\" alt=\"\" width=\"765\" height=\"1120\" srcset=\"https:\/\/sites.ipleiria.pt\/projetocp2s\/files\/2019\/01\/0385_005-205x300.jpg 205w, https:\/\/sites.ipleiria.pt\/projetocp2s\/files\/2019\/01\/0385_005-768x1124.jpg 768w, https:\/\/sites.ipleiria.pt\/projetocp2s\/files\/2019\/01\/0385_005-700x1024.jpg 700w, https:\/\/sites.ipleiria.pt\/projetocp2s\/files\/2019\/01\/0385_005-7x10.jpg 7w, https:\/\/sites.ipleiria.pt\/projetocp2s\/files\/2019\/01\/0385_005-432x632.jpg 432w, https:\/\/sites.ipleiria.pt\/projetocp2s\/files\/2019\/01\/0385_005-396x580.jpg 396w, https:\/\/sites.ipleiria.pt\/projetocp2s\/files\/2019\/01\/0385_005-1120x1639.jpg 1120w, https:\/\/sites.ipleiria.pt\/projetocp2s\/files\/2019\/01\/0385_005-660x966.jpg 660w, https:\/\/sites.ipleiria.pt\/projetocp2s\/files\/2019\/01\/0385_005-150x220.jpg 150w\" sizes=\"auto, (max-width: 600px) 91vw, (max-width: 900px) 600px, (max-width: 1060px) 50vw, (max-width: 1200px) 520px, (max-width: 1400px) 43vw, 600px\" \/>&#8211;&nbsp;<\/span><span style=\"font-size: 10pt\">JEAN, Ren\u00e9; MARCEL, M. Henry, dir. &#8211; <em>Les arts de la terre: C\u00e9ramique, verrerie, \u00e9maillerie, mosa\u00efque, vitrail<\/em>. Paris: H. Laurens, 1911. [4], 480 p. (Manuels d&#8217;histoire de l&#8217;art)<\/span><\/p>\n<p>&nbsp;<\/p>\n","protected":false},"excerpt":{"rendered":"<p>Les arts de la terre: C\u00e9ramique, verrerie, \u00e9maillerie, mosa\u00efque, vitrail &nbsp; Biografia do Autor: Ren\u00e9 Hippolyte Jean (15.03.1879 \u2013 23.11.1951) foi um cr\u00edtico de arte e bibliotec\u00e1rio franc\u00eas. Estudou na \u00c9cole du Louvre, onde lhe foram dadas as bases para a escrita de artigos sobre arte e artistas. Escreveu enquanto cr\u00edtico de arte para in\u00fameros [&hellip;]<\/p>\n","protected":false},"author":4286,"featured_media":3324,"comment_status":"open","ping_status":"open","sticky":false,"template":"","format":"standard","meta":{"footnotes":""},"categories":[133170,110974,4072,111879,111887],"tags":[],"class_list":["post-3323","post","type-post","status-publish","format-standard","has-post-thumbnail","hentry","category-biblioteca-de-um-ceramista-industrial-1880-1980","category-centro-de-documentacao","category-exposicoes","category-monografias","category-nucleo-a-fabrica-belo","entry-image--portrait"],"_links":{"self":[{"href":"https:\/\/sites.ipleiria.pt\/projetocp2s\/wp-json\/wp\/v2\/posts\/3323","targetHints":{"allow":["GET"]}}],"collection":[{"href":"https:\/\/sites.ipleiria.pt\/projetocp2s\/wp-json\/wp\/v2\/posts"}],"about":[{"href":"https:\/\/sites.ipleiria.pt\/projetocp2s\/wp-json\/wp\/v2\/types\/post"}],"author":[{"embeddable":true,"href":"https:\/\/sites.ipleiria.pt\/projetocp2s\/wp-json\/wp\/v2\/users\/4286"}],"replies":[{"embeddable":true,"href":"https:\/\/sites.ipleiria.pt\/projetocp2s\/wp-json\/wp\/v2\/comments?post=3323"}],"version-history":[{"count":2,"href":"https:\/\/sites.ipleiria.pt\/projetocp2s\/wp-json\/wp\/v2\/posts\/3323\/revisions"}],"predecessor-version":[{"id":3465,"href":"https:\/\/sites.ipleiria.pt\/projetocp2s\/wp-json\/wp\/v2\/posts\/3323\/revisions\/3465"}],"wp:featuredmedia":[{"embeddable":true,"href":"https:\/\/sites.ipleiria.pt\/projetocp2s\/wp-json\/wp\/v2\/media\/3324"}],"wp:attachment":[{"href":"https:\/\/sites.ipleiria.pt\/projetocp2s\/wp-json\/wp\/v2\/media?parent=3323"}],"wp:term":[{"taxonomy":"category","embeddable":true,"href":"https:\/\/sites.ipleiria.pt\/projetocp2s\/wp-json\/wp\/v2\/categories?post=3323"},{"taxonomy":"post_tag","embeddable":true,"href":"https:\/\/sites.ipleiria.pt\/projetocp2s\/wp-json\/wp\/v2\/tags?post=3323"}],"curies":[{"name":"wp","href":"https:\/\/api.w.org\/{rel}","templated":true}]}}