{"id":3329,"date":"2019-01-11T16:23:15","date_gmt":"2019-01-11T16:23:15","guid":{"rendered":"http:\/\/sites.ipleiria.pt\/projetocp2s\/?p=3329"},"modified":"2019-03-11T17:06:00","modified_gmt":"2019-03-11T17:06:00","slug":"technologies-des-faiences","status":"publish","type":"post","link":"https:\/\/sites.ipleiria.pt\/projetocp2s\/2019\/01\/11\/technologies-des-faiences\/","title":{"rendered":"Technologies des fa\u00efences"},"content":{"rendered":"<blockquote><p><span style=\"font-size: 14pt\">Technologies des fa\u00efences<\/span><\/p><\/blockquote>\n<div>&nbsp;<\/div>\n<p><strong>Biografia do Autor:<\/strong><\/p>\n<div style=\"text-align: justify\">Pierre Munier foi um engenheiro franc\u00eas que se especializou nos aspetos t\u00e9cnicos da cer\u00e2mica industrial. Foi diretor do Institut de C\u00e9ramique Fran\u00e7aise e \u201cimpulsionador\u201d do seu laborat\u00f3rio. De facto, este laborat\u00f3rio foi um dos escolhidos para realizar as an\u00e1lises para o estudo <em>Contribution \u00e0 l&#8217;\u00e9tude des argiles utilis\u00e9es en c\u00e9ramique <\/em>(obra em 2 fasc\u00edculos). Em 1942, foi nomeado respons\u00e1vel pelo curso de tecnologias de faian\u00e7as na \u00c9cole Nationale Sup\u00e9rieure de la C\u00e9ramique de S\u00e8vres. A obra em exposi\u00e7\u00e3o p\u00f3stuma, terminada gra\u00e7as ao curso por ele ministrado, dedicado \u00e0s tecnologias da faian\u00e7a e ao seu disc\u00edpulo e colaborador Jean Meneret, este que assegurou a continuidade do ensino do curso acima referido.<\/div>\n<p>&nbsp;<\/p>\n<p><strong>Resumo da Monografia:<\/strong><\/p>\n<div>\n<p style=\"text-align: justify\">Tal como \u00e9 indicado no t\u00edtulo, esta obra trata das tecnologias usada na prepara\u00e7\u00e3o e utiliza\u00e7\u00e3o da pasta cer\u00e2mica faian\u00e7a. Ap\u00f3s uma breve introdu\u00e7\u00e3o ao tema da faian\u00e7a, onde \u00e9 apresentada a defini\u00e7\u00e3o, a etimologia, o aspeto geral da industria, a sua import\u00e2ncia industrial e comercial, e o plano e m\u00e9todo de exposi\u00e7\u00e3o da informa\u00e7\u00e3o, seguem-se quatro partes: generalidades, o acordo das pastas e dos vidrados, as diferentes categorias de faian\u00e7a, e os vidrados. A primeira parte trata de aspetos t\u00e9cnicos transversais \u00e0s faian\u00e7as (carater\u00edsticas, classifica\u00e7\u00f5es, constitui\u00e7\u00e3o, f\u00f3rmulas e composi\u00e7\u00f5es), a segunda da rela\u00e7\u00e3o entre a pasta e o vidrado (os defeitos e suas causas, a dilata\u00e7\u00e3o, a camada interm\u00e9dia, o envelhecimento e os meios para corrigir defeitos decorrentes dessa rela\u00e7\u00e3o), a terceira das diferentes categorias de faian\u00e7a (a saber de pasta siliciosa, de pasta colorida e fina), e a \u00faltima dos vidrados (informa\u00e7\u00f5es gerais e f\u00f3rmulas estequiom\u00e9tricas).<\/p>\n<\/div>\n<p>&nbsp;<\/p>\n<p style=\"text-align: center\"><span style=\"font-size: 10pt\"><img loading=\"lazy\" decoding=\"async\" class=\"alignnone wp-image-3330\" src=\"http:\/\/sites.ipleiria.pt\/projetocp2s\/files\/2019\/01\/0385_004-189x300.jpg\" alt=\"\" width=\"662\" height=\"1051\" srcset=\"https:\/\/sites.ipleiria.pt\/projetocp2s\/files\/2019\/01\/0385_004-189x300.jpg 189w, https:\/\/sites.ipleiria.pt\/projetocp2s\/files\/2019\/01\/0385_004-6x10.jpg 6w, https:\/\/sites.ipleiria.pt\/projetocp2s\/files\/2019\/01\/0385_004-139x220.jpg 139w\" sizes=\"auto, (max-width: 600px) 91vw, (max-width: 900px) 600px, (max-width: 1060px) 50vw, (max-width: 1200px) 520px, (max-width: 1400px) 43vw, 600px\" \/>&#8211;&nbsp;<\/span><span style=\"font-size: 10pt\">MUNIER, P.[Pierre]; GROOTE, M. P.[Pierre], dir.- <em>Technologies des fa\u00efences<\/em>. Paris: Gauthier-Villars, 1957. vi, 228 p. (Cours de c\u00e9ramique industrielle)<\/span><\/p>\n<p>&nbsp;<\/p>\n","protected":false},"excerpt":{"rendered":"<p>Technologies des fa\u00efences &nbsp; Biografia do Autor: Pierre Munier foi um engenheiro franc\u00eas que se especializou nos aspetos t\u00e9cnicos da cer\u00e2mica industrial. Foi diretor do Institut de C\u00e9ramique Fran\u00e7aise e \u201cimpulsionador\u201d do seu laborat\u00f3rio. De facto, este laborat\u00f3rio foi um dos escolhidos para realizar as an\u00e1lises para o estudo Contribution \u00e0 l&#8217;\u00e9tude des argiles utilis\u00e9es [&hellip;]<\/p>\n","protected":false},"author":4286,"featured_media":3330,"comment_status":"open","ping_status":"open","sticky":false,"template":"","format":"standard","meta":{"footnotes":""},"categories":[133170,110974,4072,111879,111888],"tags":[],"class_list":["post-3329","post","type-post","status-publish","format-standard","has-post-thumbnail","hentry","category-biblioteca-de-um-ceramista-industrial-1880-1980","category-centro-de-documentacao","category-exposicoes","category-monografias","category-nucleo-3-a-fabrica-secla","entry-image--portrait"],"_links":{"self":[{"href":"https:\/\/sites.ipleiria.pt\/projetocp2s\/wp-json\/wp\/v2\/posts\/3329","targetHints":{"allow":["GET"]}}],"collection":[{"href":"https:\/\/sites.ipleiria.pt\/projetocp2s\/wp-json\/wp\/v2\/posts"}],"about":[{"href":"https:\/\/sites.ipleiria.pt\/projetocp2s\/wp-json\/wp\/v2\/types\/post"}],"author":[{"embeddable":true,"href":"https:\/\/sites.ipleiria.pt\/projetocp2s\/wp-json\/wp\/v2\/users\/4286"}],"replies":[{"embeddable":true,"href":"https:\/\/sites.ipleiria.pt\/projetocp2s\/wp-json\/wp\/v2\/comments?post=3329"}],"version-history":[{"count":2,"href":"https:\/\/sites.ipleiria.pt\/projetocp2s\/wp-json\/wp\/v2\/posts\/3329\/revisions"}],"predecessor-version":[{"id":3468,"href":"https:\/\/sites.ipleiria.pt\/projetocp2s\/wp-json\/wp\/v2\/posts\/3329\/revisions\/3468"}],"wp:featuredmedia":[{"embeddable":true,"href":"https:\/\/sites.ipleiria.pt\/projetocp2s\/wp-json\/wp\/v2\/media\/3330"}],"wp:attachment":[{"href":"https:\/\/sites.ipleiria.pt\/projetocp2s\/wp-json\/wp\/v2\/media?parent=3329"}],"wp:term":[{"taxonomy":"category","embeddable":true,"href":"https:\/\/sites.ipleiria.pt\/projetocp2s\/wp-json\/wp\/v2\/categories?post=3329"},{"taxonomy":"post_tag","embeddable":true,"href":"https:\/\/sites.ipleiria.pt\/projetocp2s\/wp-json\/wp\/v2\/tags?post=3329"}],"curies":[{"name":"wp","href":"https:\/\/api.w.org\/{rel}","templated":true}]}}