{"id":3332,"date":"2019-01-11T16:37:40","date_gmt":"2019-01-11T16:37:40","guid":{"rendered":"http:\/\/sites.ipleiria.pt\/projetocp2s\/?p=3332"},"modified":"2019-03-11T17:06:35","modified_gmt":"2019-03-11T17:06:35","slug":"arte-portuguesa","status":"publish","type":"post","link":"https:\/\/sites.ipleiria.pt\/projetocp2s\/2019\/01\/11\/arte-portuguesa\/","title":{"rendered":"Arte Portuguesa"},"content":{"rendered":"<blockquote><p><span style=\"font-size: 14pt\">Arte portuguesa: A cer\u00e2mica<\/span><\/p><\/blockquote>\n<div>&nbsp;<\/div>\n<p><strong>Biografia do Autor:<\/strong><\/p>\n<div style=\"text-align: justify\">Como n\u00e3o \u00e9 indicado o autor do conte\u00fado da obra, n\u00e3o foi criada uma biografia.<\/div>\n<p>&nbsp;<\/p>\n<p><strong>Resumo da Monografia:<\/strong><\/p>\n<div style=\"text-align: justify\">Esta brochura introduz o leitor \u00e0 tem\u00e1tica da cer\u00e2mica de uma forma sucinta. Come\u00e7a pela hist\u00f3ria da cer\u00e2mica e t\u00e9cnicas usadas no fabrico, seguindo-se a classifica\u00e7\u00e3o dos produtos cer\u00e2micos e uma cronologia das descobertas e progressos da cer\u00e2mica, ambas baseadas no <em>Trait\u00e9 des arts c\u00e9ramiques ou des poteries<\/em> de Brongniart, as \u201cfabrica\u00e7\u00f5es mais estimadas pelos colecionadores\u201d, duas cronologias, da aplica\u00e7\u00e3o de esmalte \u00e0 faian\u00e7a e da hist\u00f3ria da porcelana, e termina com uma bibliografia de obras consideradas essenciais sobre a cer\u00e2mica.<\/div>\n<p>&nbsp;<\/p>\n<ul>\n<li>Monografia dispon\u00edvel em PDF- <strong><a href=\"http:\/\/sites.ipleiria.pt\/projetocp2s\/files\/2019\/01\/A-ceramica.pdf\">(aqui)<\/a><\/strong><\/li>\n<\/ul>\n<p>&nbsp;<\/p>\n<p style=\"text-align: center\"><span style=\"font-size: 10pt\"><img loading=\"lazy\" decoding=\"async\" class=\"alignnone wp-image-3333\" src=\"http:\/\/sites.ipleiria.pt\/projetocp2s\/files\/2019\/01\/0386_002-202x300.jpg\" alt=\"\" width=\"709\" height=\"1053\" srcset=\"https:\/\/sites.ipleiria.pt\/projetocp2s\/files\/2019\/01\/0386_002-202x300.jpg 202w, https:\/\/sites.ipleiria.pt\/projetocp2s\/files\/2019\/01\/0386_002-7x10.jpg 7w, https:\/\/sites.ipleiria.pt\/projetocp2s\/files\/2019\/01\/0386_002-432x641.jpg 432w, https:\/\/sites.ipleiria.pt\/projetocp2s\/files\/2019\/01\/0386_002-396x587.jpg 396w, https:\/\/sites.ipleiria.pt\/projetocp2s\/files\/2019\/01\/0386_002-660x979.jpg 660w, https:\/\/sites.ipleiria.pt\/projetocp2s\/files\/2019\/01\/0386_002-148x220.jpg 148w\" sizes=\"auto, (max-width: 600px) 91vw, (max-width: 900px) 600px, (max-width: 1060px) 50vw, (max-width: 1200px) 520px, (max-width: 1400px) 43vw, 600px\" \/>&#8211;&nbsp;<\/span><span style=\"font-size: 10pt\">SAMPAIO, Albino Forjaz de, dir. &#8211; <em>Arte portuguesa: A cer\u00e2mica<\/em>. Ilustra\u00e7\u00f5es de Saavedra Machado; capa de Jorge Barradas. Lisboa: Empreza do Diario de Noticias, 1926. [16] p. (Collec\u00e7\u00e3o Patricia)<\/span><\/p>\n<p>&nbsp;<\/p>\n","protected":false},"excerpt":{"rendered":"<p>Arte portuguesa: A cer\u00e2mica &nbsp; Biografia do Autor: Como n\u00e3o \u00e9 indicado o autor do conte\u00fado da obra, n\u00e3o foi criada uma biografia. &nbsp; Resumo da Monografia: Esta brochura introduz o leitor \u00e0 tem\u00e1tica da cer\u00e2mica de uma forma sucinta. Come\u00e7a pela hist\u00f3ria da cer\u00e2mica e t\u00e9cnicas usadas no fabrico, seguindo-se a classifica\u00e7\u00e3o dos produtos [&hellip;]<\/p>\n","protected":false},"author":4286,"featured_media":3333,"comment_status":"open","ping_status":"open","sticky":false,"template":"","format":"standard","meta":{"footnotes":""},"categories":[133170,110974,4072,111879,111886],"tags":[],"class_list":["post-3332","post","type-post","status-publish","format-standard","has-post-thumbnail","hentry","category-biblioteca-de-um-ceramista-industrial-1880-1980","category-centro-de-documentacao","category-exposicoes","category-monografias","category-nucleo-1-fabrica-de-faiancas-das-caldas-da-rainha-e-escola-industrial-caldense","entry-image--portrait"],"_links":{"self":[{"href":"https:\/\/sites.ipleiria.pt\/projetocp2s\/wp-json\/wp\/v2\/posts\/3332","targetHints":{"allow":["GET"]}}],"collection":[{"href":"https:\/\/sites.ipleiria.pt\/projetocp2s\/wp-json\/wp\/v2\/posts"}],"about":[{"href":"https:\/\/sites.ipleiria.pt\/projetocp2s\/wp-json\/wp\/v2\/types\/post"}],"author":[{"embeddable":true,"href":"https:\/\/sites.ipleiria.pt\/projetocp2s\/wp-json\/wp\/v2\/users\/4286"}],"replies":[{"embeddable":true,"href":"https:\/\/sites.ipleiria.pt\/projetocp2s\/wp-json\/wp\/v2\/comments?post=3332"}],"version-history":[{"count":5,"href":"https:\/\/sites.ipleiria.pt\/projetocp2s\/wp-json\/wp\/v2\/posts\/3332\/revisions"}],"predecessor-version":[{"id":3469,"href":"https:\/\/sites.ipleiria.pt\/projetocp2s\/wp-json\/wp\/v2\/posts\/3332\/revisions\/3469"}],"wp:featuredmedia":[{"embeddable":true,"href":"https:\/\/sites.ipleiria.pt\/projetocp2s\/wp-json\/wp\/v2\/media\/3333"}],"wp:attachment":[{"href":"https:\/\/sites.ipleiria.pt\/projetocp2s\/wp-json\/wp\/v2\/media?parent=3332"}],"wp:term":[{"taxonomy":"category","embeddable":true,"href":"https:\/\/sites.ipleiria.pt\/projetocp2s\/wp-json\/wp\/v2\/categories?post=3332"},{"taxonomy":"post_tag","embeddable":true,"href":"https:\/\/sites.ipleiria.pt\/projetocp2s\/wp-json\/wp\/v2\/tags?post=3332"}],"curies":[{"name":"wp","href":"https:\/\/api.w.org\/{rel}","templated":true}]}}