{"id":3343,"date":"2019-01-11T16:48:39","date_gmt":"2019-01-11T16:48:39","guid":{"rendered":"http:\/\/sites.ipleiria.pt\/projetocp2s\/?p=3343"},"modified":"2019-03-11T17:06:46","modified_gmt":"2019-03-11T17:06:46","slug":"arte-portuguesa-2","status":"publish","type":"post","link":"https:\/\/sites.ipleiria.pt\/projetocp2s\/2019\/01\/11\/arte-portuguesa-2\/","title":{"rendered":"Arte Portuguesa"},"content":{"rendered":"<blockquote><p><span style=\"font-size: 14pt\">Arte portuguesa: Cer\u00e2mica Portuguesa<\/span><\/p><\/blockquote>\n<div>&nbsp;<\/div>\n<p><strong>Biografia do Autor:<\/strong><\/p>\n<div style=\"text-align: justify\">Como n\u00e3o \u00e9 indicado o autor do conte\u00fado da obra, n\u00e3o foi criada uma biografia.<\/div>\n<p>&nbsp;<\/p>\n<p><strong>Resumo da Monografia:<\/strong><\/p>\n<div style=\"text-align: justify\">Esta brochura funciona como complemento da anterior, agora dedicada \u00e0 cer\u00e2mica portuguesa. \u00c9 abordado a sua hist\u00f3ria; as f\u00e1bricas existentes em Portugal, os seus produtos (o autor identifica quatro categorias, a cer\u00e2mica art\u00edstica, popular, sanit\u00e1ria e de constru\u00e7\u00e3o), e a denomina\u00e7\u00e3o do pessoal; a azulejaria; a presen\u00e7a da cer\u00e2mica na arte e na literatura; museus e cole\u00e7\u00f5es particulares de cer\u00e2mica; a classifica\u00e7\u00e3o da cer\u00e2mica portuguesa sob o ponto de vista formal e decorativo; a terminologia dos produtos cer\u00e2micos portuguesas; e termina igualmente com uma bibliografia de obras consideradas essenciais sobre a cer\u00e2mica portuguesa.<\/div>\n<p>&nbsp;<\/p>\n<ul>\n<li>Monografia dispon\u00edvel em PDF- <strong><a href=\"http:\/\/sites.ipleiria.pt\/projetocp2s\/files\/2019\/01\/Ceramica-portuguesa.pdf\">(aqui)<\/a><\/strong><\/li>\n<\/ul>\n<p>&nbsp;<\/p>\n<p style=\"text-align: center\"><span style=\"font-size: 10pt\"><img loading=\"lazy\" decoding=\"async\" class=\"alignnone wp-image-3344\" src=\"http:\/\/sites.ipleiria.pt\/projetocp2s\/files\/2019\/01\/0386_003-206x300.jpg\" alt=\"\" width=\"704\" height=\"1025\" srcset=\"https:\/\/sites.ipleiria.pt\/projetocp2s\/files\/2019\/01\/0386_003-206x300.jpg 206w, https:\/\/sites.ipleiria.pt\/projetocp2s\/files\/2019\/01\/0386_003-7x10.jpg 7w, https:\/\/sites.ipleiria.pt\/projetocp2s\/files\/2019\/01\/0386_003-396x578.jpg 396w, https:\/\/sites.ipleiria.pt\/projetocp2s\/files\/2019\/01\/0386_003-151x220.jpg 151w\" sizes=\"auto, (max-width: 600px) 91vw, (max-width: 900px) 600px, (max-width: 1060px) 50vw, (max-width: 1200px) 520px, (max-width: 1400px) 43vw, 600px\" \/>&#8211;&nbsp;<\/span><span style=\"font-size: 10pt\">SAMPAIO, Albino Forjaz de, dir. &#8211; <em>Arte portuguesa: Cer\u00e2mica Portuguesa<\/em>. Ilustra\u00e7\u00f5es de Saavedra Machado; capa de Jorge Barradas. Lisboa: Empreza do Diario de Noticias, 1931. [16] p. (Collec\u00e7\u00e3o Patricia)<\/span><\/p>\n<p>&nbsp;<\/p>\n","protected":false},"excerpt":{"rendered":"<p>Arte portuguesa: Cer\u00e2mica Portuguesa &nbsp; Biografia do Autor: Como n\u00e3o \u00e9 indicado o autor do conte\u00fado da obra, n\u00e3o foi criada uma biografia. &nbsp; Resumo da Monografia: Esta brochura funciona como complemento da anterior, agora dedicada \u00e0 cer\u00e2mica portuguesa. \u00c9 abordado a sua hist\u00f3ria; as f\u00e1bricas existentes em Portugal, os seus produtos (o autor identifica [&hellip;]<\/p>\n","protected":false},"author":4286,"featured_media":3344,"comment_status":"open","ping_status":"open","sticky":false,"template":"","format":"standard","meta":{"footnotes":""},"categories":[133170,110974,4072,111879,111886],"tags":[],"class_list":["post-3343","post","type-post","status-publish","format-standard","has-post-thumbnail","hentry","category-biblioteca-de-um-ceramista-industrial-1880-1980","category-centro-de-documentacao","category-exposicoes","category-monografias","category-nucleo-1-fabrica-de-faiancas-das-caldas-da-rainha-e-escola-industrial-caldense","entry-image--portrait"],"_links":{"self":[{"href":"https:\/\/sites.ipleiria.pt\/projetocp2s\/wp-json\/wp\/v2\/posts\/3343","targetHints":{"allow":["GET"]}}],"collection":[{"href":"https:\/\/sites.ipleiria.pt\/projetocp2s\/wp-json\/wp\/v2\/posts"}],"about":[{"href":"https:\/\/sites.ipleiria.pt\/projetocp2s\/wp-json\/wp\/v2\/types\/post"}],"author":[{"embeddable":true,"href":"https:\/\/sites.ipleiria.pt\/projetocp2s\/wp-json\/wp\/v2\/users\/4286"}],"replies":[{"embeddable":true,"href":"https:\/\/sites.ipleiria.pt\/projetocp2s\/wp-json\/wp\/v2\/comments?post=3343"}],"version-history":[{"count":5,"href":"https:\/\/sites.ipleiria.pt\/projetocp2s\/wp-json\/wp\/v2\/posts\/3343\/revisions"}],"predecessor-version":[{"id":3470,"href":"https:\/\/sites.ipleiria.pt\/projetocp2s\/wp-json\/wp\/v2\/posts\/3343\/revisions\/3470"}],"wp:featuredmedia":[{"embeddable":true,"href":"https:\/\/sites.ipleiria.pt\/projetocp2s\/wp-json\/wp\/v2\/media\/3344"}],"wp:attachment":[{"href":"https:\/\/sites.ipleiria.pt\/projetocp2s\/wp-json\/wp\/v2\/media?parent=3343"}],"wp:term":[{"taxonomy":"category","embeddable":true,"href":"https:\/\/sites.ipleiria.pt\/projetocp2s\/wp-json\/wp\/v2\/categories?post=3343"},{"taxonomy":"post_tag","embeddable":true,"href":"https:\/\/sites.ipleiria.pt\/projetocp2s\/wp-json\/wp\/v2\/tags?post=3343"}],"curies":[{"name":"wp","href":"https:\/\/api.w.org\/{rel}","templated":true}]}}