{"id":3347,"date":"2019-01-11T16:55:14","date_gmt":"2019-01-11T16:55:14","guid":{"rendered":"http:\/\/sites.ipleiria.pt\/projetocp2s\/?p=3347"},"modified":"2019-03-11T17:07:15","modified_gmt":"2019-03-11T17:07:15","slug":"industria-de-ceramica","status":"publish","type":"post","link":"https:\/\/sites.ipleiria.pt\/projetocp2s\/2019\/01\/11\/industria-de-ceramica\/","title":{"rendered":"Ind\u00fastria de Cer\u00e2mica"},"content":{"rendered":"<blockquote><p><span style=\"font-size: 14pt\">Ind\u00fastria de Cer\u00e2mica<\/span><\/p><\/blockquote>\n<div>&nbsp;<\/div>\n<p><strong>Biografia do Autor:<\/strong><\/p>\n<div style=\"text-align: justify\">Como n\u00e3o \u00e9 indicado o autor do conte\u00fado da obra, n\u00e3o foi criada uma biografia.<\/div>\n<p>&nbsp;<\/p>\n<p><strong>Resumo da Monografia:<\/strong><\/p>\n<div>\n<p style=\"text-align: justify\">Inserida na cole\u00e7\u00e3o <em>Biblioteca de instru\u00e7\u00e3o profissional<\/em>, esta obra trata das t\u00e9cnicas e tecnologias usadas na ind\u00fastria cer\u00e2mica. Todo o processo industrial da cer\u00e2mica \u00e9 descrito, desde a sele\u00e7\u00e3o das argilas, a prepara\u00e7\u00e3o das pastas, a modela\u00e7\u00e3o e a cozedura em termos gerais, como em alguns casos espec\u00edficos (cer\u00e2mica de constru\u00e7\u00e3o, produtos refrat\u00e1rios, lou\u00e7a de barro, faian\u00e7a comum e fina, gr\u00e9s fino, e porcelana), a constitui\u00e7\u00e3o e cozedura dos vidrados e a decora\u00e7\u00e3o (por exemplos engobes e tintas). Na conclus\u00e3o, o autor alerta para precau\u00e7\u00f5es pr\u00e1ticas na industria cer\u00e2mica, ou seja, situa\u00e7\u00f5es a ter em aten\u00e7\u00e3o aquando da fabrica\u00e7\u00e3o de cer\u00e2mica.<\/p>\n<\/div>\n<p>&nbsp;<\/p>\n<p style=\"text-align: center\"><span style=\"font-size: 10pt\"><img loading=\"lazy\" decoding=\"async\" class=\"alignnone wp-image-3348\" src=\"http:\/\/sites.ipleiria.pt\/projetocp2s\/files\/2019\/01\/0386_001-182x300.jpg\" alt=\"\" width=\"690\" height=\"1137\" srcset=\"https:\/\/sites.ipleiria.pt\/projetocp2s\/files\/2019\/01\/0386_001-182x300.jpg 182w, https:\/\/sites.ipleiria.pt\/projetocp2s\/files\/2019\/01\/0386_001-768x1267.jpg 768w, https:\/\/sites.ipleiria.pt\/projetocp2s\/files\/2019\/01\/0386_001-621x1024.jpg 621w, https:\/\/sites.ipleiria.pt\/projetocp2s\/files\/2019\/01\/0386_001-6x10.jpg 6w, https:\/\/sites.ipleiria.pt\/projetocp2s\/files\/2019\/01\/0386_001-432x713.jpg 432w, https:\/\/sites.ipleiria.pt\/projetocp2s\/files\/2019\/01\/0386_001-396x653.jpg 396w, https:\/\/sites.ipleiria.pt\/projetocp2s\/files\/2019\/01\/0386_001-660x1089.jpg 660w, https:\/\/sites.ipleiria.pt\/projetocp2s\/files\/2019\/01\/0386_001-133x220.jpg 133w\" sizes=\"auto, (max-width: 600px) 91vw, (max-width: 900px) 600px, (max-width: 1060px) 50vw, (max-width: 1200px) 520px, (max-width: 1400px) 43vw, 600px\" \/>&#8211;&nbsp;<\/span><span style=\"font-size: 10pt\">PINHEIRO, Tom\u00e1s Bordalo, dir.; VANCONCELOS, Joaquim de, int.; PROSTES, Pedro, coord. &#8211; <em>Ind\u00fastria de Cer\u00e2mica<\/em>. 2\u00aaed. Lisboa: Bertrand, [19-?]. 252, [24] p. (Biblioteca de instru\u00e7\u00e3o profissional)<\/span><\/p>\n<p>&nbsp;<\/p>\n","protected":false},"excerpt":{"rendered":"<p>Ind\u00fastria de Cer\u00e2mica &nbsp; Biografia do Autor: Como n\u00e3o \u00e9 indicado o autor do conte\u00fado da obra, n\u00e3o foi criada uma biografia. &nbsp; Resumo da Monografia: Inserida na cole\u00e7\u00e3o Biblioteca de instru\u00e7\u00e3o profissional, esta obra trata das t\u00e9cnicas e tecnologias usadas na ind\u00fastria cer\u00e2mica. Todo o processo industrial da cer\u00e2mica \u00e9 descrito, desde a sele\u00e7\u00e3o [&hellip;]<\/p>\n","protected":false},"author":4286,"featured_media":3348,"comment_status":"open","ping_status":"open","sticky":false,"template":"","format":"standard","meta":{"footnotes":""},"categories":[133170,110974,4072,111879,111886],"tags":[],"class_list":["post-3347","post","type-post","status-publish","format-standard","has-post-thumbnail","hentry","category-biblioteca-de-um-ceramista-industrial-1880-1980","category-centro-de-documentacao","category-exposicoes","category-monografias","category-nucleo-1-fabrica-de-faiancas-das-caldas-da-rainha-e-escola-industrial-caldense","entry-image--portrait"],"_links":{"self":[{"href":"https:\/\/sites.ipleiria.pt\/projetocp2s\/wp-json\/wp\/v2\/posts\/3347","targetHints":{"allow":["GET"]}}],"collection":[{"href":"https:\/\/sites.ipleiria.pt\/projetocp2s\/wp-json\/wp\/v2\/posts"}],"about":[{"href":"https:\/\/sites.ipleiria.pt\/projetocp2s\/wp-json\/wp\/v2\/types\/post"}],"author":[{"embeddable":true,"href":"https:\/\/sites.ipleiria.pt\/projetocp2s\/wp-json\/wp\/v2\/users\/4286"}],"replies":[{"embeddable":true,"href":"https:\/\/sites.ipleiria.pt\/projetocp2s\/wp-json\/wp\/v2\/comments?post=3347"}],"version-history":[{"count":4,"href":"https:\/\/sites.ipleiria.pt\/projetocp2s\/wp-json\/wp\/v2\/posts\/3347\/revisions"}],"predecessor-version":[{"id":3471,"href":"https:\/\/sites.ipleiria.pt\/projetocp2s\/wp-json\/wp\/v2\/posts\/3347\/revisions\/3471"}],"wp:featuredmedia":[{"embeddable":true,"href":"https:\/\/sites.ipleiria.pt\/projetocp2s\/wp-json\/wp\/v2\/media\/3348"}],"wp:attachment":[{"href":"https:\/\/sites.ipleiria.pt\/projetocp2s\/wp-json\/wp\/v2\/media?parent=3347"}],"wp:term":[{"taxonomy":"category","embeddable":true,"href":"https:\/\/sites.ipleiria.pt\/projetocp2s\/wp-json\/wp\/v2\/categories?post=3347"},{"taxonomy":"post_tag","embeddable":true,"href":"https:\/\/sites.ipleiria.pt\/projetocp2s\/wp-json\/wp\/v2\/tags?post=3347"}],"curies":[{"name":"wp","href":"https:\/\/api.w.org\/{rel}","templated":true}]}}