{"id":3353,"date":"2019-01-11T17:02:49","date_gmt":"2019-01-11T17:02:49","guid":{"rendered":"http:\/\/sites.ipleiria.pt\/projetocp2s\/?p=3353"},"modified":"2019-03-11T17:08:42","modified_gmt":"2019-03-11T17:08:42","slug":"la-fabrication-industrielle-des-emaux-et-couleurs-ceramiques","status":"publish","type":"post","link":"https:\/\/sites.ipleiria.pt\/projetocp2s\/2019\/01\/11\/la-fabrication-industrielle-des-emaux-et-couleurs-ceramiques\/","title":{"rendered":"La fabrication industrielle des \u00e9maux et couleurs c\u00e9ramiques"},"content":{"rendered":"<blockquote><p><span style=\"font-size: 14pt\">La fabrication industrielle des \u00e9maux et couleurs c\u00e9ramiques<\/span><\/p><\/blockquote>\n<div>&nbsp;<\/div>\n<p><strong>Biografia do Autor:<\/strong><\/p>\n<div style=\"text-align: justify\">Louis Th\u00e9ophile Franchet (23.06.1869 \u2013 29.10.1940) foi um qu\u00edmico, arque\u00f3logo, e ceramista franc\u00eas. O seu pai, o bot\u00e2nico Adrien Franchet, trabalhou no Mus\u00e9um national d&#8217;histoire naturelle, pelo que se pode presumir que o filho tenha tido contacto com cer\u00e2mica antiga e que lhe tenha despertado a curiosidade e interesse. Enquanto ceramista, ficou conhecido pelas suas pe\u00e7as de estilo japon\u00eas em gr\u00e9s com vidrados \u00e0 base de \u00f3xidos, que exp\u00f4s na Exposi\u00e7\u00e3o Universal de Paris de 1900 e no Salon de 1903. Em 1911, deu aulas na \u00c9cole d&#8217;anthropologie, tendo publicou a obra <em>C\u00e9ramique primitive: introduction \u00e0 l&#8217;\u00e9tude de la technologie<\/em> com base nessas aulas. Esta obra articula tecnologia da cer\u00e2mica, arqueologia e antropologia. Foi membro da Soci\u00e9t\u00e9 d&#8217;histoire naturelle d&#8217;Autun em 1900. O seu interesse pela hist\u00f3ria da produ\u00e7\u00e3o cer\u00e2mica levou o Minist\u00e9rio da Instru\u00e7\u00e3o Publica franc\u00eas a lhe confiar o estudo da cer\u00e2mica eg\u00edpcia e cretense, materializado na obra <em>Rapport sur une Mission en Cr\u00e8te et en \u00c9gypte (1912\u20131913)<\/em>. A sua bibliografia reflete o seu fasc\u00ednio pela evolu\u00e7\u00e3o das pr\u00e1ticas e tecnologias cer\u00e2micas ao longo dos tempos (com foco nas sociedades agr\u00edcolas primitivas), que lhe levou \u00e0 \u201ccria\u00e7\u00e3o\u201d de um sistema de classifica\u00e7\u00e3o cronol\u00f3gica com base em artefactos cer\u00e2micos (embora n\u00e3o tenha o primeiro a sugerir esta forma de data\u00e7\u00e3o), e o papel da qu\u00edmica para conhecer as propriedades corantes de alguns minerais para formular vidrados brilhantes, por exemplo <em>La fabrication industrielle des \u00e9maux et couleurs c\u00e9ramiques <\/em>(obra em exposi\u00e7\u00e3o).<\/div>\n<p>&nbsp;<\/p>\n<p><strong>Resumo da Monografia:<\/strong><\/p>\n<div>\n<p style=\"text-align: justify\">Esta obra dedica-se aos m\u00e9todos e opera\u00e7\u00f5es de uma das formas de decora\u00e7\u00e3o das pe\u00e7as cer\u00e2micas, os vidrados e as cores cer\u00e2micas. O autor define o papel dos produtos empregues na decora\u00e7\u00e3o e descrever o seu fabrico e as praticas usadas a n\u00edvel industrial, deixando de lado o te\u00f3rico. &nbsp;&nbsp;\u00c9 restrito estritamente ao campo das prepara\u00e7\u00f5es industriais, e n\u00e3o \u00e0s formula\u00e7\u00f5es qu\u00edmicas daqueles produtos.<\/p>\n<\/div>\n<p>&nbsp;<\/p>\n<p style=\"text-align: center\"><span style=\"font-size: 10pt\"><img loading=\"lazy\" decoding=\"async\" class=\"alignnone wp-image-3354\" src=\"http:\/\/sites.ipleiria.pt\/projetocp2s\/files\/2019\/01\/0386_005-200x300.jpg\" alt=\"\" width=\"722\" height=\"1083\" srcset=\"https:\/\/sites.ipleiria.pt\/projetocp2s\/files\/2019\/01\/0386_005-200x300.jpg 200w, https:\/\/sites.ipleiria.pt\/projetocp2s\/files\/2019\/01\/0386_005-7x10.jpg 7w, https:\/\/sites.ipleiria.pt\/projetocp2s\/files\/2019\/01\/0386_005-432x649.jpg 432w, https:\/\/sites.ipleiria.pt\/projetocp2s\/files\/2019\/01\/0386_005-396x595.jpg 396w, https:\/\/sites.ipleiria.pt\/projetocp2s\/files\/2019\/01\/0386_005-146x220.jpg 146w\" sizes=\"auto, (max-width: 600px) 91vw, (max-width: 900px) 600px, (max-width: 1060px) 50vw, (max-width: 1200px) 520px, (max-width: 1400px) 43vw, 600px\" \/>&#8211;&nbsp;<\/span><span style=\"font-size: 10pt\">FRANCHET, Louis &#8211; <em>La fabrication industrielle des \u00e9maux et couleurs c\u00e9ramiques<\/em>. Paris: Revue des mat\u00e9riaux de construction, 1911. vi, 188 p. Edi\u00e7\u00e3o fac-similada sem indica\u00e7\u00e3o da nova edi\u00e7\u00e3o<\/span><\/p>\n<p>&nbsp;<\/p>\n","protected":false},"excerpt":{"rendered":"<p>La fabrication industrielle des \u00e9maux et couleurs c\u00e9ramiques &nbsp; Biografia do Autor: Louis Th\u00e9ophile Franchet (23.06.1869 \u2013 29.10.1940) foi um qu\u00edmico, arque\u00f3logo, e ceramista franc\u00eas. O seu pai, o bot\u00e2nico Adrien Franchet, trabalhou no Mus\u00e9um national d&#8217;histoire naturelle, pelo que se pode presumir que o filho tenha tido contacto com cer\u00e2mica antiga e que lhe [&hellip;]<\/p>\n","protected":false},"author":4286,"featured_media":3354,"comment_status":"open","ping_status":"open","sticky":false,"template":"","format":"standard","meta":{"footnotes":""},"categories":[133170,110974,4072,111879,111887],"tags":[],"class_list":["post-3353","post","type-post","status-publish","format-standard","has-post-thumbnail","hentry","category-biblioteca-de-um-ceramista-industrial-1880-1980","category-centro-de-documentacao","category-exposicoes","category-monografias","category-nucleo-a-fabrica-belo","entry-image--portrait"],"_links":{"self":[{"href":"https:\/\/sites.ipleiria.pt\/projetocp2s\/wp-json\/wp\/v2\/posts\/3353","targetHints":{"allow":["GET"]}}],"collection":[{"href":"https:\/\/sites.ipleiria.pt\/projetocp2s\/wp-json\/wp\/v2\/posts"}],"about":[{"href":"https:\/\/sites.ipleiria.pt\/projetocp2s\/wp-json\/wp\/v2\/types\/post"}],"author":[{"embeddable":true,"href":"https:\/\/sites.ipleiria.pt\/projetocp2s\/wp-json\/wp\/v2\/users\/4286"}],"replies":[{"embeddable":true,"href":"https:\/\/sites.ipleiria.pt\/projetocp2s\/wp-json\/wp\/v2\/comments?post=3353"}],"version-history":[{"count":2,"href":"https:\/\/sites.ipleiria.pt\/projetocp2s\/wp-json\/wp\/v2\/posts\/3353\/revisions"}],"predecessor-version":[{"id":3473,"href":"https:\/\/sites.ipleiria.pt\/projetocp2s\/wp-json\/wp\/v2\/posts\/3353\/revisions\/3473"}],"wp:featuredmedia":[{"embeddable":true,"href":"https:\/\/sites.ipleiria.pt\/projetocp2s\/wp-json\/wp\/v2\/media\/3354"}],"wp:attachment":[{"href":"https:\/\/sites.ipleiria.pt\/projetocp2s\/wp-json\/wp\/v2\/media?parent=3353"}],"wp:term":[{"taxonomy":"category","embeddable":true,"href":"https:\/\/sites.ipleiria.pt\/projetocp2s\/wp-json\/wp\/v2\/categories?post=3353"},{"taxonomy":"post_tag","embeddable":true,"href":"https:\/\/sites.ipleiria.pt\/projetocp2s\/wp-json\/wp\/v2\/tags?post=3353"}],"curies":[{"name":"wp","href":"https:\/\/api.w.org\/{rel}","templated":true}]}}