{"id":3356,"date":"2019-01-11T17:15:25","date_gmt":"2019-01-11T17:15:25","guid":{"rendered":"http:\/\/sites.ipleiria.pt\/projetocp2s\/?p=3356"},"modified":"2019-03-11T17:09:33","modified_gmt":"2019-03-11T17:09:33","slug":"estudo-sobre-o-estado-actual-da-industria-ceramica","status":"publish","type":"post","link":"https:\/\/sites.ipleiria.pt\/projetocp2s\/2019\/01\/11\/estudo-sobre-o-estado-actual-da-industria-ceramica\/","title":{"rendered":"Estudo sobre o estado actual da ind\u00fastria cer\u00e2mica"},"content":{"rendered":"<blockquote><p><span style=\"font-size: 14pt\">Estudo sobre o estado atual da ind\u00fastria cer\u00e2mica na 2.\u00aa circunscri\u00e7\u00e3o dos servi\u00e7os t\u00e9cnicos da ind\u00fastria<\/span><\/p><\/blockquote>\n<div>&nbsp;<\/div>\n<p><strong>Biografia do Autor:<\/strong><\/p>\n<div style=\"text-align: justify\">Minist\u00e9rio da Obras Publicas, Com\u00e9rcio e Ind\u00fastria. Direc\u00e7\u00e3o Geral do Com\u00e9rcio e Ind\u00fastria. Reparti\u00e7\u00e3o do Trabalho Industrial.<\/div>\n<p>&nbsp;<\/p>\n<p><strong>Resumo da Monografia:<\/strong><\/p>\n<div>\n<p style=\"text-align: justify\">Este estudo apresenta os resultados da aferi\u00e7\u00e3o do estado atual, \u00e0 \u00e9poca (1905), da industria cer\u00e2mica, emanado pelo Minist\u00e9rio das obras p\u00fablicas, com\u00e9rcio e ind\u00fastria. Encontra-se dividido por distritos (Aveiro, Castelo Branco, Coimbra, Guarda), e estes por concelhos, sendo explanado a tipologia de produtos cer\u00e2micos (de acordo com a classifica\u00e7\u00e3o de Charles Lepierre), as mat\u00e9rias-primas e sua disponibilidade, os instrumentos usados, os processos de fabrico, a carateriza\u00e7\u00e3o dos estabelecimentos fabris e respetivos oper\u00e1rios, a produ\u00e7\u00e3o anual e respetivo rendimento.<\/p>\n<\/div>\n<p>&nbsp;<\/p>\n<p style=\"text-align: center\"><span style=\"font-size: 10pt\"><img loading=\"lazy\" decoding=\"async\" class=\"alignnone wp-image-3357\" src=\"http:\/\/sites.ipleiria.pt\/projetocp2s\/files\/2019\/01\/0387_001-195x300.jpg\" alt=\"\" width=\"710\" height=\"1092\" srcset=\"https:\/\/sites.ipleiria.pt\/projetocp2s\/files\/2019\/01\/0387_001-195x300.jpg 195w, https:\/\/sites.ipleiria.pt\/projetocp2s\/files\/2019\/01\/0387_001-7x10.jpg 7w, https:\/\/sites.ipleiria.pt\/projetocp2s\/files\/2019\/01\/0387_001-432x663.jpg 432w, https:\/\/sites.ipleiria.pt\/projetocp2s\/files\/2019\/01\/0387_001-396x608.jpg 396w, https:\/\/sites.ipleiria.pt\/projetocp2s\/files\/2019\/01\/0387_001-143x220.jpg 143w\" sizes=\"auto, (max-width: 600px) 91vw, (max-width: 900px) 600px, (max-width: 1060px) 50vw, (max-width: 1200px) 520px, (max-width: 1400px) 43vw, 600px\" \/>&#8211;&nbsp;<\/span><span style=\"font-size: 10pt\">PORTUGAL. Minist\u00e9rio das Obras P\u00fablicas, Com\u00e9rcio e Ind\u00fastria. Dire\u00e7\u00e3o Geral do Com\u00e9rcio e Ind\u00fastria. Reparti\u00e7\u00e3o do Trabalho Industrial &#8211; <em>Estudo sobre o estado atual da ind\u00fastria cer\u00e2mica na 2a circunscri\u00e7\u00e3o dos servi\u00e7os t\u00e9cnicos da ind\u00fastria<\/em>. Lisboa: Imprensa Nacional, 1905. 168, [2] p.<\/span><\/p>\n<p>&nbsp;<\/p>\n","protected":false},"excerpt":{"rendered":"<p>Estudo sobre o estado atual da ind\u00fastria cer\u00e2mica na 2.\u00aa circunscri\u00e7\u00e3o dos servi\u00e7os t\u00e9cnicos da ind\u00fastria &nbsp; Biografia do Autor: Minist\u00e9rio da Obras Publicas, Com\u00e9rcio e Ind\u00fastria. Direc\u00e7\u00e3o Geral do Com\u00e9rcio e Ind\u00fastria. Reparti\u00e7\u00e3o do Trabalho Industrial. &nbsp; Resumo da Monografia: Este estudo apresenta os resultados da aferi\u00e7\u00e3o do estado atual, \u00e0 \u00e9poca (1905), da [&hellip;]<\/p>\n","protected":false},"author":4286,"featured_media":3357,"comment_status":"open","ping_status":"open","sticky":false,"template":"","format":"standard","meta":{"footnotes":""},"categories":[133170,110974,4072,111879,111887],"tags":[],"class_list":["post-3356","post","type-post","status-publish","format-standard","has-post-thumbnail","hentry","category-biblioteca-de-um-ceramista-industrial-1880-1980","category-centro-de-documentacao","category-exposicoes","category-monografias","category-nucleo-a-fabrica-belo","entry-image--portrait"],"_links":{"self":[{"href":"https:\/\/sites.ipleiria.pt\/projetocp2s\/wp-json\/wp\/v2\/posts\/3356","targetHints":{"allow":["GET"]}}],"collection":[{"href":"https:\/\/sites.ipleiria.pt\/projetocp2s\/wp-json\/wp\/v2\/posts"}],"about":[{"href":"https:\/\/sites.ipleiria.pt\/projetocp2s\/wp-json\/wp\/v2\/types\/post"}],"author":[{"embeddable":true,"href":"https:\/\/sites.ipleiria.pt\/projetocp2s\/wp-json\/wp\/v2\/users\/4286"}],"replies":[{"embeddable":true,"href":"https:\/\/sites.ipleiria.pt\/projetocp2s\/wp-json\/wp\/v2\/comments?post=3356"}],"version-history":[{"count":4,"href":"https:\/\/sites.ipleiria.pt\/projetocp2s\/wp-json\/wp\/v2\/posts\/3356\/revisions"}],"predecessor-version":[{"id":3474,"href":"https:\/\/sites.ipleiria.pt\/projetocp2s\/wp-json\/wp\/v2\/posts\/3356\/revisions\/3474"}],"wp:featuredmedia":[{"embeddable":true,"href":"https:\/\/sites.ipleiria.pt\/projetocp2s\/wp-json\/wp\/v2\/media\/3357"}],"wp:attachment":[{"href":"https:\/\/sites.ipleiria.pt\/projetocp2s\/wp-json\/wp\/v2\/media?parent=3356"}],"wp:term":[{"taxonomy":"category","embeddable":true,"href":"https:\/\/sites.ipleiria.pt\/projetocp2s\/wp-json\/wp\/v2\/categories?post=3356"},{"taxonomy":"post_tag","embeddable":true,"href":"https:\/\/sites.ipleiria.pt\/projetocp2s\/wp-json\/wp\/v2\/tags?post=3356"}],"curies":[{"name":"wp","href":"https:\/\/api.w.org\/{rel}","templated":true}]}}