{"id":3359,"date":"2019-01-11T17:19:19","date_gmt":"2019-01-11T17:19:19","guid":{"rendered":"http:\/\/sites.ipleiria.pt\/projetocp2s\/?p=3359"},"modified":"2019-03-11T17:09:45","modified_gmt":"2019-03-11T17:09:45","slug":"exposition-universelle-de-paris-en-1889-catalogue","status":"publish","type":"post","link":"https:\/\/sites.ipleiria.pt\/projetocp2s\/2019\/01\/11\/exposition-universelle-de-paris-en-1889-catalogue\/","title":{"rendered":"Exposition universelle de Paris en 1889: Catalogue"},"content":{"rendered":"<blockquote><p><span style=\"font-size: 14pt\">Exposition universelle de Paris en 1889: Catalogue officiel des sections portugaises<\/span><\/p><\/blockquote>\n<div>&nbsp;<\/div>\n<p><strong>Biografia do Autor:<\/strong><\/p>\n<div style=\"text-align: justify\">Comit\u00e9 da Sec\u00e7\u00e3o Portuguesa da Exposi\u00e7\u00e3o Universal de Paris de 1889.<\/div>\n<p>&nbsp;<\/p>\n<p><strong>Resumo da Monografia:<\/strong><\/p>\n<div>\n<p style=\"text-align: justify\">Como \u00e9 indicado no t\u00edtulo, trata-se do cat\u00e1logo oficial das sec\u00e7\u00f5es portuguesas na Exposi\u00e7\u00e3o Universal de Paris de 1889. Encontra-se dividido em duas sec\u00e7\u00f5es, da Ind\u00fastria e Agricultura e das Col\u00f3nias Portuguesas, a saber Cabo Verde, Guin\u00e9-Bissau, S\u00e3o Tom\u00e9 e Pr\u00edncipe, Angola, Mo\u00e7ambique, Goa, Macau e Timor. De salientar a mostra de cer\u00e2mica portuguesa, integrada na classe 20 do 3\u00aa grupo da se\u00e7\u00e3o primeiramente referenciada (p. 26-32), e a de cer\u00e2mica das col\u00f3nias portuguesas, patente na sec\u00e7\u00e3o das Col\u00f3nias Portuguesas (p. 425-427).<\/p>\n<\/div>\n<p>&nbsp;<\/p>\n<p style=\"text-align: center\"><span style=\"font-size: 10pt\"><img loading=\"lazy\" decoding=\"async\" class=\"alignnone wp-image-3360\" src=\"http:\/\/sites.ipleiria.pt\/projetocp2s\/files\/2019\/01\/0387_002-202x300.jpg\" alt=\"\" width=\"766\" height=\"1138\" srcset=\"https:\/\/sites.ipleiria.pt\/projetocp2s\/files\/2019\/01\/0387_002-202x300.jpg 202w, https:\/\/sites.ipleiria.pt\/projetocp2s\/files\/2019\/01\/0387_002-7x10.jpg 7w, https:\/\/sites.ipleiria.pt\/projetocp2s\/files\/2019\/01\/0387_002-432x643.jpg 432w, https:\/\/sites.ipleiria.pt\/projetocp2s\/files\/2019\/01\/0387_002-396x589.jpg 396w, https:\/\/sites.ipleiria.pt\/projetocp2s\/files\/2019\/01\/0387_002-660x982.jpg 660w, https:\/\/sites.ipleiria.pt\/projetocp2s\/files\/2019\/01\/0387_002-148x220.jpg 148w\" sizes=\"auto, (max-width: 600px) 91vw, (max-width: 900px) 600px, (max-width: 1060px) 50vw, (max-width: 1200px) 520px, (max-width: 1400px) 43vw, 600px\" \/>&#8211;&nbsp;<\/span><span style=\"font-size: 10pt\"><em>Exposition universelle de Paris en 1889: Catalogue officiel des sections portugaises<\/em>. Paris: Imprimerie de la Soci\u00e9t\u00e9 anonyme de publications p\u00e9riodiques, 1889. x, 643 p.<\/span><\/p>\n<p>&nbsp;<\/p>\n","protected":false},"excerpt":{"rendered":"<p>Exposition universelle de Paris en 1889: Catalogue officiel des sections portugaises &nbsp; Biografia do Autor: Comit\u00e9 da Sec\u00e7\u00e3o Portuguesa da Exposi\u00e7\u00e3o Universal de Paris de 1889. &nbsp; Resumo da Monografia: Como \u00e9 indicado no t\u00edtulo, trata-se do cat\u00e1logo oficial das sec\u00e7\u00f5es portuguesas na Exposi\u00e7\u00e3o Universal de Paris de 1889. Encontra-se dividido em duas sec\u00e7\u00f5es, da [&hellip;]<\/p>\n","protected":false},"author":4286,"featured_media":3360,"comment_status":"open","ping_status":"open","sticky":false,"template":"","format":"standard","meta":{"footnotes":""},"categories":[133170,110974,4072,111879,111887],"tags":[],"class_list":["post-3359","post","type-post","status-publish","format-standard","has-post-thumbnail","hentry","category-biblioteca-de-um-ceramista-industrial-1880-1980","category-centro-de-documentacao","category-exposicoes","category-monografias","category-nucleo-a-fabrica-belo","entry-image--portrait"],"_links":{"self":[{"href":"https:\/\/sites.ipleiria.pt\/projetocp2s\/wp-json\/wp\/v2\/posts\/3359","targetHints":{"allow":["GET"]}}],"collection":[{"href":"https:\/\/sites.ipleiria.pt\/projetocp2s\/wp-json\/wp\/v2\/posts"}],"about":[{"href":"https:\/\/sites.ipleiria.pt\/projetocp2s\/wp-json\/wp\/v2\/types\/post"}],"author":[{"embeddable":true,"href":"https:\/\/sites.ipleiria.pt\/projetocp2s\/wp-json\/wp\/v2\/users\/4286"}],"replies":[{"embeddable":true,"href":"https:\/\/sites.ipleiria.pt\/projetocp2s\/wp-json\/wp\/v2\/comments?post=3359"}],"version-history":[{"count":4,"href":"https:\/\/sites.ipleiria.pt\/projetocp2s\/wp-json\/wp\/v2\/posts\/3359\/revisions"}],"predecessor-version":[{"id":3475,"href":"https:\/\/sites.ipleiria.pt\/projetocp2s\/wp-json\/wp\/v2\/posts\/3359\/revisions\/3475"}],"wp:featuredmedia":[{"embeddable":true,"href":"https:\/\/sites.ipleiria.pt\/projetocp2s\/wp-json\/wp\/v2\/media\/3360"}],"wp:attachment":[{"href":"https:\/\/sites.ipleiria.pt\/projetocp2s\/wp-json\/wp\/v2\/media?parent=3359"}],"wp:term":[{"taxonomy":"category","embeddable":true,"href":"https:\/\/sites.ipleiria.pt\/projetocp2s\/wp-json\/wp\/v2\/categories?post=3359"},{"taxonomy":"post_tag","embeddable":true,"href":"https:\/\/sites.ipleiria.pt\/projetocp2s\/wp-json\/wp\/v2\/tags?post=3359"}],"curies":[{"name":"wp","href":"https:\/\/api.w.org\/{rel}","templated":true}]}}