{"id":3387,"date":"2018-04-13T17:47:51","date_gmt":"2018-04-13T17:47:51","guid":{"rendered":"http:\/\/sites.ipleiria.pt\/projetocp2s\/?p=3387"},"modified":"2019-01-25T15:57:15","modified_gmt":"2019-01-25T15:57:15","slug":"da-industria-ao-ensino","status":"publish","type":"post","link":"https:\/\/sites.ipleiria.pt\/projetocp2s\/2018\/04\/13\/da-industria-ao-ensino\/","title":{"rendered":"Da Ind\u00fastria ao Ensino"},"content":{"rendered":"<p>&nbsp;<\/p>\n<p style=\"text-align: right\"><span style=\"font-size: 10pt\">Adriana C\u00e9sar<\/span><br \/>\n<span style=\"font-size: 10pt\">Lia Gomes<\/span><br \/>\n<span style=\"font-size: 10pt\">Liliana Gouveia<\/span><br \/>\n<span style=\"font-size: 10pt\">Jos\u00e9 Frade<\/span><\/p>\n<p style=\"text-align: right\"><span style=\"font-size: 18pt\"><strong>Da Ind\u00fastria ao Ensino<\/strong><\/span><\/p>\n<div style=\"text-align: right\"><span style=\"font-size: 14pt\"><strong>Introdu\u00e7\u00e3o<\/strong><\/span><\/div>\n<div style=\"text-align: justify\">&nbsp; &nbsp; Nos \u00faltimos anos, t\u00eam sido desenvolvidos na Uni\u00e3o Europeia regulamentos e legisla\u00e7\u00e3o orientados para o produto cer\u00e2mico. Foi aprovado, em julho de 2009, o Consumo e Produ\u00e7\u00e3o Sustent\u00e1veis como um dos dom\u00ednios de a\u00e7\u00e3o priorit\u00e1rios<sup>1<\/sup>. A Diretiva de Ecodesign (2009\/125\/CE) de 21 de Outubro de 2009 procura atingir um elevado n\u00edvel de prote\u00e7\u00e3o do ambiente, mediante a redu\u00e7\u00e3o do potencial de impacte ambiental dos produtos relacionados com energia. Al\u00e9m disso, alguns materiais cer\u00e2micos (por exemplo, tijolos, ladrilhos, telhas) s\u00e3o abrangi-dos pela Diretiva 89\/106\/CEE do Conselho relativas a materiais de constru\u00e7\u00e3o, que salienta que os aspetos ambientais s\u00e3o um dos requisitos essenciais nos produtos de constru\u00e7\u00e3o. Estas diretivas exigem uma modifica\u00e7\u00e3o no design dos produtos, com vista \u00e0 elimina\u00e7\u00e3o de subst\u00e2ncias perigosas, ao aumento da reciclagem no fim de vida \u00fatil, generalizando, para todos os sectores, a import\u00e2ncia dos desenvolvimentos produtivos e de produtos mais sustent\u00e1veis. A ISO (International Organization for Standardization) elaborou tamb\u00e9m algumas normas para avaliar os aspetos e os impactos ambientais durante o ciclo de vida de um produto, funcionando como fator de motiva\u00e7\u00e3o para a melhoria do desempenho ambiental, tais como:<\/div>\n<div>&nbsp;<\/div>\n<div style=\"text-align: justify\">&#8211; ISO 21930. Constru\u00e7\u00e3o sustent\u00e1vel dos edif\u00edcios \u2013 Declara\u00e7\u00e3o ambiental dos produtos de constru\u00e7\u00e3o;<br \/>\n&#8211; ISO 14020. R\u00f3tulos e declara\u00e7\u00f5es ambientais \u2013 Princ\u00edpios gerais;<br \/>\n&#8211; ISO 14025. R\u00f3tulos e declara\u00e7\u00f5es ambientais \u2013 Declara\u00e7\u00f5es ambientais Tipo III\u2013 princ\u00edpios e procedimentos;<br \/>\n&#8211; ISO 14040. Gest\u00e3o ambiental. Avalia\u00e7\u00e3o de ciclo de vida. Princ\u00edpios e enquadramento;<br \/>\n&#8211; ISO 14044. Gest\u00e3o ambiental. Avalia\u00e7\u00e3o de ciclo de vida. Requisitos e linhas de orienta\u00e7\u00e3o.<\/div>\n<div style=\"text-align: justify\">&nbsp; &nbsp; &nbsp;A Comiss\u00e3o T\u00e9cnica 207 da ISO sobre Gest\u00e3o Ambiental lan\u00e7ou em 2008 o projeto de criar uma norma da fam\u00edlia ISO 14000 para incorporar o ecodesign nos sistemas de gest\u00e3o ambiental: a ISO 14006.<\/div>\n<div>&nbsp;<\/div>\n<div>&nbsp;<\/div>\n<div style=\"text-align: center\"><img loading=\"lazy\" decoding=\"async\" class=\"alignnone wp-image-3391\" src=\"http:\/\/sites.ipleiria.pt\/projetocp2s\/files\/2019\/01\/Sem-t\u00edtulo-300x202.jpg\" alt=\"\" width=\"658\" height=\"443\" srcset=\"https:\/\/sites.ipleiria.pt\/projetocp2s\/files\/2019\/01\/Sem-t\u00edtulo-300x202.jpg 300w, https:\/\/sites.ipleiria.pt\/projetocp2s\/files\/2019\/01\/Sem-t\u00edtulo-10x7.jpg 10w, https:\/\/sites.ipleiria.pt\/projetocp2s\/files\/2019\/01\/Sem-t\u00edtulo-432x291.jpg 432w, https:\/\/sites.ipleiria.pt\/projetocp2s\/files\/2019\/01\/Sem-t\u00edtulo-396x267.jpg 396w, https:\/\/sites.ipleiria.pt\/projetocp2s\/files\/2019\/01\/Sem-t\u00edtulo-326x220.jpg 326w, https:\/\/sites.ipleiria.pt\/projetocp2s\/files\/2019\/01\/Sem-t\u00edtulo.jpg 595w\" sizes=\"auto, (max-width: 600px) 91vw, (max-width: 900px) 600px, (max-width: 1060px) 50vw, (max-width: 1200px) 520px, (max-width: 1400px) 43vw, 600px\" \/><span style=\"font-size: 10pt\"><strong>Imagem 1<\/strong><\/span><\/div>\n<div>&nbsp;<\/div>\n<div>&nbsp;<\/div>\n<div style=\"text-align: justify\">&nbsp; &nbsp; &nbsp;Em todas as \u00e1reas envolventes da cer\u00e2mica, j\u00e1 se come\u00e7a a notar que o tema sustentabilidade est\u00e1 cada vez mais presente (neste mundo empresarial) e a ind\u00fastria afirma a sua autenticidade sustent\u00e1vel a partir de normas que integram requisitos ecol\u00f3gicos ou sociais, tendem a responderem a auditorias para a verifica\u00e7\u00e3o das suas pr\u00e1ticas ecossist\u00e9micas, colocam no mercado produtos com r\u00f3tulos ambientais como o certi-ficado \u2013 Sustainable Value \u00ae, o Forest Stewardship Council (FSC), o Programme for the Endorsement of Forest Council (PEFC), a Certifica\u00e7\u00e3o h\u00eddrica (ANQIP), a Certifica\u00e7\u00e3o de conte\u00fado reciclado de papel (National Association of Paper Merchants \u2013 NAPM), o loop Mobius, o R\u00f3tulo CRI green label, o CRI green label plus, o Natureplus, o Greenguard\u00ae, o Istituto per la certificazione etica e ambientali, o Institut f\u00fcr Baubiologie Rosenheim GmbH (Instituto para Bioconstru\u00e7\u00e3o, Rosenheim), o R\u00f3tulo eco-l\u00f3gico comunit\u00e1rio, o Certificado Rainforest Alliance e o R\u00f3tulo ecol\u00f3gico Cisne N\u00f3rdico \u2013 Escandin\u00e1via e a Association pour la certification des materiaux isolants.<\/div>\n<div>&nbsp;<\/div>\n<div style=\"text-align: justify\">&nbsp; &nbsp; A ado\u00e7\u00e3o destas pr\u00e1ticas, como o green marketing<sup>2<\/sup> ao n\u00edvel em-presarial, permite uma economia mais sustent\u00e1vel e consciente das suas a\u00e7\u00f5es para com o meio ambiente. Esta comunica\u00e7\u00e3o dos benef\u00edcios ambientais permite melhorar a imagem do produto e da empresa.<\/div>\n<div>&nbsp;<\/div>\n<div style=\"text-align: justify\">&nbsp; &nbsp; A pesquisa e a divulga\u00e7\u00e3o dos m\u00e9todos e das estrat\u00e9gias que as empresas do setor cer\u00e2mico implementam atualmente para criar produtos mais sustent\u00e1veis permitem motivar, inspirar e abrir novos caminhos aos alunos no \u00e2mbito das suas atividades pedag\u00f3gicas na cria\u00e7\u00e3o de novos produtos cer\u00e2micos sustent\u00e1veis, com elevado potencial de resolu\u00e7\u00e3o t\u00e9cnica, tendo em conta, por exemplo:<\/div>\n<div>&nbsp;<\/div>\n<div style=\"text-align: justify\">&#8211; A melhoria ambiental;<br \/>\n&#8211; As pol\u00edticas governamentais, legisla\u00e7\u00e3o e normaliza\u00e7\u00e3o;<br \/>\n&#8211; A pol\u00edtica ambiental das empresas e dos sistemas de gest\u00e3o ambiental;<br \/>\n&#8211; O ambiente social;<br \/>\n&#8211; A inova\u00e7\u00e3o do produto, diferencia\u00e7\u00e3o;<br \/>\n&#8211; O aumento da qualidade do produto;<br \/>\n&#8211; A redu\u00e7\u00e3o de custos do produto;<br \/>\n&#8211; A utiliza\u00e7\u00e3o das melhores tecnologias dispon\u00edveis;<br \/>\n&#8211; A imagem da empresa;<br \/>\n&#8211; As tend\u00eancias;<br \/>\n&#8211; O desafio de novos projeto<\/div>\n<div>&nbsp;<\/div>\n<div style=\"text-align: justify\">&nbsp; &nbsp; O design do produto \u00e9 essencial pela sua diferencia\u00e7\u00e3o e inova\u00e7\u00e3o para que se crie um mercado real, podendo contribuir com projetos que n\u00e3o sigam apenas tend\u00eancias est\u00e9ticas, mas que se desenvolvam de modo competitivo para tend\u00eancias mais sustent\u00e1veis, gerando uma economia circular<sup>3<\/sup>.<\/div>\n<div>&nbsp;<\/div>\n<div style=\"text-align: justify\">&nbsp; &nbsp; Para isso, \u00e9 urgente a dissemina\u00e7\u00e3o deste tema para que os no-vos alunos e futuros designers possam consciencializar-se destas novas tentativas e pr\u00e1ticas de sustentabilidade no campo empresarial, podendo projetar novas solu\u00e7\u00f5es.<\/div>\n<div>&nbsp;<\/div>\n<div style=\"text-align: justify\">&nbsp; &nbsp; &nbsp;Este artigo resulta fundamentalmente da investiga\u00e7\u00e3o e sele\u00e7\u00e3o de produtos industriais que deram origem a uma exposi\u00e7\u00e3o realizada nas Caldas da Rainha no \u00e2mbito de Projeto CP2S \u2013 Cer\u00e2mica, Patrim\u00f3nio e Produto Sustent\u00e1vel \u2013 do ensino \u00e0 industria<sup>4<\/sup>.<\/div>\n<div>&nbsp;<\/div>\n<div style=\"text-align: justify\">&nbsp; &nbsp; &nbsp;O Projeto de Investiga\u00e7\u00e3o CP2S &#8211; Cer\u00e2mica, Patrim\u00f3nio e Produto Sustent\u00e1vel &#8211; do ensino \u00e0 ind\u00fastria; do Laborat\u00f3rio de Investiga\u00e7\u00e3o em Design e Arte (LIDA) da Escola Superior de Artes e Design de Caldas da Rainha do Instituto Polit\u00e9cnico de Leiria, tem como um dos objetivos a dissemina\u00e7\u00e3o de informa\u00e7\u00e3o sobre o estado da arte da industrializa\u00e7\u00e3o cer\u00e2mica, propondo nomeadamente a discuss\u00e3o do potencial do design dos produtos industriais cer\u00e2micos sobre as quest\u00f5es gerais relacionadas com os temas do ambiente, sustentabilidade e inova\u00e7\u00e3o. Partindo neste caso de uma sele\u00e7\u00e3o de boas pr\u00e1ticas encontradas nos diferentes subsetores industriais cer\u00e2micos, que pela urg\u00eancia e responsabilidade social, importam partilhar para os devidos efeitos em ambiente acad\u00e9mico.<\/div>\n<div>&nbsp;<\/div>\n<div style=\"padding-left: 60px;text-align: justify\">&nbsp; &nbsp;<em> &nbsp;\u201cO desenvolvimento sustent\u00e1vel que procura satisfazer as necessidades da gera\u00e7\u00e3o atual, sem comprometer a capacidade das gera\u00e7\u00f5es futuras de satisfazerem as suas pr\u00f3prias necessidades, significa possibilitar que as pessoas, agora e no futuro, atinjam um n\u00edvel satisfat\u00f3rio de desenvolvimento social e econ\u00f3mico e de realiza\u00e7\u00e3o humana e cultural, fazendo, ao mesmo tempo, um uso razo\u00e1vel dos recursos da terra e preservando as esp\u00e9cies e os habitats naturais\u201d.<\/em><\/div>\n<p style=\"padding-left: 60px;text-align: right\">Na\u00e7\u00f5es \u00danidas, Relat\u00f3rio Bruntland, 1987<sup>5<\/sup><\/p>\n<p style=\"text-align: justify\">&nbsp; &nbsp; &nbsp;O desenvolvimento sustent\u00e1vel desafia, quer a ind\u00fastria, quer o ensino, a criar e desenvolver produtos que sejam ambientalmente sustent\u00e1veis, economicamente vi\u00e1veis e socialmente justos.<\/p>\n<div style=\"text-align: justify\">&nbsp; &nbsp; &nbsp;A ind\u00fastria cer\u00e2mica portuguesa tem vindo a sofrer os efeitos da crise econ\u00f3mica e da concorr\u00eancia de produtos provenientes de pa\u00edses onde as normas ambientais e sociais aplicadas \u00e0s empresas produtoras s\u00e3o consideravelmente mais permissivas. O setor cer\u00e2mico necessita por isso de produtos competitivos para sobreviver nos mercados, sendo, entre outros poss\u00edveis, a inova\u00e7\u00e3o e a sustentabilidade fatores que podem aumentar o valor destes produtos.<\/div>\n<div>&nbsp;<\/div>\n<div style=\"text-align: justify\">&nbsp; &nbsp; &nbsp; Estima-se que mais de 80% dos impactes ambientais relacionados com os produtos s\u00e3o determinados na fase de design. A redu\u00e7\u00e3o daquele n\u00edvel de impactos pode ser conseguida atrav\u00e9s da aplica\u00e7\u00e3o de estrat\u00e9gias de ecodesign que t\u00eam sido aplicadas nos principais setores cer\u00e2micos:<\/div>\n<div>&nbsp;<\/div>\n<div style=\"text-align: justify\">&#8211; Utilit\u00e1rio \/ Decorativo<br \/>\n&#8211; Estrutural<br \/>\n&#8211; Pavimentos \/ Revestimentos<br \/>\n&#8211; Sanit\u00e1rios<\/div>\n<div>&nbsp;<\/div>\n<div style=\"text-align: justify\">&nbsp; &nbsp; O principal objetivo do ecodesign<sup>6<\/sup> \u00e9 desenvolver produtos que contribuam para a sustentabilidade, atrav\u00e9s da redu\u00e7\u00e3o do impacto ambiental n\u00e3o descorando os requisitos relacionados com o bom funcionamento, qualidade, seguran\u00e7a, custo, facilidade de produ\u00e7\u00e3o, ergonomia, est\u00e9tica, entre outros. A ind\u00fastria cer\u00e2mica pode potencialmente atrav\u00e9s de estrat\u00e9gias de ecodesign de produtos (e at\u00e9 de processos) reduzir os seus custos, operar boas pr\u00e1ticas ambientais, aumentar a qualidade dos produtos e promover inova\u00e7\u00e3o, e contribuir para um desenvolvimento mais sustent\u00e1vel.<\/div>\n<div>&nbsp;<\/div>\n<div style=\"text-align: justify\">&nbsp; &nbsp; &nbsp; Todos os produtos t\u00eam impactos ambientais, que podem ocorrer em qualquer fase do ciclo de vida<sup>7<\/sup>: extra\u00e7\u00e3o das mat\u00e9rias-primas, fabrica\u00e7\u00e3o, distribui\u00e7\u00e3o, utiliza\u00e7\u00e3o e fim de vida que pode passar pela reciclagem, reutiliza\u00e7\u00e3o, deposi\u00e7\u00e3o em aterro, etc.<\/div>\n<div>&nbsp;<\/div>\n<div style=\"text-align: justify\">&nbsp; &nbsp; &nbsp;O benef\u00edcio mais direto para a redu\u00e7\u00e3o dos impactos ambientais relaciona-se com a diminui\u00e7\u00e3o do consumo de materiais, energia e \u00e1gua (ou seja, as entradas) e a minimiza\u00e7\u00e3o da gera\u00e7\u00e3o de res\u00edduos e emiss\u00f5es (ou seja, as sa\u00eddas indesejadas).<\/div>\n<div>&nbsp;<\/div>\n<div style=\"text-align: justify\">&nbsp; &nbsp; &nbsp;Apesar de parecer simples, existe um longo caminho a percorrer desde a decis\u00e3o de implementar o ecodesign at\u00e9 ao produto final.<\/div>\n<div>&nbsp;<\/div>\n<div style=\"text-align: justify\">&nbsp; &nbsp; &nbsp; Na ideia de Victor Papanek, os designers e profissionais criativos t\u00eam uma responsabilidade e s\u00e3o capazes de causar uma mudan\u00e7a real no mundo atrav\u00e9s de um bom design.<sup>8<\/sup><\/div>\n<div>&nbsp;<\/div>\n<div>&nbsp;<\/div>\n<div>&nbsp;<\/div>\n<div style=\"text-align: right\"><span style=\"font-size: 14pt\"><strong>Discuss\u00e3o<\/strong><\/span><\/div>\n<div style=\"text-align: justify\">&nbsp; &nbsp; &nbsp;No \u00e2mbito do projeto CP2S foram investigadas boas pr\u00e1ticas de ecodesign na ind\u00fastria cer\u00e2mica portuguesa. Para o efeito foram realiza-das visitas de estudo a empresas dos diferentes setores cer\u00e2micos que se localizam sobretudo na zona geogr\u00e1fica Centro\/Norte do pa\u00eds (fig.2). O intuito passou por catalogar a diversidade na inova\u00e7\u00e3o e sustentabilidade, aplicadas nas diversas \u00e1reas da ind\u00fastria cer\u00e2mica. Estas visitas permitiram investigar o impacto da mat\u00e9ria em geral, dos processos de fabrica\u00e7\u00e3o e da pr\u00e1tica do projeto de design sobre os n\u00edveis de sustentabilidade e de eco-inova\u00e7\u00e3o<sup>9<\/sup> apresentados pelos respetivos produtos.<\/div>\n<div>&nbsp;<\/div>\n<div><img loading=\"lazy\" decoding=\"async\" class=\"alignnone  wp-image-3426\" src=\"http:\/\/sites.ipleiria.pt\/projetocp2s\/files\/2019\/01\/portugal-C\u00f3pia-300x218.jpg\" alt=\"\" width=\"672\" height=\"488\" srcset=\"https:\/\/sites.ipleiria.pt\/projetocp2s\/files\/2019\/01\/portugal-C\u00f3pia-300x218.jpg 300w, https:\/\/sites.ipleiria.pt\/projetocp2s\/files\/2019\/01\/portugal-C\u00f3pia-768x557.jpg 768w, https:\/\/sites.ipleiria.pt\/projetocp2s\/files\/2019\/01\/portugal-C\u00f3pia-1024x743.jpg 1024w, https:\/\/sites.ipleiria.pt\/projetocp2s\/files\/2019\/01\/portugal-C\u00f3pia-10x7.jpg 10w, https:\/\/sites.ipleiria.pt\/projetocp2s\/files\/2019\/01\/portugal-C\u00f3pia-432x313.jpg 432w, https:\/\/sites.ipleiria.pt\/projetocp2s\/files\/2019\/01\/portugal-C\u00f3pia-396x287.jpg 396w, https:\/\/sites.ipleiria.pt\/projetocp2s\/files\/2019\/01\/portugal-C\u00f3pia-1120x813.jpg 1120w, https:\/\/sites.ipleiria.pt\/projetocp2s\/files\/2019\/01\/portugal-C\u00f3pia-660x479.jpg 660w, https:\/\/sites.ipleiria.pt\/projetocp2s\/files\/2019\/01\/portugal-C\u00f3pia-303x220.jpg 303w\" sizes=\"auto, (max-width: 600px) 91vw, (max-width: 900px) 600px, (max-width: 1060px) 50vw, (max-width: 1200px) 520px, (max-width: 1400px) 43vw, 600px\" \/><\/div>\n<div style=\"text-align: center\"><span style=\"font-size: 10pt\"><strong>Imagem 2<\/strong><\/span><\/div>\n<div>&nbsp;<\/div>\n<div>&nbsp;<\/div>\n<div style=\"text-align: justify\">&nbsp; &nbsp; Independentemente do modo de produ\u00e7\u00e3o (predominantemente manual ou predominantemente automatizado), \u00e9 transversal a todos os setores industriais cer\u00e2micos uma constante preocupa\u00e7\u00e3o de reduzir desperd\u00edcios, quer energ\u00e9ticos, quer de mat\u00e9rias-primas, de forma a rentabilizar a produ\u00e7\u00e3o e, consequentemente, tornar os processos mais sustent\u00e1veis. Na maioria das empresas visitadas reaproveitam toda a mat\u00e9ria-prima desperdi\u00e7ada na produ\u00e7\u00e3o, o chamado \u201ccaco\u201d n\u00e3o vidrado, reintroduzindo-o novamente na composi\u00e7\u00e3o da pasta principal; tamb\u00e9m reaproveitam a \u00e1gua utilizada nos processos, filtrando-a novamente para novas etapas de produ\u00e7\u00e3o e, deste modo, conseguem uma baixa percentagem de desperd\u00edcio no processo cer\u00e2mico.<\/div>\n<div>&nbsp;<\/div>\n<div style=\"text-align: justify\">&nbsp; &nbsp;A rentabiliza\u00e7\u00e3o energ\u00e9tica \u00e9 um fator de gest\u00e3o ambiental e econ\u00f3mico muito importante nas unidades fabris, observando-se com frequ\u00eancia m\u00e9todos de reutiliza\u00e7\u00e3o de energia dissipada, por exemplo, a partir do reaproveitamento do calor dissipado pelos fornos e\/ou secadores para o aquecimento de \u00e1guas ou para o pr\u00e9-aquecimento de outros equipamentos t\u00e9rmicos, visando obter uma produ\u00e7\u00e3o mais rent\u00e1vel e mais lucrativa, e tornando o processo cer\u00e2mico mais sustent\u00e1vel nomeadamente por diminui\u00e7\u00e3o do seu impacto sobre o meio ambiente.<\/div>\n<div>&nbsp;<\/div>\n<div style=\"text-align: justify\">&nbsp; &nbsp; Similarmente, algumas empresas t\u00eam a preocupa\u00e7\u00e3o promover a reutiliza\u00e7\u00e3o dos moldes sobretudo de gesso em fim de vida e as pe\u00e7as vidradas cozidas n\u00e3o aprovadas pela se\u00e7\u00e3o de escolha e controlo de qualidade, cedendo estes materiais a outras empresas que valorizam estes res\u00edduos usando-os na produ\u00e7\u00e3o de outros produtos. Existem ainda exemplos de empresas que reutilizam internamente os res\u00edduos da vidragem na decora\u00e7\u00e3o de outras pe\u00e7as cer\u00e2micas.<\/div>\n<div>&nbsp;<\/div>\n<div style=\"text-align: justify\">&nbsp; &nbsp; &nbsp;O conjunto das visitas realizadas permitiu identificar um conjunto de estrat\u00e9gias que direta e indiretamente contribuem para o design e desenvolvimento de produtos cer\u00e2micos mais sustent\u00e1veis<sup>10<\/sup>:<\/div>\n<div>&nbsp;<\/div>\n<div style=\"text-align: justify\">&#8211; Utiliza\u00e7\u00e3o de barro vermelho;<br \/>\n&#8211; Consumo de mat\u00e9rias-primas de alta disponibilidade;<br \/>\n&#8211; Produtos de baixo custo relativo, socialmente acess\u00edveis;<br \/>\n&#8211; Implementa\u00e7\u00e3o de ciclos de baixa temperatura de cozedura;<br \/>\n&#8211; Produtos com bom isolamento t\u00e9rmico;<br \/>\n&#8211; Produtos com bom isolamento ac\u00fastico;<br \/>\n&#8211; Produtos que integrem solu\u00e7\u00f5es de f\u00e1cil montagem;<br \/>\n&#8211; Produtos que integrem solu\u00e7\u00f5es de montagem modular;<br \/>\n&#8211; Produtos com ciclos de vida prolongados ou duradouros;<br \/>\n&#8211; Produtos com vidrados antibateriol\u00f3gicos;<br \/>\n&#8211; Produtos com sistemas de aplica\u00e7\u00e3o revers\u00edvel (aus\u00eancia de cimentos cola na montagem ou outros ligantes ou adesivos com car\u00e1ter definitivo);<br \/>\n&#8211; Implementa\u00e7\u00e3o de ciclos t\u00e9rmicos r\u00e1pidos &#8211; menor consumo energ\u00e9tico na produ\u00e7\u00e3o e gera\u00e7\u00e3o de menores emiss\u00f5es gasosas;<\/div>\n<div style=\"text-align: justify\">&#8211; Produtos de grandes formatos com redu\u00e7\u00e3o de espessuras (desmaterializa\u00e7\u00e3o &#8211; redu\u00e7\u00e3o da quantidade de material);<br \/>\n&#8211; Produtos que integram solu\u00e7\u00f5es de fachadas ventiladas &#8211; redu\u00e7\u00e3o de consumo energ\u00e9tico na fase de uso;<br \/>\n&#8211; Reaproveitamento de \u00e1guas sujas na fase de produ\u00e7\u00e3o;<br \/>\n&#8211; Valoriza\u00e7\u00e3o de res\u00edduos industriais de outras empresas como mat\u00e9ria prima da pasta nos produtos fabricados;<br \/>\n&#8211; Valoriza\u00e7\u00e3o de res\u00edduos pr\u00f3prios como constituintes da pasta nos produtos fabricados;<br \/>\n&#8211; Utiliza\u00e7\u00e3o de pastas coradas vidradas a transparente &#8211; encapsulamento dos \u00f3xidos e corantes com impacto ambienta desfavor\u00e1vel;<br \/>\n&#8211; Processos industriais de alta produtividade atrav\u00e9s por exemplo de prensagem isost\u00e1tica e ciclos t\u00e9rmicos r\u00e1pidos;<br \/>\n&#8211; Implementa\u00e7\u00e3o de ciclos de monocozedura r\u00e1pida &#8211; menor consumo energ\u00e9tico na produ\u00e7\u00e3o e gera\u00e7\u00e3o de menores quantidades de emiss\u00f5es gasosas;<br \/>\n&#8211; Produtos com elimina\u00e7\u00e3o total ou parcial de vidragem;<br \/>\n&#8211; Design e desenvolvimento de produtos para aplica\u00e7\u00f5es de valor acrescido ou visando novos mercados como por exemplo mobili\u00e1rio, ilumina\u00e7\u00e3o, mecatr\u00f3nica, arquitetura, etc.;<br \/>\n&#8211; Implemeta\u00e7\u00e3o de solu\u00e7\u00f5es inovadoras nos produtos ou nos processos;<br \/>\n&#8211; Utiliza\u00e7\u00e3o e valoriza\u00e7\u00e3o de res\u00edduos industriais como combust\u00edvel;<br \/>\n&#8211; Aplica\u00e7\u00f5es de solu\u00e7\u00f5es de decora\u00e7\u00e3o simples e ecol\u00f3gicas na fase de produ\u00e7\u00e3o (altos e baixos relevos\/suspens\u00f5es argilosas, mistura de argilas de diferentes cores, pigmenta\u00e7\u00e3o de pastas);<br \/>\n&#8211; Diferencia\u00e7\u00e3o e valoriza\u00e7\u00e3o a partir de materiais end\u00f3genos (corti\u00e7a, couro, madeiras, aplica\u00e7\u00f5es met\u00e1licas, vidros, etc.);<br \/>\n&#8211; Produtos multifuncionais;<br \/>\n&#8211; Produtos que integrem solu\u00e7\u00f5es de seguran\u00e7a nomeadamente para os seus utilizadores;<br \/>\n&#8211; Produtos que integrem solu\u00e7\u00f5es de f\u00e1cil manuten\u00e7\u00e3o e limpeza;<br \/>\n&#8211; Produtos que integram solu\u00e7\u00f5es de reparabilidade na fase de uso;<br \/>\n&#8211; Produtos com design compat\u00edvel com reduzida ocupa\u00e7\u00e3o de espa\u00e7o no transporte;<br \/>\n&#8211; Produtos com design compat\u00edvel com reduzida ocupa\u00e7\u00e3o de espa\u00e7o durante a fase de aplica\u00e7\u00e3o;<br \/>\n&#8211; Produtos com previs\u00edvel prolongamento do tempo de uso a partir do design emocional;<br \/>\n&#8211; Minimiza\u00e7\u00e3o de embalagens;<br \/>\n&#8211; Produtos n\u00e3o vidrados;<br \/>\n&#8211; Reparabilidade na fase de produ\u00e7\u00e3o;<br \/>\n&#8211; Produtos com baixa espessura de parede (desmaterializa\u00e7\u00e3o);<br \/>\n&#8211; Utiliza\u00e7\u00e3o de processos de produ\u00e7\u00e3o de baixa tecnologia e baixo custo;<br \/>\n&#8211; Implementa\u00e7\u00e3o de ciclos de cozedura que visam a flexibilidade produtiva e a redu\u00e7\u00e3o de custos;<br \/>\n&#8211; Reaproveitamento de res\u00edduos de vidragem para novas decora\u00e7\u00f5es de outros produtos;<\/div>\n<div style=\"text-align: justify\">&#8211; Empresa ou produtos com destacada import\u00e2ncia hist\u00f3rico-cultural;<br \/>\n&#8211; Empresas com dimens\u00e3o e processos compat\u00edveis com maior impacto na empregabilidade local.<\/div>\n<div>&nbsp;<\/div>\n<div style=\"text-align: justify\">&nbsp; &nbsp;Estas estrat\u00e9gias permitem a sele\u00e7\u00e3o adequada de das mat\u00e9rias primas e outros materiais consum\u00edveis para a conforma\u00e7\u00e3o dos produtos, a redu\u00e7\u00e3o do consumo de materiais, a otimiza\u00e7\u00e3o do desempenho energ\u00e9tico dos produtos em fase de uso e dos pr\u00f3prios processos de fabrica\u00e7\u00e3o, aumento da durabilidade e prolongamento do respetivo tempo de vida dos produtos integrando por exemplo solu\u00e7\u00f5es de repara\u00e7\u00e3o na fase de uso, elimina\u00e7\u00e3o ou redu\u00e7\u00e3o da polui\u00e7\u00e3o durante a produ\u00e7\u00e3o, gest\u00e3o ambientalmente adequada do fim de ciclo de vida dos produtos, etc., com impacto favor\u00e1vel numa redu\u00e7\u00e3o do consumo de recursos, de emiss\u00f5es e de res\u00edduos.<\/div>\n<div>&nbsp;<\/div>\n<div style=\"text-align: justify\">&nbsp; &nbsp;O impacto das estrat\u00e9gias atr\u00e1s enumeradas ser\u00e1 de seguida discutidas por subsetor industrial cer\u00e2mico.<\/div>\n<div>&nbsp;<\/div>\n<div>&nbsp;<\/div>\n<div style=\"text-align: justify\"><span style=\"font-size: 14pt\"><strong>Cer\u00e2mica estrutural<\/strong><\/span><\/div>\n<div>&nbsp;<\/div>\n<div style=\"text-align: justify\">&nbsp; &nbsp; &nbsp;Uma vez que as mat\u00e9rias-primas constituem cerca de um quinto dos custos totais de fabrica\u00e7\u00e3o cer\u00e2mica<sup>11<\/sup>, qualquer poupan\u00e7a no consumo de mat\u00e9rias-primas tem um impacto relevante nos custos totais de produ\u00e7\u00e3o e na competitividade, especialmente em produtos com baixo pre\u00e7o comercial, como \u00e9 o caso da cer\u00e2mica estrutural.<\/div>\n<div>&nbsp;<\/div>\n<div style=\"text-align: justify\">&nbsp; &nbsp; &nbsp;Uma formula\u00e7\u00e3o de pastas cer\u00e2micas com 100% de mat\u00e9rias-primas nacionais, se poss\u00edvel locais, incrementa a sustentabilidade e contribui para a competitividade do setor cer\u00e2mico nacional.<\/div>\n<div>&nbsp;<\/div>\n<div style=\"text-align: justify\">&nbsp; Estes produtos s\u00e3o produzidos, maioritariamente, a baixas temperaturas de cozedura (900\u00baC-1000\u00baC), por norma a partir de ciclos de monocozedura, quase sempre usando misturas entre barros vermelhos (por vezes com areia), conformados por extrus\u00e3o, com processos de produ\u00e7\u00e3o curtos e simples. Estas condi\u00e7\u00f5es de processamento conduzem geral-mente a potenciais produtos de ecodesign, pela sua simplicidade, economia, efici\u00eancia na fun\u00e7\u00e3o, baixo consumo energ\u00e9tico e uso de mat\u00e9rias primas quase sempre locais e muito dispon\u00edveis, entre outros.<\/div>\n<div>&nbsp;<\/div>\n<div style=\"text-align: justify\">&nbsp; As visitas realizadas a empresas deste subsetor cer\u00e2mico evidenciaram certas estrat\u00e9gias que conduzem a tijolos com sistemas de encaixe que eliminam ou reduzem a necessidade de cimento de liga\u00e7\u00e3o, com impacto positivo sobre o isolamento t\u00e9rmico e que contribuem para a simplifica\u00e7\u00e3o dos processos construtivos (fig.3).<\/div>\n<div>&nbsp;<\/div>\n<div><img loading=\"lazy\" decoding=\"async\" class=\"alignnone wp-image-3416\" src=\"http:\/\/sites.ipleiria.pt\/projetocp2s\/files\/2019\/01\/Sem-nome1-300x99.jpg\" alt=\"\" width=\"600\" height=\"198\" srcset=\"https:\/\/sites.ipleiria.pt\/projetocp2s\/files\/2019\/01\/Sem-nome1-300x99.jpg 300w, https:\/\/sites.ipleiria.pt\/projetocp2s\/files\/2019\/01\/Sem-nome1-768x252.jpg 768w, https:\/\/sites.ipleiria.pt\/projetocp2s\/files\/2019\/01\/Sem-nome1-1024x336.jpg 1024w, https:\/\/sites.ipleiria.pt\/projetocp2s\/files\/2019\/01\/Sem-nome1-10x3.jpg 10w, https:\/\/sites.ipleiria.pt\/projetocp2s\/files\/2019\/01\/Sem-nome1-432x142.jpg 432w, https:\/\/sites.ipleiria.pt\/projetocp2s\/files\/2019\/01\/Sem-nome1-396x130.jpg 396w, https:\/\/sites.ipleiria.pt\/projetocp2s\/files\/2019\/01\/Sem-nome1-1120x368.jpg 1120w, https:\/\/sites.ipleiria.pt\/projetocp2s\/files\/2019\/01\/Sem-nome1-660x217.jpg 660w, https:\/\/sites.ipleiria.pt\/projetocp2s\/files\/2019\/01\/Sem-nome1-670x220.jpg 670w\" sizes=\"auto, (max-width: 600px) 91vw, (max-width: 900px) 600px, (max-width: 1060px) 50vw, (max-width: 1200px) 520px, (max-width: 1400px) 43vw, 600px\" \/><\/div>\n<div style=\"text-align: center\"><span style=\"font-size: 10pt\"><strong>Imagem 3<\/strong><\/span><\/div>\n<div>&nbsp;<\/div>\n<div>&nbsp;<\/div>\n<div style=\"text-align: justify\">&nbsp; &nbsp; &nbsp;Outros produtos industriais evidenciam um redesign do produto que visa melhorar os aspetos de desempenho t\u00e9rmicos e ac\u00fasticos do produto. Como por exemplo: as fachadas ventiladas (fig.4) e o tijolo t\u00e9rmico e ac\u00fastico (fig.5). As primeiras incluem decora\u00e7\u00e3o de superf\u00edcie, por vidragem ou pintura, para diferencia\u00e7\u00e3o de produtos.<\/div>\n<div>&nbsp;<\/div>\n<div><img loading=\"lazy\" decoding=\"async\" class=\"alignnone wp-image-3403\" src=\"http:\/\/sites.ipleiria.pt\/projetocp2s\/files\/2019\/01\/Exposi\u00e7\u00e3oPCIS_By.PedroC\u00e1-695-300x200.jpg\" alt=\"\" width=\"677\" height=\"451\" srcset=\"https:\/\/sites.ipleiria.pt\/projetocp2s\/files\/2019\/01\/Exposi\u00e7\u00e3oPCIS_By.PedroC\u00e1-695-300x200.jpg 300w, https:\/\/sites.ipleiria.pt\/projetocp2s\/files\/2019\/01\/Exposi\u00e7\u00e3oPCIS_By.PedroC\u00e1-695-768x512.jpg 768w, https:\/\/sites.ipleiria.pt\/projetocp2s\/files\/2019\/01\/Exposi\u00e7\u00e3oPCIS_By.PedroC\u00e1-695-1024x683.jpg 1024w, https:\/\/sites.ipleiria.pt\/projetocp2s\/files\/2019\/01\/Exposi\u00e7\u00e3oPCIS_By.PedroC\u00e1-695-10x7.jpg 10w, https:\/\/sites.ipleiria.pt\/projetocp2s\/files\/2019\/01\/Exposi\u00e7\u00e3oPCIS_By.PedroC\u00e1-695-432x288.jpg 432w, https:\/\/sites.ipleiria.pt\/projetocp2s\/files\/2019\/01\/Exposi\u00e7\u00e3oPCIS_By.PedroC\u00e1-695-396x264.jpg 396w, https:\/\/sites.ipleiria.pt\/projetocp2s\/files\/2019\/01\/Exposi\u00e7\u00e3oPCIS_By.PedroC\u00e1-695-1120x747.jpg 1120w, https:\/\/sites.ipleiria.pt\/projetocp2s\/files\/2019\/01\/Exposi\u00e7\u00e3oPCIS_By.PedroC\u00e1-695-660x440.jpg 660w, https:\/\/sites.ipleiria.pt\/projetocp2s\/files\/2019\/01\/Exposi\u00e7\u00e3oPCIS_By.PedroC\u00e1-695-330x220.jpg 330w\" sizes=\"auto, (max-width: 600px) 91vw, (max-width: 900px) 600px, (max-width: 1060px) 50vw, (max-width: 1200px) 520px, (max-width: 1400px) 43vw, 600px\" \/><\/div>\n<div style=\"text-align: center\"><span style=\"font-size: 10pt\"><strong>Imagem 4<\/strong><\/span><\/div>\n<div>&nbsp;<\/div>\n<div><img loading=\"lazy\" decoding=\"async\" class=\"alignnone wp-image-3421\" src=\"http:\/\/sites.ipleiria.pt\/projetocp2s\/files\/2019\/01\/Sem-nome6-300x96.jpg\" alt=\"\" width=\"634\" height=\"203\" srcset=\"https:\/\/sites.ipleiria.pt\/projetocp2s\/files\/2019\/01\/Sem-nome6-300x96.jpg 300w, https:\/\/sites.ipleiria.pt\/projetocp2s\/files\/2019\/01\/Sem-nome6-768x245.jpg 768w, https:\/\/sites.ipleiria.pt\/projetocp2s\/files\/2019\/01\/Sem-nome6-1024x327.jpg 1024w, https:\/\/sites.ipleiria.pt\/projetocp2s\/files\/2019\/01\/Sem-nome6-10x3.jpg 10w, https:\/\/sites.ipleiria.pt\/projetocp2s\/files\/2019\/01\/Sem-nome6-432x138.jpg 432w, https:\/\/sites.ipleiria.pt\/projetocp2s\/files\/2019\/01\/Sem-nome6-396x127.jpg 396w, https:\/\/sites.ipleiria.pt\/projetocp2s\/files\/2019\/01\/Sem-nome6-1120x358.jpg 1120w, https:\/\/sites.ipleiria.pt\/projetocp2s\/files\/2019\/01\/Sem-nome6-660x211.jpg 660w, https:\/\/sites.ipleiria.pt\/projetocp2s\/files\/2019\/01\/Sem-nome6-688x220.jpg 688w\" sizes=\"auto, (max-width: 600px) 91vw, (max-width: 900px) 600px, (max-width: 1060px) 50vw, (max-width: 1200px) 520px, (max-width: 1400px) 43vw, 600px\" \/><\/div>\n<div style=\"text-align: center\"><span style=\"font-size: 10pt\"><strong>Imagem 5<\/strong><\/span><\/div>\n<div>&nbsp;<\/div>\n<div>&nbsp;<\/div>\n<div style=\"text-align: justify\">&nbsp; &nbsp; &nbsp;Apesar da simplicidade geral destes produtos e processos, \u00e9 poss\u00edvel encontrar produtos mais elaborados atrav\u00e9s de processos mais completos (por exemplo que integram solu\u00e7\u00f5es de decora\u00e7\u00e3o superficial), desenhos mais inovadores ou produtos direcionados para mercados de maior valor acrescentado como sejam as fachadas ventiladas (fig.6), te-lhas passadeira e ventiladas (multifuncionais) (fig.7), telhas claraboias (fig.8) e tijolos com sistemas de encaixe e superf\u00edcies planas que reduzem o cimento de fixa\u00e7\u00e3o e permitem um sistema simples e de baixo custo de decora\u00e7\u00e3o de \u201cface \u00e0 vista\u201d, respetivamente (fig.9).<\/div>\n<div>&nbsp;<\/div>\n<div><img loading=\"lazy\" decoding=\"async\" class=\"alignnone wp-image-3411\" src=\"http:\/\/sites.ipleiria.pt\/projetocp2s\/files\/2019\/01\/Exposi\u00e7\u00e3oPCIS_By.PedroC\u00e1-1020-300x221.jpg\" alt=\"\" width=\"714\" height=\"526\" srcset=\"https:\/\/sites.ipleiria.pt\/projetocp2s\/files\/2019\/01\/Exposi\u00e7\u00e3oPCIS_By.PedroC\u00e1-1020-300x221.jpg 300w, https:\/\/sites.ipleiria.pt\/projetocp2s\/files\/2019\/01\/Exposi\u00e7\u00e3oPCIS_By.PedroC\u00e1-1020-768x565.jpg 768w, https:\/\/sites.ipleiria.pt\/projetocp2s\/files\/2019\/01\/Exposi\u00e7\u00e3oPCIS_By.PedroC\u00e1-1020-1024x754.jpg 1024w, https:\/\/sites.ipleiria.pt\/projetocp2s\/files\/2019\/01\/Exposi\u00e7\u00e3oPCIS_By.PedroC\u00e1-1020-10x7.jpg 10w, https:\/\/sites.ipleiria.pt\/projetocp2s\/files\/2019\/01\/Exposi\u00e7\u00e3oPCIS_By.PedroC\u00e1-1020-432x318.jpg 432w, https:\/\/sites.ipleiria.pt\/projetocp2s\/files\/2019\/01\/Exposi\u00e7\u00e3oPCIS_By.PedroC\u00e1-1020-396x292.jpg 396w, https:\/\/sites.ipleiria.pt\/projetocp2s\/files\/2019\/01\/Exposi\u00e7\u00e3oPCIS_By.PedroC\u00e1-1020-1120x825.jpg 1120w, https:\/\/sites.ipleiria.pt\/projetocp2s\/files\/2019\/01\/Exposi\u00e7\u00e3oPCIS_By.PedroC\u00e1-1020-660x486.jpg 660w, https:\/\/sites.ipleiria.pt\/projetocp2s\/files\/2019\/01\/Exposi\u00e7\u00e3oPCIS_By.PedroC\u00e1-1020-299x220.jpg 299w\" sizes=\"auto, (max-width: 600px) 91vw, (max-width: 900px) 600px, (max-width: 1060px) 50vw, (max-width: 1200px) 520px, (max-width: 1400px) 43vw, 600px\" \/><\/div>\n<div style=\"text-align: center\"><span style=\"font-size: 10pt\"><strong>Imagem 6<\/strong><\/span><\/div>\n<div>&nbsp;<\/div>\n<div><img loading=\"lazy\" decoding=\"async\" class=\"alignnone wp-image-3401\" src=\"http:\/\/sites.ipleiria.pt\/projetocp2s\/files\/2019\/01\/Exposi\u00e7\u00e3oPCIS_By.PedroC\u00e1-578-300x179.jpg\" alt=\"\" width=\"617\" height=\"368\" srcset=\"https:\/\/sites.ipleiria.pt\/projetocp2s\/files\/2019\/01\/Exposi\u00e7\u00e3oPCIS_By.PedroC\u00e1-578-300x179.jpg 300w, https:\/\/sites.ipleiria.pt\/projetocp2s\/files\/2019\/01\/Exposi\u00e7\u00e3oPCIS_By.PedroC\u00e1-578-768x457.jpg 768w, https:\/\/sites.ipleiria.pt\/projetocp2s\/files\/2019\/01\/Exposi\u00e7\u00e3oPCIS_By.PedroC\u00e1-578-1024x609.jpg 1024w, https:\/\/sites.ipleiria.pt\/projetocp2s\/files\/2019\/01\/Exposi\u00e7\u00e3oPCIS_By.PedroC\u00e1-578-10x6.jpg 10w, https:\/\/sites.ipleiria.pt\/projetocp2s\/files\/2019\/01\/Exposi\u00e7\u00e3oPCIS_By.PedroC\u00e1-578-432x257.jpg 432w, https:\/\/sites.ipleiria.pt\/projetocp2s\/files\/2019\/01\/Exposi\u00e7\u00e3oPCIS_By.PedroC\u00e1-578-396x236.jpg 396w, https:\/\/sites.ipleiria.pt\/projetocp2s\/files\/2019\/01\/Exposi\u00e7\u00e3oPCIS_By.PedroC\u00e1-578-1120x666.jpg 1120w, https:\/\/sites.ipleiria.pt\/projetocp2s\/files\/2019\/01\/Exposi\u00e7\u00e3oPCIS_By.PedroC\u00e1-578-660x393.jpg 660w, https:\/\/sites.ipleiria.pt\/projetocp2s\/files\/2019\/01\/Exposi\u00e7\u00e3oPCIS_By.PedroC\u00e1-578-370x220.jpg 370w\" sizes=\"auto, (max-width: 600px) 91vw, (max-width: 900px) 600px, (max-width: 1060px) 50vw, (max-width: 1200px) 520px, (max-width: 1400px) 43vw, 600px\" \/><\/div>\n<div style=\"text-align: center\"><span style=\"font-size: 10pt\"><strong>Imagem 7<\/strong><\/span><\/div>\n<div>&nbsp;<\/div>\n<div><img loading=\"lazy\" decoding=\"async\" class=\"alignnone wp-image-3402\" src=\"http:\/\/sites.ipleiria.pt\/projetocp2s\/files\/2019\/01\/Exposi\u00e7\u00e3oPCIS_By.PedroC\u00e1-593-300x182.jpg\" alt=\"\" width=\"715\" height=\"434\" srcset=\"https:\/\/sites.ipleiria.pt\/projetocp2s\/files\/2019\/01\/Exposi\u00e7\u00e3oPCIS_By.PedroC\u00e1-593-300x182.jpg 300w, https:\/\/sites.ipleiria.pt\/projetocp2s\/files\/2019\/01\/Exposi\u00e7\u00e3oPCIS_By.PedroC\u00e1-593-768x465.jpg 768w, https:\/\/sites.ipleiria.pt\/projetocp2s\/files\/2019\/01\/Exposi\u00e7\u00e3oPCIS_By.PedroC\u00e1-593-1024x621.jpg 1024w, https:\/\/sites.ipleiria.pt\/projetocp2s\/files\/2019\/01\/Exposi\u00e7\u00e3oPCIS_By.PedroC\u00e1-593-10x6.jpg 10w, https:\/\/sites.ipleiria.pt\/projetocp2s\/files\/2019\/01\/Exposi\u00e7\u00e3oPCIS_By.PedroC\u00e1-593-432x262.jpg 432w, https:\/\/sites.ipleiria.pt\/projetocp2s\/files\/2019\/01\/Exposi\u00e7\u00e3oPCIS_By.PedroC\u00e1-593-396x240.jpg 396w, https:\/\/sites.ipleiria.pt\/projetocp2s\/files\/2019\/01\/Exposi\u00e7\u00e3oPCIS_By.PedroC\u00e1-593-1120x679.jpg 1120w, https:\/\/sites.ipleiria.pt\/projetocp2s\/files\/2019\/01\/Exposi\u00e7\u00e3oPCIS_By.PedroC\u00e1-593-660x400.jpg 660w, https:\/\/sites.ipleiria.pt\/projetocp2s\/files\/2019\/01\/Exposi\u00e7\u00e3oPCIS_By.PedroC\u00e1-593-363x220.jpg 363w\" sizes=\"auto, (max-width: 600px) 91vw, (max-width: 900px) 600px, (max-width: 1060px) 50vw, (max-width: 1200px) 520px, (max-width: 1400px) 43vw, 600px\" \/><\/div>\n<div style=\"text-align: center\"><span style=\"font-size: 10pt\"><strong>Imagem 8<\/strong><\/span><\/div>\n<div>&nbsp;<\/div>\n<div><img loading=\"lazy\" decoding=\"async\" class=\"alignnone wp-image-3406\" src=\"http:\/\/sites.ipleiria.pt\/projetocp2s\/files\/2019\/01\/Exposi\u00e7\u00e3oPCIS_By.PedroC\u00e1-861-300x200.jpg\" alt=\"\" width=\"675\" height=\"450\" srcset=\"https:\/\/sites.ipleiria.pt\/projetocp2s\/files\/2019\/01\/Exposi\u00e7\u00e3oPCIS_By.PedroC\u00e1-861-300x200.jpg 300w, https:\/\/sites.ipleiria.pt\/projetocp2s\/files\/2019\/01\/Exposi\u00e7\u00e3oPCIS_By.PedroC\u00e1-861-768x512.jpg 768w, https:\/\/sites.ipleiria.pt\/projetocp2s\/files\/2019\/01\/Exposi\u00e7\u00e3oPCIS_By.PedroC\u00e1-861-1024x683.jpg 1024w, https:\/\/sites.ipleiria.pt\/projetocp2s\/files\/2019\/01\/Exposi\u00e7\u00e3oPCIS_By.PedroC\u00e1-861-10x7.jpg 10w, https:\/\/sites.ipleiria.pt\/projetocp2s\/files\/2019\/01\/Exposi\u00e7\u00e3oPCIS_By.PedroC\u00e1-861-432x288.jpg 432w, https:\/\/sites.ipleiria.pt\/projetocp2s\/files\/2019\/01\/Exposi\u00e7\u00e3oPCIS_By.PedroC\u00e1-861-396x264.jpg 396w, https:\/\/sites.ipleiria.pt\/projetocp2s\/files\/2019\/01\/Exposi\u00e7\u00e3oPCIS_By.PedroC\u00e1-861-1120x747.jpg 1120w, https:\/\/sites.ipleiria.pt\/projetocp2s\/files\/2019\/01\/Exposi\u00e7\u00e3oPCIS_By.PedroC\u00e1-861-660x440.jpg 660w, https:\/\/sites.ipleiria.pt\/projetocp2s\/files\/2019\/01\/Exposi\u00e7\u00e3oPCIS_By.PedroC\u00e1-861-330x220.jpg 330w\" sizes=\"auto, (max-width: 600px) 91vw, (max-width: 900px) 600px, (max-width: 1060px) 50vw, (max-width: 1200px) 520px, (max-width: 1400px) 43vw, 600px\" \/><\/div>\n<div style=\"text-align: center\"><span style=\"font-size: 10pt\"><strong>Imagem 9<\/strong><\/span><\/div>\n<div>&nbsp;<\/div>\n<div>&nbsp;<\/div>\n<div>&nbsp;<\/div>\n<div style=\"text-align: justify\"><strong><span style=\"font-size: 14pt\">Pavimento e Revestimento<\/span><\/strong><\/div>\n<div>&nbsp;<\/div>\n<div style=\"text-align: justify\">&nbsp; &nbsp; O subsector do Pavimento \/ Revestimento caracteriza-se por sistemas de produ\u00e7\u00e3o r\u00e1pida e em massa. Para rentabilizar os processos produtivos dentro dessas exig\u00eancias, as empresas utilizam quase sempre ciclos t\u00e9rmicos de monocozedura, t\u00e9cnicas de conforma\u00e7\u00e3o por prensagem unidirecional que conduzem a produtos maioritariamente planos e v\u00e1rios sistemas de tratamento de superf\u00edcies que v\u00e3o da vidragem, \u00e0 impress\u00e3o digital, polimento e outros acabamentos de superf\u00edcie mec\u00e2nicos que conferem a identidade vis\u00edvel dos produtos.<\/div>\n<div>&nbsp;<\/div>\n<div style=\"text-align: justify\">&nbsp; &nbsp; &nbsp; Os pavimentos de pasta branca, como gr\u00e9s e o gr\u00e9s porcelanato, s\u00e3o normalmente submetidas a ciclos de cozeduras r\u00e1pidas a temperaturas de 1180\u00ba-1250\u00baC, e apresentam requisitos de resist\u00eancia e qualidade mec\u00e2nica geral superior aos revestimentos \u201cmonoporosos\u201d.<\/div>\n<div>&nbsp;<\/div>\n<div style=\"text-align: justify\">&nbsp; &nbsp; &nbsp;Inova\u00e7\u00f5es ao n\u00edvel dos processos produtivos t\u00eam permitido ultima-mente a conforma\u00e7\u00e3o de pe\u00e7as com formas \u201corg\u00e2nicas\u201d, n\u00e3o planas, que permitem certos jogos de sombras e outros efeitos \u00f3ticos com interesse na arquitetura e design de ambientes, (fig. 10). A impress\u00e3o digital que&nbsp;equipa a generalidade das linhas de acabamentos destes processos produtivos tem permitido desmultiplicar o n\u00famero de acabamentos gr\u00e1ficos dos produtos e simplificar e diferenciar a sua materializa\u00e7\u00e3o nomeada-mente em superf\u00edcies \u201corg\u00e2nicas\u201d (fig.11 e fig. 12), tornando-os mais aptos a concorrerem com outros materiais para o pavimento e revestimento de superf\u00edcies.<\/div>\n<div>&nbsp;<\/div>\n<div><img loading=\"lazy\" decoding=\"async\" class=\"alignnone wp-image-3408\" src=\"http:\/\/sites.ipleiria.pt\/projetocp2s\/files\/2019\/01\/Exposi\u00e7\u00e3oPCIS_By.PedroC\u00e1-926-178x300.jpg\" alt=\"\" width=\"858\" height=\"1446\" srcset=\"https:\/\/sites.ipleiria.pt\/projetocp2s\/files\/2019\/01\/Exposi\u00e7\u00e3oPCIS_By.PedroC\u00e1-926-178x300.jpg 178w, https:\/\/sites.ipleiria.pt\/projetocp2s\/files\/2019\/01\/Exposi\u00e7\u00e3oPCIS_By.PedroC\u00e1-926-768x1295.jpg 768w, https:\/\/sites.ipleiria.pt\/projetocp2s\/files\/2019\/01\/Exposi\u00e7\u00e3oPCIS_By.PedroC\u00e1-926-607x1024.jpg 607w, https:\/\/sites.ipleiria.pt\/projetocp2s\/files\/2019\/01\/Exposi\u00e7\u00e3oPCIS_By.PedroC\u00e1-926-6x10.jpg 6w, https:\/\/sites.ipleiria.pt\/projetocp2s\/files\/2019\/01\/Exposi\u00e7\u00e3oPCIS_By.PedroC\u00e1-926-432x728.jpg 432w, https:\/\/sites.ipleiria.pt\/projetocp2s\/files\/2019\/01\/Exposi\u00e7\u00e3oPCIS_By.PedroC\u00e1-926-396x668.jpg 396w, https:\/\/sites.ipleiria.pt\/projetocp2s\/files\/2019\/01\/Exposi\u00e7\u00e3oPCIS_By.PedroC\u00e1-926-1120x1888.jpg 1120w, https:\/\/sites.ipleiria.pt\/projetocp2s\/files\/2019\/01\/Exposi\u00e7\u00e3oPCIS_By.PedroC\u00e1-926-660x1113.jpg 660w, https:\/\/sites.ipleiria.pt\/projetocp2s\/files\/2019\/01\/Exposi\u00e7\u00e3oPCIS_By.PedroC\u00e1-926-130x220.jpg 130w\" sizes=\"auto, (max-width: 600px) 91vw, (max-width: 900px) 600px, (max-width: 1060px) 50vw, (max-width: 1200px) 520px, (max-width: 1400px) 43vw, 600px\" \/><\/div>\n<div style=\"text-align: center\"><span style=\"font-size: 10pt\"><strong>Imagem 10<\/strong><\/span><\/div>\n<div>&nbsp;<\/div>\n<div><img loading=\"lazy\" decoding=\"async\" class=\"alignnone wp-image-3405\" src=\"http:\/\/sites.ipleiria.pt\/projetocp2s\/files\/2019\/01\/Exposi\u00e7\u00e3oPCIS_By.PedroC\u00e1-770-300x200.jpg\" alt=\"\" width=\"716\" height=\"477\" srcset=\"https:\/\/sites.ipleiria.pt\/projetocp2s\/files\/2019\/01\/Exposi\u00e7\u00e3oPCIS_By.PedroC\u00e1-770-300x200.jpg 300w, https:\/\/sites.ipleiria.pt\/projetocp2s\/files\/2019\/01\/Exposi\u00e7\u00e3oPCIS_By.PedroC\u00e1-770-768x512.jpg 768w, https:\/\/sites.ipleiria.pt\/projetocp2s\/files\/2019\/01\/Exposi\u00e7\u00e3oPCIS_By.PedroC\u00e1-770-1024x683.jpg 1024w, https:\/\/sites.ipleiria.pt\/projetocp2s\/files\/2019\/01\/Exposi\u00e7\u00e3oPCIS_By.PedroC\u00e1-770-10x7.jpg 10w, https:\/\/sites.ipleiria.pt\/projetocp2s\/files\/2019\/01\/Exposi\u00e7\u00e3oPCIS_By.PedroC\u00e1-770-432x288.jpg 432w, https:\/\/sites.ipleiria.pt\/projetocp2s\/files\/2019\/01\/Exposi\u00e7\u00e3oPCIS_By.PedroC\u00e1-770-396x264.jpg 396w, https:\/\/sites.ipleiria.pt\/projetocp2s\/files\/2019\/01\/Exposi\u00e7\u00e3oPCIS_By.PedroC\u00e1-770-1120x747.jpg 1120w, https:\/\/sites.ipleiria.pt\/projetocp2s\/files\/2019\/01\/Exposi\u00e7\u00e3oPCIS_By.PedroC\u00e1-770-660x440.jpg 660w, https:\/\/sites.ipleiria.pt\/projetocp2s\/files\/2019\/01\/Exposi\u00e7\u00e3oPCIS_By.PedroC\u00e1-770-330x220.jpg 330w\" sizes=\"auto, (max-width: 600px) 91vw, (max-width: 900px) 600px, (max-width: 1060px) 50vw, (max-width: 1200px) 520px, (max-width: 1400px) 43vw, 600px\" \/><\/div>\n<div style=\"text-align: center\"><span style=\"font-size: 10pt\"><strong>Imagem 11<\/strong><\/span><\/div>\n<div>&nbsp;<\/div>\n<div><img loading=\"lazy\" decoding=\"async\" class=\"alignnone wp-image-3424\" src=\"http:\/\/sites.ipleiria.pt\/projetocp2s\/files\/2019\/01\/Exposi\u00e7\u00e3oPCIS_By.PedroC\u00e1-923-300x120.jpg\" alt=\"\" width=\"730\" height=\"292\" srcset=\"https:\/\/sites.ipleiria.pt\/projetocp2s\/files\/2019\/01\/Exposi\u00e7\u00e3oPCIS_By.PedroC\u00e1-923-300x120.jpg 300w, https:\/\/sites.ipleiria.pt\/projetocp2s\/files\/2019\/01\/Exposi\u00e7\u00e3oPCIS_By.PedroC\u00e1-923-768x306.jpg 768w, https:\/\/sites.ipleiria.pt\/projetocp2s\/files\/2019\/01\/Exposi\u00e7\u00e3oPCIS_By.PedroC\u00e1-923-1024x409.jpg 1024w, https:\/\/sites.ipleiria.pt\/projetocp2s\/files\/2019\/01\/Exposi\u00e7\u00e3oPCIS_By.PedroC\u00e1-923-10x4.jpg 10w, https:\/\/sites.ipleiria.pt\/projetocp2s\/files\/2019\/01\/Exposi\u00e7\u00e3oPCIS_By.PedroC\u00e1-923-432x172.jpg 432w, https:\/\/sites.ipleiria.pt\/projetocp2s\/files\/2019\/01\/Exposi\u00e7\u00e3oPCIS_By.PedroC\u00e1-923-396x158.jpg 396w, https:\/\/sites.ipleiria.pt\/projetocp2s\/files\/2019\/01\/Exposi\u00e7\u00e3oPCIS_By.PedroC\u00e1-923-1120x447.jpg 1120w, https:\/\/sites.ipleiria.pt\/projetocp2s\/files\/2019\/01\/Exposi\u00e7\u00e3oPCIS_By.PedroC\u00e1-923-660x263.jpg 660w, https:\/\/sites.ipleiria.pt\/projetocp2s\/files\/2019\/01\/Exposi\u00e7\u00e3oPCIS_By.PedroC\u00e1-923-551x220.jpg 551w\" sizes=\"auto, (max-width: 600px) 91vw, (max-width: 900px) 600px, (max-width: 1060px) 50vw, (max-width: 1200px) 520px, (max-width: 1400px) 43vw, 600px\" \/><\/div>\n<div style=\"text-align: center\"><span style=\"font-size: 10pt\"><strong>Imagem 12<\/strong><\/span><\/div>\n<div>&nbsp;<\/div>\n<div>&nbsp;<\/div>\n<div style=\"text-align: justify\">&nbsp; &nbsp; &nbsp;A inova\u00e7\u00e3o tecnol\u00f3gica surge por vezes acoplada ao ecodesign, impondo solu\u00e7\u00f5es in\u00e9ditas em qualquer fase do ciclo de vida dos produtos, dos processos, das embalagens, das t\u00e9cnicas ou dos modelos de neg\u00f3cio, em respeito pelo ambiente e visando a redu\u00e7\u00e3o de qualquer impacto ou risco ambiental e social. Um exemplo \u00e9 o uso de vidrados anti-bacterianos como meio de diferenciar produtos de pavimento e revestimento a usar em hospitais, centros de sa\u00fade, escolas, etc que impedem ou dificultam a propaga\u00e7\u00e3o de infe\u00e7\u00f5es (fig. 13).<\/div>\n<div>&nbsp;<\/div>\n<div><img loading=\"lazy\" decoding=\"async\" class=\"alignnone wp-image-3404\" src=\"http:\/\/sites.ipleiria.pt\/projetocp2s\/files\/2019\/01\/Exposi\u00e7\u00e3oPCIS_By.PedroC\u00e1-768-300x173.jpg\" alt=\"\" width=\"694\" height=\"400\" srcset=\"https:\/\/sites.ipleiria.pt\/projetocp2s\/files\/2019\/01\/Exposi\u00e7\u00e3oPCIS_By.PedroC\u00e1-768-300x173.jpg 300w, https:\/\/sites.ipleiria.pt\/projetocp2s\/files\/2019\/01\/Exposi\u00e7\u00e3oPCIS_By.PedroC\u00e1-768-768x443.jpg 768w, https:\/\/sites.ipleiria.pt\/projetocp2s\/files\/2019\/01\/Exposi\u00e7\u00e3oPCIS_By.PedroC\u00e1-768-1024x590.jpg 1024w, https:\/\/sites.ipleiria.pt\/projetocp2s\/files\/2019\/01\/Exposi\u00e7\u00e3oPCIS_By.PedroC\u00e1-768-10x6.jpg 10w, https:\/\/sites.ipleiria.pt\/projetocp2s\/files\/2019\/01\/Exposi\u00e7\u00e3oPCIS_By.PedroC\u00e1-768-432x249.jpg 432w, https:\/\/sites.ipleiria.pt\/projetocp2s\/files\/2019\/01\/Exposi\u00e7\u00e3oPCIS_By.PedroC\u00e1-768-396x228.jpg 396w, https:\/\/sites.ipleiria.pt\/projetocp2s\/files\/2019\/01\/Exposi\u00e7\u00e3oPCIS_By.PedroC\u00e1-768-1120x646.jpg 1120w, https:\/\/sites.ipleiria.pt\/projetocp2s\/files\/2019\/01\/Exposi\u00e7\u00e3oPCIS_By.PedroC\u00e1-768-660x380.jpg 660w, https:\/\/sites.ipleiria.pt\/projetocp2s\/files\/2019\/01\/Exposi\u00e7\u00e3oPCIS_By.PedroC\u00e1-768-382x220.jpg 382w\" sizes=\"auto, (max-width: 600px) 91vw, (max-width: 900px) 600px, (max-width: 1060px) 50vw, (max-width: 1200px) 520px, (max-width: 1400px) 43vw, 600px\" \/><\/div>\n<div style=\"text-align: center\"><span style=\"font-size: 10pt\"><strong>Imagem 13<\/strong><\/span><\/div>\n<div>&nbsp;<\/div>\n<div>&nbsp;<\/div>\n<div style=\"text-align: justify\">&nbsp; &nbsp; A utiliza\u00e7\u00e3o de outros materiais como a corti\u00e7a \u00e9 tamb\u00e9m uma forma de diferenciar produtos deste subsetor cer\u00e2mico, tornando-os mais ecol\u00f3gicos, por incrementarem o isolamento t\u00e9rmico e ac\u00fastico dos ambientes onde s\u00e3o usados (fig. 14).<\/div>\n<div>&nbsp;<\/div>\n<div><img loading=\"lazy\" decoding=\"async\" class=\"alignnone wp-image-3420\" src=\"http:\/\/sites.ipleiria.pt\/projetocp2s\/files\/2019\/01\/Sem-nome5-300x88.jpg\" alt=\"\" width=\"748\" height=\"219\" srcset=\"https:\/\/sites.ipleiria.pt\/projetocp2s\/files\/2019\/01\/Sem-nome5-300x88.jpg 300w, https:\/\/sites.ipleiria.pt\/projetocp2s\/files\/2019\/01\/Sem-nome5-768x225.jpg 768w, https:\/\/sites.ipleiria.pt\/projetocp2s\/files\/2019\/01\/Sem-nome5-1024x300.jpg 1024w, https:\/\/sites.ipleiria.pt\/projetocp2s\/files\/2019\/01\/Sem-nome5-10x3.jpg 10w, https:\/\/sites.ipleiria.pt\/projetocp2s\/files\/2019\/01\/Sem-nome5-432x127.jpg 432w, https:\/\/sites.ipleiria.pt\/projetocp2s\/files\/2019\/01\/Sem-nome5-396x116.jpg 396w, https:\/\/sites.ipleiria.pt\/projetocp2s\/files\/2019\/01\/Sem-nome5-1120x328.jpg 1120w, https:\/\/sites.ipleiria.pt\/projetocp2s\/files\/2019\/01\/Sem-nome5-660x194.jpg 660w, https:\/\/sites.ipleiria.pt\/projetocp2s\/files\/2019\/01\/Sem-nome5-710x208.jpg 710w\" sizes=\"auto, (max-width: 600px) 91vw, (max-width: 900px) 600px, (max-width: 1060px) 50vw, (max-width: 1200px) 520px, (max-width: 1400px) 43vw, 600px\" \/><\/div>\n<div style=\"text-align: center\"><span style=\"font-size: 10pt\"><strong>Imagem 14<\/strong><\/span><\/div>\n<div>&nbsp;<\/div>\n<div>&nbsp;<\/div>\n<div style=\"text-align: justify\">&nbsp; Outros exemplos de produtos que evidenciam ecodesign diferenciam-se pelas novas funcionalidades adaptadas \u00e0 sociedade moderna e \u00e0 recupera\u00e7\u00e3o de material: possuem caracter\u00edsticas que por um lado facilitam a manuten\u00e7\u00e3o deste tipo de material por substitui\u00e7\u00e3o simples e r\u00e1pida potenciando um prolongamento do ciclo de vida, e por outro lado favorecem o seu car\u00e1ter amov\u00edvel e reutiliz\u00e1vel, como os pavimentos elevados sobretudo usados em ambientes exteriores (fig.15), ou os pavimentos de aplica\u00e7\u00e3o revers\u00edvel sobretudo para interiores (fig.16).<\/div>\n<div>&nbsp;<\/div>\n<div><img loading=\"lazy\" decoding=\"async\" class=\"alignnone wp-image-3419\" src=\"http:\/\/sites.ipleiria.pt\/projetocp2s\/files\/2019\/01\/Sem-nome4-300x203.jpg\" alt=\"\" width=\"780\" height=\"528\" srcset=\"https:\/\/sites.ipleiria.pt\/projetocp2s\/files\/2019\/01\/Sem-nome4-300x203.jpg 300w, https:\/\/sites.ipleiria.pt\/projetocp2s\/files\/2019\/01\/Sem-nome4-768x520.jpg 768w, https:\/\/sites.ipleiria.pt\/projetocp2s\/files\/2019\/01\/Sem-nome4-1024x693.jpg 1024w, https:\/\/sites.ipleiria.pt\/projetocp2s\/files\/2019\/01\/Sem-nome4-10x7.jpg 10w, https:\/\/sites.ipleiria.pt\/projetocp2s\/files\/2019\/01\/Sem-nome4-432x292.jpg 432w, https:\/\/sites.ipleiria.pt\/projetocp2s\/files\/2019\/01\/Sem-nome4-396x268.jpg 396w, https:\/\/sites.ipleiria.pt\/projetocp2s\/files\/2019\/01\/Sem-nome4-1120x758.jpg 1120w, https:\/\/sites.ipleiria.pt\/projetocp2s\/files\/2019\/01\/Sem-nome4-660x447.jpg 660w, https:\/\/sites.ipleiria.pt\/projetocp2s\/files\/2019\/01\/Sem-nome4-325x220.jpg 325w\" sizes=\"auto, (max-width: 600px) 91vw, (max-width: 900px) 600px, (max-width: 1060px) 50vw, (max-width: 1200px) 520px, (max-width: 1400px) 43vw, 600px\" \/><\/div>\n<div style=\"text-align: center\"><span style=\"font-size: 10pt\"><strong>Imagem 15<\/strong><\/span><\/div>\n<div>&nbsp;<\/div>\n<div><img loading=\"lazy\" decoding=\"async\" class=\"alignnone wp-image-3418\" src=\"http:\/\/sites.ipleiria.pt\/projetocp2s\/files\/2019\/01\/Sem-nome3-300x198.jpg\" alt=\"\" width=\"800\" height=\"528\" srcset=\"https:\/\/sites.ipleiria.pt\/projetocp2s\/files\/2019\/01\/Sem-nome3-300x198.jpg 300w, https:\/\/sites.ipleiria.pt\/projetocp2s\/files\/2019\/01\/Sem-nome3-768x507.jpg 768w, https:\/\/sites.ipleiria.pt\/projetocp2s\/files\/2019\/01\/Sem-nome3-1024x676.jpg 1024w, https:\/\/sites.ipleiria.pt\/projetocp2s\/files\/2019\/01\/Sem-nome3-10x7.jpg 10w, https:\/\/sites.ipleiria.pt\/projetocp2s\/files\/2019\/01\/Sem-nome3-432x285.jpg 432w, https:\/\/sites.ipleiria.pt\/projetocp2s\/files\/2019\/01\/Sem-nome3-396x261.jpg 396w, https:\/\/sites.ipleiria.pt\/projetocp2s\/files\/2019\/01\/Sem-nome3-1120x740.jpg 1120w, https:\/\/sites.ipleiria.pt\/projetocp2s\/files\/2019\/01\/Sem-nome3-660x436.jpg 660w, https:\/\/sites.ipleiria.pt\/projetocp2s\/files\/2019\/01\/Sem-nome3-333x220.jpg 333w\" sizes=\"auto, (max-width: 600px) 91vw, (max-width: 900px) 600px, (max-width: 1060px) 50vw, (max-width: 1200px) 520px, (max-width: 1400px) 43vw, 600px\" \/><\/div>\n<div style=\"text-align: center\"><span style=\"font-size: 10pt\"><strong>Imagem 16<\/strong><\/span><\/div>\n<div>&nbsp;<\/div>\n<div>&nbsp;<\/div>\n<div style=\"text-align: justify\">&nbsp; &nbsp; &nbsp; O custo de produ\u00e7\u00e3o dos produtos \u00e9 um fator de competitividade importante para as empresas. Este custo diminui com a redu\u00e7\u00e3o do consumo de materiais durante a produ\u00e7\u00e3o nomeadamente mat\u00e9rias-primas. Uma forma de promover o eco-design \u00e9 fazer mais (ou o mesmo) com menos. Ent\u00e3o a estrat\u00e9gia de redu\u00e7\u00e3o de espessuras dos produtos \u00e9 uma estrat\u00e9gia de design, desde que n\u00e3o comprometa as fun\u00e7\u00f5es dos mesmos. Muitas vezes, a pr\u00f3pria tecnologia dispon\u00edvel ou conhecida imp\u00f5e espessuras m\u00ednimas para certos produtos. Inova\u00e7\u00f5es tecnol\u00f3gicas nos processos produtivos usados no subsetor dos pavimentos\/revestimentos t\u00eam permitido uma redu\u00e7\u00e3o apreci\u00e1vel das espessuras (at\u00e9 cerca de 3 mm) dos revestimentos cer\u00e2micos, o que tem sido poss\u00edvel simultaneamente por um aumento significativo das dimens\u00f5es destes produtos at\u00e9 300cm x 100cm por pe\u00e7a, o que est\u00e1 a dar origem aos designados grandes formatos (fig. 17). Estes produtos, al\u00e9m de estarem a ser aplicados noutros setores como o mobili\u00e1rio, no revestimento de paredes facilitam os processos de aplica\u00e7\u00e3o (menos pe\u00e7as para a mesma \u00e1rea), menos cortes e promovem uma redu\u00e7\u00e3o de consumo energ\u00e9tico, de \u00e1gua e de emiss\u00f5es poluentes durante a fabrica\u00e7\u00e3o, com favor\u00e1vel impacto ambiental.<\/div>\n<div>&nbsp;<\/div>\n<div><img loading=\"lazy\" decoding=\"async\" class=\"alignnone wp-image-3409\" src=\"http:\/\/sites.ipleiria.pt\/projetocp2s\/files\/2019\/01\/Exposi\u00e7\u00e3oPCIS_By.PedroC\u00e1-958-300x189.jpg\" alt=\"\" width=\"627\" height=\"395\" srcset=\"https:\/\/sites.ipleiria.pt\/projetocp2s\/files\/2019\/01\/Exposi\u00e7\u00e3oPCIS_By.PedroC\u00e1-958-300x189.jpg 300w, https:\/\/sites.ipleiria.pt\/projetocp2s\/files\/2019\/01\/Exposi\u00e7\u00e3oPCIS_By.PedroC\u00e1-958-768x484.jpg 768w, https:\/\/sites.ipleiria.pt\/projetocp2s\/files\/2019\/01\/Exposi\u00e7\u00e3oPCIS_By.PedroC\u00e1-958-1024x645.jpg 1024w, https:\/\/sites.ipleiria.pt\/projetocp2s\/files\/2019\/01\/Exposi\u00e7\u00e3oPCIS_By.PedroC\u00e1-958-10x6.jpg 10w, https:\/\/sites.ipleiria.pt\/projetocp2s\/files\/2019\/01\/Exposi\u00e7\u00e3oPCIS_By.PedroC\u00e1-958-432x272.jpg 432w, https:\/\/sites.ipleiria.pt\/projetocp2s\/files\/2019\/01\/Exposi\u00e7\u00e3oPCIS_By.PedroC\u00e1-958-396x249.jpg 396w, https:\/\/sites.ipleiria.pt\/projetocp2s\/files\/2019\/01\/Exposi\u00e7\u00e3oPCIS_By.PedroC\u00e1-958-1120x706.jpg 1120w, https:\/\/sites.ipleiria.pt\/projetocp2s\/files\/2019\/01\/Exposi\u00e7\u00e3oPCIS_By.PedroC\u00e1-958-660x416.jpg 660w, https:\/\/sites.ipleiria.pt\/projetocp2s\/files\/2019\/01\/Exposi\u00e7\u00e3oPCIS_By.PedroC\u00e1-958-349x220.jpg 349w\" sizes=\"auto, (max-width: 600px) 91vw, (max-width: 900px) 600px, (max-width: 1060px) 50vw, (max-width: 1200px) 520px, (max-width: 1400px) 43vw, 600px\" \/><\/div>\n<div style=\"text-align: center\"><span style=\"font-size: 10pt\"><strong>Imagem 17<\/strong><\/span><\/div>\n<div>&nbsp;<\/div>\n<div>&nbsp;<\/div>\n<div>&nbsp;<\/div>\n<div style=\"text-align: justify\"><strong><span style=\"font-size: 14pt\">Sanit\u00e1rios<\/span><\/strong><\/div>\n<div style=\"text-align: justify\">&nbsp;<\/div>\n<div style=\"text-align: justify\">&nbsp; &nbsp; &nbsp;Neste subsector cer\u00e2mico evidenciam-se principalmente estrat\u00e9gias ao n\u00edvel da cria\u00e7\u00e3o e desenvolvimento de novos produtos que buscam solu\u00e7\u00f5es inovadoras quanto ao consumo de \u00e1gua. Observam-se solu\u00e7\u00f5es visuais mais amplas, como sanitas sem dep\u00f3sito de \u00e1gua, incorporando-o na pr\u00f3pria sanita, ou sanitas com o lavat\u00f3rio incorporado, evitando o fabrico de pe\u00e7as extras, que reutiliza a \u00e1gua do lavat\u00f3rio para a descarga da sanita. O produto apresentado na fig.18 \u00e9 um exemplo desta \u00faltima tipologia de novos produtos, com in\u00fameros pr\u00e9mios de design e reconhecido internacionalmente. Os sanit\u00e1rios cer\u00e2micos s\u00e3o maioritariamente produzidos em porcelana, atrav\u00e9s de enchimento de moldes de gesso com press\u00e3o e normalmente s\u00e3o vidrados com vidros transparentes. A condensa\u00e7\u00e3o de duas pe\u00e7as (sanita e lavat\u00f3rio) num \u00fanico produto tamb\u00e9m reduz o espa\u00e7o necess\u00e1rios quer para o transporte (aumentado a efici\u00eancia energ\u00e9tica e reduzindo a emiss\u00e3o de gases poluentes), quer durante o uso (compat\u00edvel com a redu\u00e7\u00e3o em norma das \u00e1reas habitacionais sobretudo nas grandes cidades).<\/div>\n<div>&nbsp;<\/div>\n<div><img loading=\"lazy\" decoding=\"async\" class=\"alignnone wp-image-3410\" src=\"http:\/\/sites.ipleiria.pt\/projetocp2s\/files\/2019\/01\/Exposi\u00e7\u00e3oPCIS_By.PedroC\u00e1-1006-300x200.jpg\" alt=\"\" width=\"812\" height=\"541\" srcset=\"https:\/\/sites.ipleiria.pt\/projetocp2s\/files\/2019\/01\/Exposi\u00e7\u00e3oPCIS_By.PedroC\u00e1-1006-300x200.jpg 300w, https:\/\/sites.ipleiria.pt\/projetocp2s\/files\/2019\/01\/Exposi\u00e7\u00e3oPCIS_By.PedroC\u00e1-1006-768x512.jpg 768w, https:\/\/sites.ipleiria.pt\/projetocp2s\/files\/2019\/01\/Exposi\u00e7\u00e3oPCIS_By.PedroC\u00e1-1006-1024x683.jpg 1024w, https:\/\/sites.ipleiria.pt\/projetocp2s\/files\/2019\/01\/Exposi\u00e7\u00e3oPCIS_By.PedroC\u00e1-1006-10x7.jpg 10w, https:\/\/sites.ipleiria.pt\/projetocp2s\/files\/2019\/01\/Exposi\u00e7\u00e3oPCIS_By.PedroC\u00e1-1006-432x288.jpg 432w, https:\/\/sites.ipleiria.pt\/projetocp2s\/files\/2019\/01\/Exposi\u00e7\u00e3oPCIS_By.PedroC\u00e1-1006-396x264.jpg 396w, https:\/\/sites.ipleiria.pt\/projetocp2s\/files\/2019\/01\/Exposi\u00e7\u00e3oPCIS_By.PedroC\u00e1-1006-1120x747.jpg 1120w, https:\/\/sites.ipleiria.pt\/projetocp2s\/files\/2019\/01\/Exposi\u00e7\u00e3oPCIS_By.PedroC\u00e1-1006-660x440.jpg 660w, https:\/\/sites.ipleiria.pt\/projetocp2s\/files\/2019\/01\/Exposi\u00e7\u00e3oPCIS_By.PedroC\u00e1-1006-330x220.jpg 330w\" sizes=\"auto, (max-width: 600px) 91vw, (max-width: 900px) 600px, (max-width: 1060px) 50vw, (max-width: 1200px) 520px, (max-width: 1400px) 43vw, 600px\" \/><\/div>\n<div style=\"text-align: center\"><span style=\"font-size: 10pt\"><strong>Imagem 18<\/strong><\/span><\/div>\n<div>&nbsp;<\/div>\n<div>&nbsp;<\/div>\n<div>&nbsp;<\/div>\n<div style=\"text-align: justify\"><span style=\"font-size: 14pt\"><strong>Utilit\u00e1rio e Decorativo<\/strong><\/span><\/div>\n<div>&nbsp;<\/div>\n<div style=\"text-align: justify\">&nbsp; &nbsp;A ideia de sustentabilidade est\u00e1 mais vinculada ao design e \u00e0 fabrica\u00e7\u00e3o dos produtos caracter\u00edsticos dos subsetores discutidos anterior-mente, do que para o sector utilit\u00e1rio e decorativo. As variantes das exig\u00eancias dos nichos de mercado de cada subsector resultam do facto de a cultura econ\u00f3mica estar muito enraizada, e em particular no subsector utilit\u00e1rio e decorativo continuar a privilegiar o desenho e produ\u00e7\u00e3o de produtos com base nas tend\u00eancias est\u00e9ticas \u2013 as ditas \u201cmodas\u201d, cujos ciclos de vida s\u00e3o normalmente curtos.<\/div>\n<div>&nbsp;<\/div>\n<div style=\"text-align: justify\">&nbsp; &nbsp; &nbsp;A procura de projetos sustent\u00e1veis dentro deste subsector tornou-se mais dif\u00edcil por ser menos evidente.<\/div>\n<div>&nbsp;<\/div>\n<div style=\"text-align: justify\">&nbsp; &nbsp;No entanto, \u00e9 certo que as estrat\u00e9gias de ecodesign podem potenciar o aumento da qualidade dos produtos tanto atrav\u00e9s da melhoria das suas caracter\u00edsticas f\u00edsicas, como da qualidade da superf\u00edcie das pe\u00e7as cer\u00e2micas (durabilidade com testes de resist\u00eancia mec\u00e2nica e qu\u00edmica, testes de resist\u00eancia do vidrado, etc.) inclusivamente atrav\u00e9s de bons desenhos que tornem por exemplo tais produtos mais seguros para os seus utilizadores.<\/div>\n<div>&nbsp;<\/div>\n<div style=\"text-align: justify\">&nbsp; &nbsp;A an\u00e1lise cr\u00edtica dos produtos estudados deste subsetor permitiu evidenciar certos objetos com car\u00e1cter ecoinovador, destacando-se neste trabalho: a inclus\u00e3o de outros materiais (madeira, corti\u00e7a, metal \u2013 quer pelo uso de materiais comparativamente mais sustent\u00e1veis, quer pela iniciativa social que permite a alguns artes\u00f5es), fig. 19; desenhos de produtos que permitem o empilhamento e encaixe (que facilita o transporte, a distribui\u00e7\u00e3o e a arruma\u00e7\u00e3o, reduzindo o espa\u00e7o necess\u00e1rio para o transporte e uso), fig. 20; o car\u00e1ter multifuncional do uso, fig. 21; utiliza\u00e7\u00e3o de vidrados transparentes de baixo impacto ambiental (comunicando a cor da pasta pigmentada), fig. 22; o desenvolvimento de pastas de porcelana de alta brancura para potenciar os produtos em \u00e1reas de aplica\u00e7\u00e3o de maior valor acrescentado, como a ilumina\u00e7\u00e3o, fig. 23; a utiliza\u00e7\u00e3o de la-mas de esta\u00e7\u00f5es de tratamentos de \u00e1guas residuais como componente das pastas, fig.24; e a reutiliza\u00e7\u00e3o de cacos de pe\u00e7as rejeitadas no pro-cesso de controlo de qualidade como mat\u00e9ria primas de novos produtos (comp\u00f3sitos de matriz polim\u00e9rica), fig. 25. Neste mesmo subsetor foi ainda poss\u00edvel observar produtos com vidrado s\u00f3 no interior \u2013 onde \u00e9 estritamente necess\u00e1rio), fig. 19, e desenhos com espessuras m\u00ednimas de parede, fig. 23.<\/div>\n<div>&nbsp;<\/div>\n<div><img loading=\"lazy\" decoding=\"async\" class=\"alignnone wp-image-3415\" src=\"http:\/\/sites.ipleiria.pt\/projetocp2s\/files\/2019\/01\/Sem-nome-300x197.jpg\" alt=\"\" width=\"719\" height=\"472\" srcset=\"https:\/\/sites.ipleiria.pt\/projetocp2s\/files\/2019\/01\/Sem-nome-300x197.jpg 300w, https:\/\/sites.ipleiria.pt\/projetocp2s\/files\/2019\/01\/Sem-nome-768x504.jpg 768w, https:\/\/sites.ipleiria.pt\/projetocp2s\/files\/2019\/01\/Sem-nome-1024x672.jpg 1024w, https:\/\/sites.ipleiria.pt\/projetocp2s\/files\/2019\/01\/Sem-nome-10x7.jpg 10w, https:\/\/sites.ipleiria.pt\/projetocp2s\/files\/2019\/01\/Sem-nome-432x284.jpg 432w, https:\/\/sites.ipleiria.pt\/projetocp2s\/files\/2019\/01\/Sem-nome-396x260.jpg 396w, https:\/\/sites.ipleiria.pt\/projetocp2s\/files\/2019\/01\/Sem-nome-1120x735.jpg 1120w, https:\/\/sites.ipleiria.pt\/projetocp2s\/files\/2019\/01\/Sem-nome-660x433.jpg 660w, https:\/\/sites.ipleiria.pt\/projetocp2s\/files\/2019\/01\/Sem-nome-335x220.jpg 335w\" sizes=\"auto, (max-width: 600px) 91vw, (max-width: 900px) 600px, (max-width: 1060px) 50vw, (max-width: 1200px) 520px, (max-width: 1400px) 43vw, 600px\" \/><\/div>\n<div style=\"text-align: center\"><span style=\"font-size: 10pt\"><strong>Imagem 19<\/strong><\/span><\/div>\n<div>&nbsp;<\/div>\n<div><img loading=\"lazy\" decoding=\"async\" class=\"alignnone wp-image-3396\" src=\"http:\/\/sites.ipleiria.pt\/projetocp2s\/files\/2019\/01\/Exposi\u00e7\u00e3oPCIS_By.PedroC\u00e1-340-300x200.jpg\" alt=\"\" width=\"639\" height=\"426\" srcset=\"https:\/\/sites.ipleiria.pt\/projetocp2s\/files\/2019\/01\/Exposi\u00e7\u00e3oPCIS_By.PedroC\u00e1-340-300x200.jpg 300w, https:\/\/sites.ipleiria.pt\/projetocp2s\/files\/2019\/01\/Exposi\u00e7\u00e3oPCIS_By.PedroC\u00e1-340-768x512.jpg 768w, https:\/\/sites.ipleiria.pt\/projetocp2s\/files\/2019\/01\/Exposi\u00e7\u00e3oPCIS_By.PedroC\u00e1-340-1024x683.jpg 1024w, https:\/\/sites.ipleiria.pt\/projetocp2s\/files\/2019\/01\/Exposi\u00e7\u00e3oPCIS_By.PedroC\u00e1-340-10x7.jpg 10w, https:\/\/sites.ipleiria.pt\/projetocp2s\/files\/2019\/01\/Exposi\u00e7\u00e3oPCIS_By.PedroC\u00e1-340-432x288.jpg 432w, https:\/\/sites.ipleiria.pt\/projetocp2s\/files\/2019\/01\/Exposi\u00e7\u00e3oPCIS_By.PedroC\u00e1-340-396x264.jpg 396w, https:\/\/sites.ipleiria.pt\/projetocp2s\/files\/2019\/01\/Exposi\u00e7\u00e3oPCIS_By.PedroC\u00e1-340-1120x747.jpg 1120w, https:\/\/sites.ipleiria.pt\/projetocp2s\/files\/2019\/01\/Exposi\u00e7\u00e3oPCIS_By.PedroC\u00e1-340-660x440.jpg 660w, https:\/\/sites.ipleiria.pt\/projetocp2s\/files\/2019\/01\/Exposi\u00e7\u00e3oPCIS_By.PedroC\u00e1-340-330x220.jpg 330w\" sizes=\"auto, (max-width: 600px) 91vw, (max-width: 900px) 600px, (max-width: 1060px) 50vw, (max-width: 1200px) 520px, (max-width: 1400px) 43vw, 600px\" \/><\/div>\n<div style=\"text-align: center\"><span style=\"font-size: 10pt\"><strong>Imagem 20<\/strong><\/span><\/div>\n<div>&nbsp;<\/div>\n<div><img loading=\"lazy\" decoding=\"async\" class=\"alignnone wp-image-3417\" src=\"http:\/\/sites.ipleiria.pt\/projetocp2s\/files\/2019\/01\/Sem-nome2-300x196.jpg\" alt=\"\" width=\"684\" height=\"447\" srcset=\"https:\/\/sites.ipleiria.pt\/projetocp2s\/files\/2019\/01\/Sem-nome2-300x196.jpg 300w, https:\/\/sites.ipleiria.pt\/projetocp2s\/files\/2019\/01\/Sem-nome2-768x502.jpg 768w, https:\/\/sites.ipleiria.pt\/projetocp2s\/files\/2019\/01\/Sem-nome2-1024x669.jpg 1024w, https:\/\/sites.ipleiria.pt\/projetocp2s\/files\/2019\/01\/Sem-nome2-10x7.jpg 10w, https:\/\/sites.ipleiria.pt\/projetocp2s\/files\/2019\/01\/Sem-nome2-432x282.jpg 432w, https:\/\/sites.ipleiria.pt\/projetocp2s\/files\/2019\/01\/Sem-nome2-396x259.jpg 396w, https:\/\/sites.ipleiria.pt\/projetocp2s\/files\/2019\/01\/Sem-nome2-1120x732.jpg 1120w, https:\/\/sites.ipleiria.pt\/projetocp2s\/files\/2019\/01\/Sem-nome2-660x431.jpg 660w, https:\/\/sites.ipleiria.pt\/projetocp2s\/files\/2019\/01\/Sem-nome2-337x220.jpg 337w\" sizes=\"auto, (max-width: 600px) 91vw, (max-width: 900px) 600px, (max-width: 1060px) 50vw, (max-width: 1200px) 520px, (max-width: 1400px) 43vw, 600px\" \/><\/div>\n<div style=\"text-align: center\"><span style=\"font-size: 10pt\"><strong>Imagem 21<\/strong><\/span><\/div>\n<div>&nbsp;<\/div>\n<div><img loading=\"lazy\" decoding=\"async\" class=\"alignnone wp-image-3399\" src=\"http:\/\/sites.ipleiria.pt\/projetocp2s\/files\/2019\/01\/Exposi\u00e7\u00e3oPCIS_By.PedroC\u00e1-442-300x200.jpg\" alt=\"\" width=\"729\" height=\"486\" srcset=\"https:\/\/sites.ipleiria.pt\/projetocp2s\/files\/2019\/01\/Exposi\u00e7\u00e3oPCIS_By.PedroC\u00e1-442-300x200.jpg 300w, https:\/\/sites.ipleiria.pt\/projetocp2s\/files\/2019\/01\/Exposi\u00e7\u00e3oPCIS_By.PedroC\u00e1-442-768x512.jpg 768w, https:\/\/sites.ipleiria.pt\/projetocp2s\/files\/2019\/01\/Exposi\u00e7\u00e3oPCIS_By.PedroC\u00e1-442-1024x683.jpg 1024w, https:\/\/sites.ipleiria.pt\/projetocp2s\/files\/2019\/01\/Exposi\u00e7\u00e3oPCIS_By.PedroC\u00e1-442-10x7.jpg 10w, https:\/\/sites.ipleiria.pt\/projetocp2s\/files\/2019\/01\/Exposi\u00e7\u00e3oPCIS_By.PedroC\u00e1-442-432x288.jpg 432w, https:\/\/sites.ipleiria.pt\/projetocp2s\/files\/2019\/01\/Exposi\u00e7\u00e3oPCIS_By.PedroC\u00e1-442-396x264.jpg 396w, https:\/\/sites.ipleiria.pt\/projetocp2s\/files\/2019\/01\/Exposi\u00e7\u00e3oPCIS_By.PedroC\u00e1-442-1120x747.jpg 1120w, https:\/\/sites.ipleiria.pt\/projetocp2s\/files\/2019\/01\/Exposi\u00e7\u00e3oPCIS_By.PedroC\u00e1-442-660x440.jpg 660w, https:\/\/sites.ipleiria.pt\/projetocp2s\/files\/2019\/01\/Exposi\u00e7\u00e3oPCIS_By.PedroC\u00e1-442-330x220.jpg 330w\" sizes=\"auto, (max-width: 600px) 91vw, (max-width: 900px) 600px, (max-width: 1060px) 50vw, (max-width: 1200px) 520px, (max-width: 1400px) 43vw, 600px\" \/><\/div>\n<div style=\"text-align: center\"><span style=\"font-size: 10pt\"><strong>Imagem 22<\/strong><\/span><\/div>\n<div>&nbsp;<\/div>\n<div><img loading=\"lazy\" decoding=\"async\" class=\"alignnone wp-image-3400\" src=\"http:\/\/sites.ipleiria.pt\/projetocp2s\/files\/2019\/01\/Exposi\u00e7\u00e3oPCIS_By.PedroC\u00e1-517-300x200.jpg\" alt=\"\" width=\"620\" height=\"413\" srcset=\"https:\/\/sites.ipleiria.pt\/projetocp2s\/files\/2019\/01\/Exposi\u00e7\u00e3oPCIS_By.PedroC\u00e1-517-300x200.jpg 300w, https:\/\/sites.ipleiria.pt\/projetocp2s\/files\/2019\/01\/Exposi\u00e7\u00e3oPCIS_By.PedroC\u00e1-517-768x512.jpg 768w, https:\/\/sites.ipleiria.pt\/projetocp2s\/files\/2019\/01\/Exposi\u00e7\u00e3oPCIS_By.PedroC\u00e1-517-1024x683.jpg 1024w, https:\/\/sites.ipleiria.pt\/projetocp2s\/files\/2019\/01\/Exposi\u00e7\u00e3oPCIS_By.PedroC\u00e1-517-10x7.jpg 10w, https:\/\/sites.ipleiria.pt\/projetocp2s\/files\/2019\/01\/Exposi\u00e7\u00e3oPCIS_By.PedroC\u00e1-517-432x288.jpg 432w, https:\/\/sites.ipleiria.pt\/projetocp2s\/files\/2019\/01\/Exposi\u00e7\u00e3oPCIS_By.PedroC\u00e1-517-396x264.jpg 396w, https:\/\/sites.ipleiria.pt\/projetocp2s\/files\/2019\/01\/Exposi\u00e7\u00e3oPCIS_By.PedroC\u00e1-517-1120x747.jpg 1120w, https:\/\/sites.ipleiria.pt\/projetocp2s\/files\/2019\/01\/Exposi\u00e7\u00e3oPCIS_By.PedroC\u00e1-517-660x440.jpg 660w, https:\/\/sites.ipleiria.pt\/projetocp2s\/files\/2019\/01\/Exposi\u00e7\u00e3oPCIS_By.PedroC\u00e1-517-330x220.jpg 330w\" sizes=\"auto, (max-width: 600px) 91vw, (max-width: 900px) 600px, (max-width: 1060px) 50vw, (max-width: 1200px) 520px, (max-width: 1400px) 43vw, 600px\" \/><\/div>\n<div style=\"text-align: center\"><span style=\"font-size: 10pt\"><strong>Imagem 23<\/strong><\/span><\/div>\n<div>&nbsp;<\/div>\n<div><img loading=\"lazy\" decoding=\"async\" class=\"alignnone wp-image-3397\" src=\"http:\/\/sites.ipleiria.pt\/projetocp2s\/files\/2019\/01\/Exposi\u00e7\u00e3oPCIS_By.PedroC\u00e1-400-300x200.jpg\" alt=\"\" width=\"713\" height=\"475\" srcset=\"https:\/\/sites.ipleiria.pt\/projetocp2s\/files\/2019\/01\/Exposi\u00e7\u00e3oPCIS_By.PedroC\u00e1-400-300x200.jpg 300w, https:\/\/sites.ipleiria.pt\/projetocp2s\/files\/2019\/01\/Exposi\u00e7\u00e3oPCIS_By.PedroC\u00e1-400-768x512.jpg 768w, https:\/\/sites.ipleiria.pt\/projetocp2s\/files\/2019\/01\/Exposi\u00e7\u00e3oPCIS_By.PedroC\u00e1-400-1024x683.jpg 1024w, https:\/\/sites.ipleiria.pt\/projetocp2s\/files\/2019\/01\/Exposi\u00e7\u00e3oPCIS_By.PedroC\u00e1-400-10x7.jpg 10w, https:\/\/sites.ipleiria.pt\/projetocp2s\/files\/2019\/01\/Exposi\u00e7\u00e3oPCIS_By.PedroC\u00e1-400-432x288.jpg 432w, https:\/\/sites.ipleiria.pt\/projetocp2s\/files\/2019\/01\/Exposi\u00e7\u00e3oPCIS_By.PedroC\u00e1-400-396x264.jpg 396w, https:\/\/sites.ipleiria.pt\/projetocp2s\/files\/2019\/01\/Exposi\u00e7\u00e3oPCIS_By.PedroC\u00e1-400-1120x747.jpg 1120w, https:\/\/sites.ipleiria.pt\/projetocp2s\/files\/2019\/01\/Exposi\u00e7\u00e3oPCIS_By.PedroC\u00e1-400-660x440.jpg 660w, https:\/\/sites.ipleiria.pt\/projetocp2s\/files\/2019\/01\/Exposi\u00e7\u00e3oPCIS_By.PedroC\u00e1-400-330x220.jpg 330w\" sizes=\"auto, (max-width: 600px) 91vw, (max-width: 900px) 600px, (max-width: 1060px) 50vw, (max-width: 1200px) 520px, (max-width: 1400px) 43vw, 600px\" \/><\/div>\n<div style=\"text-align: center\"><span style=\"font-size: 10pt\"><strong>Imagem 24<\/strong><\/span><\/div>\n<div>&nbsp;<\/div>\n<div><img loading=\"lazy\" decoding=\"async\" class=\"alignnone wp-image-3398\" src=\"http:\/\/sites.ipleiria.pt\/projetocp2s\/files\/2019\/01\/Exposi\u00e7\u00e3oPCIS_By.PedroC\u00e1-440-300x200.jpg\" alt=\"\" width=\"683\" height=\"455\" srcset=\"https:\/\/sites.ipleiria.pt\/projetocp2s\/files\/2019\/01\/Exposi\u00e7\u00e3oPCIS_By.PedroC\u00e1-440-300x200.jpg 300w, https:\/\/sites.ipleiria.pt\/projetocp2s\/files\/2019\/01\/Exposi\u00e7\u00e3oPCIS_By.PedroC\u00e1-440-768x512.jpg 768w, https:\/\/sites.ipleiria.pt\/projetocp2s\/files\/2019\/01\/Exposi\u00e7\u00e3oPCIS_By.PedroC\u00e1-440-1024x683.jpg 1024w, https:\/\/sites.ipleiria.pt\/projetocp2s\/files\/2019\/01\/Exposi\u00e7\u00e3oPCIS_By.PedroC\u00e1-440-10x7.jpg 10w, https:\/\/sites.ipleiria.pt\/projetocp2s\/files\/2019\/01\/Exposi\u00e7\u00e3oPCIS_By.PedroC\u00e1-440-432x288.jpg 432w, https:\/\/sites.ipleiria.pt\/projetocp2s\/files\/2019\/01\/Exposi\u00e7\u00e3oPCIS_By.PedroC\u00e1-440-396x264.jpg 396w, https:\/\/sites.ipleiria.pt\/projetocp2s\/files\/2019\/01\/Exposi\u00e7\u00e3oPCIS_By.PedroC\u00e1-440-1120x747.jpg 1120w, https:\/\/sites.ipleiria.pt\/projetocp2s\/files\/2019\/01\/Exposi\u00e7\u00e3oPCIS_By.PedroC\u00e1-440-660x440.jpg 660w, https:\/\/sites.ipleiria.pt\/projetocp2s\/files\/2019\/01\/Exposi\u00e7\u00e3oPCIS_By.PedroC\u00e1-440-330x220.jpg 330w\" sizes=\"auto, (max-width: 600px) 91vw, (max-width: 900px) 600px, (max-width: 1060px) 50vw, (max-width: 1200px) 520px, (max-width: 1400px) 43vw, 600px\" \/><\/div>\n<div style=\"text-align: center\"><span style=\"font-size: 10pt\"><strong>Imagem 25<\/strong><\/span><\/div>\n<div>&nbsp;<\/div>\n<div>&nbsp;<\/div>\n<div style=\"text-align: justify\">&nbsp; &nbsp; Ao n\u00edvel de produ\u00e7\u00e3o, o sector utilit\u00e1rio e decorativo usa barros vermelhos, faian\u00e7as, gr\u00e9s e porcelanas, e continua a utilizar m\u00e9todos de conforma\u00e7\u00e3o simples como prensagem pl\u00e1stica, produ\u00e7\u00e3o por roller e enchimento de moldes de gesso. Na maioria das vezes utilizam ciclos de cozedura longos por bicozedura. Utilizam v\u00e1rias t\u00e9cnicas de decora\u00e7\u00e3o das pe\u00e7as: relevos, subrelevos, vidrados (on glaze e in glaze), decalques, serigrafia, pinturas, etc. Algumas empresas j\u00e1 come\u00e7aram a utilizar tecnologias de conforma\u00e7\u00e3o mais produtivas como prensagem isost\u00e1tica e enchimento com press\u00e3o, implementa\u00e7\u00e3o de ciclos de monocozeduras e aplica\u00e7\u00e3o da decora\u00e7\u00e3o por impress\u00e3o digital, nas formas mais simples, sendo que, no campo da decora\u00e7\u00e3o, os produtos utilit\u00e1rios t\u00eam que respeitar normas de seguran\u00e7a e de sa\u00fade para os utilizadores.<\/div>\n<div style=\"text-align: justify\">&nbsp; &nbsp; Muitos dos vidrados que eram utilizados neste subsetor foram banidos pelo uso de chumbo e c\u00e1dmio na sua composi\u00e7\u00e3o, e as novas normas pro\u00edbem ou imp\u00f5em limites muito baixos do uso de outros metais, por exemplo o cobalto<sup>12<\/sup>. A necessidade de continuar a produzir as mesmas cores decorativas torna-se uma quest\u00e3o complexa, pelo que o desenvolvimento de solu\u00e7\u00f5es mais sustent\u00e1veis \u00e9 uma necessidade futura, ainda n\u00e3o presente na maioria das estrat\u00e9gias deste sector.<\/div>\n<div>&nbsp;<\/div>\n<div>&nbsp;<\/div>\n<div style=\"text-align: right\"><strong><span style=\"font-size: 14pt\">Conclus\u00f5es<\/span><\/strong><\/div>\n<div style=\"text-align: justify\">&nbsp; &nbsp; A divulga\u00e7\u00e3o de alguns resultados da investiga\u00e7\u00e3o realizada no \u00e2mbito do Projeto CP2S, Cer\u00e2mica, Patrim\u00f3nio e Produto Sustent\u00e1vel \u2013 do ensino \u00e0 ind\u00fastria, deu origem a uma exposi\u00e7\u00e3o de produtos industriais cer\u00e2micos sustent\u00e1veis com objetivos pedag\u00f3gicos e que refor\u00e7aram as iniciativas de inova\u00e7\u00e3o territorial na cidade das Caldas da Rainha e da sua regi\u00e3o, alargando nomeadamente a oferta cultural e tur\u00edstica deste territ\u00f3rio.<\/div>\n<div>&nbsp;<\/div>\n<div style=\"text-align: justify\">&nbsp; &nbsp;Esta exposi\u00e7\u00e3o evidencia que nos subsetores do Pavimento \/ Revestimento, Estrutural e Sanit\u00e1rios, a sustentabilidade e a eco inova\u00e7\u00e3o s\u00e3o objetivos comuns no projeto de design dos respetivos produtos. Os mercados destes subsetores industriais cer\u00e2micos, como arquitetos, engenheiros, decoradores de interiores e construtores, t\u00eam vindo a aumentar a procura de produtos diferenciados do ponto de vista ambiental. Por outro lado, h\u00e1 uma exig\u00eancia crescente por parte dos consumidores de produtos mais \u201cambientalistas\u201d.<\/div>\n<div>&nbsp;<\/div>\n<div style=\"text-align: justify\">&nbsp; &nbsp; Estas quest\u00f5es ambientais s\u00e3o, muitas vezes, parte integrante das estrat\u00e9gias associadas \u00e0s marcas das pr\u00f3prias empresas e das qualidades (certificadas) dos produtos. Grande parte das empresas visitadas t\u00eam em conta estes aspetos, desenvolvendo e comercializando produtos com&nbsp;preocupa\u00e7\u00f5es ambientais, por vezes at\u00e9 enquadrados por normas ISO ou Selos Ambientais.<\/div>\n<div>&nbsp;<\/div>\n<div style=\"text-align: justify\">&nbsp; &nbsp;A ideia de sustentabilidade est\u00e1 mais vinculada ao design e \u00e0 fabrica\u00e7\u00e3o dos produtos caracter\u00edsticos dos subsetores discutidos anterior-mente, do que para o sector utilit\u00e1rio e decorativo. As variantes das exig\u00eancias dos nichos de mercado de cada subsector resultam do facto de a cultura econ\u00f3mica estar muito enraizada, e em particular no setor utilit\u00e1rio e decorativo continuar a privilegiar o desenho e produ\u00e7\u00e3o de produtos com base nas tend\u00eancias est\u00e9ticas \u2013 as ditas \u201cmodas\u201d. O que sendo um problema comparativo \u00e9 simultaneamente um desafio e oportunidade para os designers.<\/div>\n<div>&nbsp;<\/div>\n<div style=\"text-align: justify\">&nbsp; &nbsp; Os resultados desta investiga\u00e7\u00e3o proporcionaram aos alunos, no-meadamente de design, conhecimentos mais atualizados sobre o estado da arte dos processos e produtos industriais cer\u00e2micos, que para al\u00e9m de refor\u00e7arem o n\u00edvel de conhecimentos gerais em cer\u00e2mica, tendem a aproximar as propostas de novos produtos criadas em ambiente acad\u00e9micos dos portf\u00f3lios caracter\u00edsticos dos diferentes subsectores industriais cer\u00e2micos, com potencial efeito no aumento de empregabilidade dos futuros licenciados, em particular nesta ind\u00fastria.<\/div>\n<div>&nbsp;<\/div>\n<div style=\"text-align: justify\">&nbsp; &nbsp; \u00c9 certo que se evidenciaram nos v\u00e1rios subsetores cer\u00e2micos bons exemplos de produtos que responderam a preocupa\u00e7\u00f5es no \u00e2mbito da sustentabilidade e da inova\u00e7\u00e3o; no entanto, as propostas de novos produtos cer\u00e2micos desenvolvidos no \u00e2mbito deste projeto de investiga\u00e7\u00e3o refor\u00e7am as possibilidades de aumentar este tipo de produtos sustent\u00e1veis e inovadores no setor industrial cer\u00e2mico nacional.<\/div>\n<div>&nbsp;<\/div>\n<div style=\"text-align: justify\">&nbsp; &nbsp; &nbsp;Estes alunos de design d\u00e3o muita import\u00e2ncia aos conte\u00fados vi-suais como fontes de conhecimento e de inspira\u00e7\u00e3o para os seus projetos. Por isso mesmo, neste projeto de investiga\u00e7\u00e3o, d\u00e1-se destaque a atividades de dissemina\u00e7\u00e3o de conhecimentos como cole\u00e7\u00f5es ou exposi\u00e7\u00f5es, onde os alunos, e tamb\u00e9m o p\u00fablico em geral, possam usar os v\u00e1-rios sentidos, no contacto com os elementos a serem apresentados, convidando os primeiros \u00e0 aplica\u00e7\u00e3o de conhecimentos estrat\u00e9gicos nas \u00e1reas da sustentabilidade e inova\u00e7\u00e3o nas suas pr\u00e1ticas de projeto de design e os segundos a serem mais exigentes enquanto consumidores de produtos cer\u00e2micos, parecendo-nos por estas vias que este projeto d\u00e1 um contributo importante para a possibilidade de uma ind\u00fastria mais competitiva e um mundo mais sustent\u00e1vel.<\/div>\n<p>&nbsp;<\/p>\n<hr>\n<div style=\"text-align: justify\">&nbsp;<\/div>\n<div style=\"text-align: justify\"><strong><sup>1<\/sup><\/strong> Rocha, Cristina, Manual de Ecodesign InEDIC, pag.41.<\/div>\n<div style=\"text-align: justify\">&nbsp;<\/div>\n<div style=\"text-align: justify\"><strong><sup>2<\/sup><\/strong> O green marketing \u00e9 um processo de gest\u00e3o hol\u00edstica e respons\u00e1vel, que identifica, antecipa, satisfaz e atende aos requisitos ambientais das partes interessa-das. Por outras palavras, o green marketing envolve a satisfa\u00e7\u00e3o de objetivos organizacionais, a satisfa\u00e7\u00e3o das necessidades dos consumi-dores e, ao mesmo tempo, a melhoria do perfil ambiental dos produtos, acrescentando-lhes valor.<\/div>\n<div style=\"text-align: justify\">&nbsp;<\/div>\n<div style=\"text-align: justify\"><strong><sup>3<\/sup><\/strong> Economia Circular \u00e9 um conceito que assenta na redu\u00e7\u00e3o, reutiliza\u00e7\u00e3o, recupera\u00e7\u00e3o, regenera\u00e7\u00e3o, restaura\u00e7\u00e3o e reciclagem de mate-riais e energias. Pretende promover a reparabilidade e durabilidade dos produtos, a maior capacidade de reciclagem e a elimina\u00e7\u00e3o de subst\u00e2ncias perigosas para a sociedade, trocando o conceito de fim de vida da economia linear, por novos fluxos circulares.<\/div>\n<div style=\"text-align: justify\">&nbsp;<\/div>\n<div style=\"text-align: justify\"><strong><sup>4<\/sup><\/strong> O Projeto de Investiga\u00e7\u00e3o CP2S, Cer\u00e2mica, Patrim\u00f3nio e Produto Sustent\u00e1vel \u2013 do ensino \u00e0 ind\u00fastria \u00e9 apoiado pela Funda\u00e7\u00e3o da Ci\u00eancia e Tecnologia, que conta com os seguintes parceiros institucionais: Instituto Poli-t\u00e9cnico de Leiria; Instituto Polit\u00e9cnico de Tomar; Centro de Forma\u00e7\u00e3o Profissional para a Ind\u00fastria Cer\u00e2mica (CENCAL) e C\u00e2mara Municipal de Caldas da Rainha, \u00e9 um projeto de investiga\u00e7\u00e3o que ter\u00e1 a dura\u00e7\u00e3o de 18 meses e que est\u00e1 a ser coordenado pelo Laborat\u00f3rio de Investiga\u00e7\u00e3o em Design e Arte, sediado no campus 3, Escola Superior de Artes e Design de Caldas da Rainha e apoiado pelo FEDER \u2013 Fundo Europeu de Desenvolvimento Regional, no \u00e2mbito do Programa Portugal 2020 \u2013 Programa Operacional Regional do Centro, conta com uma equipa de investigadores, vasta e multi-disciplinar, que tem como objectivo organizar informa\u00e7\u00e3o dispersa nas \u00e1reas de tecnologia, social, economia e hist\u00f3rico-cultural, a fins de organizar recursos diferenciados e inovadores sobre-tudo experimentais e visuais para a forma\u00e7\u00e3o pedag\u00f3gica e cultural ou para o apoio ao ensino, investiga\u00e7\u00e3o e design de produtos cer\u00e2micos sustent\u00e1veis que contribuam para o aumento da competitividade e da sustentabilidade deste sector econ\u00f3mico.<\/div>\n<div style=\"text-align: justify\">&nbsp;<\/div>\n<div style=\"text-align: justify\"><sup><strong>5<\/strong><\/sup> Em 1987, foi criado um Relat\u00f3rio Bruntland, elaborado pela Comiss\u00e3o Mundial sobre Meio Ambiente e Desenvolvimento (criada em 1983 pela Assembleia das Na\u00e7\u00f5es Unidas). Neste relat\u00f3rio no campo do desenvolvimento sustent\u00e1vel \u00e9 dividido, conceptual-mente, em tr\u00eas \u00e1reas: sustentabilidade ambiental, sustentabilidade econ\u00f3mica e sustentabilidade sociopol\u00edtica.<\/div>\n<div style=\"text-align: justify\">&nbsp;<\/div>\n<div style=\"text-align: justify\"><strong><sup>6<\/sup><\/strong> O ecodesign \u00e9 considerado uma \u201catividade que, ligando o tecnicamente poss\u00edvel com o ecologicamente necess\u00e1rio, faz nascer novas propostas que sejam social e culturalmente aceit\u00e1veis\u201d (MANZINI, Ezio; VEZZOLI, Carlo \u2013 \u201cO desenvolvimento de produtos sustent\u00e1veis: os requisitos ambientais dos produtos industriais\u201d. S\u00e3o Paulo: EDUSP, 2002. p. 366).<\/div>\n<div style=\"text-align: justify\">&nbsp;<\/div>\n<div style=\"text-align: justify\"><strong><sup>7<\/sup><\/strong> O ciclo de vida de um produto \u00e9 o conjunto de fases que o produto passa, desde a aquisi\u00e7\u00e3o das mat\u00e9rias-primas at\u00e9 ao descarte, em fim-de-vida e respetiva gest\u00e3o dos seus res\u00edduos.<\/div>\n<div style=\"text-align: justify\">&nbsp;<\/div>\n<div style=\"text-align: justify\"><strong><sup>8<\/sup><\/strong> PAPANEK, Victor &#8211; \u201cDesign for the Real World\u201d. New York: Pantheon Books, 1972<\/div>\n<div style=\"text-align: justify\">&nbsp;<\/div>\n<div style=\"text-align: justify\"><strong><sup>9<\/sup><\/strong> Eco-inova\u00e7\u00e3o \u00e9 um termo usado para descrever novos produtos e processos que de alguma forma contribuam para o desenvolvimento sustent\u00e1vel. Considera-se a eco-inova\u00e7\u00e3o como a aplica\u00e7\u00e3o comercial do conhecimento para gerar, direta ou indiretamente, melhorias ambientais. O termo \u00e9 frequentemente usado para descrever uma s\u00e9rie de ideias, desde avan\u00e7os tecnol\u00f3gicos ambientalmente adequados a trajet\u00f3rias socialmente inovadoras, rumo \u00e0 sustentabilidade.<\/div>\n<div style=\"text-align: justify\">&nbsp;<\/div>\n<div style=\"text-align: justify\"><strong><sup>10<\/sup><\/strong> Descri\u00e7\u00f5es utilizadas na folha de sala e cat\u00e1logo da Exposi\u00e7\u00e3o \u201cProdutos Cer\u00e2micos Industriais Sustent\u00e1-veis, em Portugal\u201d que esteve patente na Sala Farinha dos Silos \u2013 Contentor Criativo, nas Caldas da Rainha. Folha de Sala e Cat\u00e1logo dispon\u00edveis em &lt;https:\/\/sites.ipleiria.pt\/projetocp2s\/&gt;<\/div>\n<div style=\"text-align: justify\">&nbsp;<\/div>\n<div style=\"text-align: justify\"><strong><sup>11<\/sup><\/strong> ROCHA, Cristina [et al.] &#8211; \u201cManual de Ecodesign InE-DIC\u201d. Lisboa: [s.n.], 2011. p.40.<\/div>\n<div style=\"text-align: justify\">&nbsp;<\/div>\n<div style=\"text-align: justify\"><strong><sup>12<\/sup><\/strong> Informa\u00e7\u00f5es obtida a partir das visitas \u00e0s empresas me-diante as conversas com os engenheiros de mat\u00e9rias.<\/div>\n<div style=\"text-align: justify\">&nbsp;<\/div>\n<div style=\"text-align: justify\">\n<hr>\n<\/div>\n<div style=\"text-align: justify\">&nbsp;<\/div>\n<div style=\"text-align: justify\"><strong>Legenda da Figura 1:<\/strong> Rela\u00e7\u00e3o entre os referenciais normativos e as \u00e1reas de conhecimento, adaptado ao ISSO 14006.<\/div>\n<div style=\"text-align: justify\">&nbsp;<\/div>\n<div style=\"text-align: justify\"><strong>Legenda da Figura 2:<\/strong> Localiza\u00e7\u00e3o geogr\u00e1fica das empresas visitadas.<\/div>\n<div style=\"text-align: justify\">&nbsp;<\/div>\n<div style=\"text-align: justify\"><strong>Legenda da Figura 3:<\/strong> Empresa Pr\u00e9lis Tijolo UNIKO 25x10x25cm Barro Vermelho Ideal para a constru\u00e7\u00e3o de paredes em alvenaria e si-multaneamente com as fun\u00e7\u00f5es de moldes de cofragem para lint\u00e9is ou pilares de bet\u00e3o armado; condutas de gases ou espa\u00e7o para encaixe e fixa\u00e7\u00e3o de material isolante.<\/div>\n<div style=\"text-align: justify\">&nbsp;<\/div>\n<div style=\"text-align: justify\"><strong>Legenda da Figura 4:<\/strong> Empresa Soladrilho Fachada Ventilada Face \u00e9 a solu\u00e7\u00e3o completa de fachada ventilada em cer\u00e2mica extrudida com pe\u00e7as alveolares de 25 mm de espessura. \u00c9 uma solu\u00e7\u00e3o construtiva que pode ser aplicada tanto em obras novas como de reabilita\u00e7\u00e3o. Destina-se a qualquer fachada que necessite de um revestimento fi\u00e1vel e pode ser aplicada em todo o tipo de edif\u00edcios.<\/div>\n<div style=\"text-align: justify\">&nbsp;<\/div>\n<div style=\"text-align: justify\"><strong>Legenda da Figura 5:<\/strong> Empresa Preceram Tijolo T\u00e9rmico e Ac\u00fastico Barro Vermelho Ideal para a constru\u00e7\u00e3o de paredes em alvenaria mais eficientes (a sua resist\u00eancia t\u00e9rmica \u00e9 o dobro relativa-mente \u00e0 de um tijolo tradicional equivalente), mais econ\u00f3micas, de montagem mais simples onde se exija ambientes com condi\u00e7\u00f5es t\u00e9rmicas e ac\u00fasticas est\u00e1veis e controladas.<\/div>\n<div style=\"text-align: justify\">&nbsp;<\/div>\n<div style=\"text-align: justify\"><strong>Legenda da Figura 6:<\/strong> Empresa Soladrilho Fachadas Ventiladas Barro Vermelho Face \u00e9 a solu\u00e7\u00e3o completa de fachada ventilada em cer\u00e2mica extrudida com pe\u00e7as alveolares. \u00c9 uma solu\u00e7\u00e3o construtiva que pode ser aplicada tanto em obras novas como de reabilita\u00e7\u00e3o. Destina-se a qualquer fachada que necessite de um revestimento fi\u00e1vel e pode ser aplicada em todo o tipo de edif\u00edcios.<\/div>\n<div style=\"text-align: justify\">&nbsp;<\/div>\n<div style=\"text-align: justify\"><strong>Legenda da Figura 7:<\/strong> Empresa Torreence Telha Passadeira e Ventilada Barro Vermelho Telha que complementa os acess\u00f3rios para telhados. Permite a passagem sobre as telhas, para manuten\u00e7\u00e3o das mesmas, sem partir. A ventila\u00e7\u00e3o \u00e9 feita a partir dos furos inseridos nas te-lhas para que o ar possa circular e n\u00e3o acumule humidade.<\/div>\n<div style=\"text-align: justify\">&nbsp;<\/div>\n<div style=\"text-align: justify\"><strong>Legenda da Figura 8:<\/strong> Empresa CS, Coelho da Silva Telha clarab\u00f3ia Barro Vermelho Telha que complementa os acess\u00f3rios para telhados. Permite a passagem de luz para o interior do edif\u00edcio, possibilitando a diminui\u00e7\u00e3o de recursos energ\u00e9ticos com luzes artif\u00edciais.<\/div>\n<div style=\"text-align: justify\">&nbsp;<\/div>\n<div style=\"text-align: justify\"><strong>Legenda da Figura 9:<\/strong> Empresa Pr\u00e9lis Tijolo Cofragem Barro Vermelho Ideal para a constru\u00e7\u00e3o de paredes em alvenaria com menos m\u00e3o-de-obra e com encaixe facilitado, compat\u00edvel com redu\u00e7\u00e3o de argamassas de liga\u00e7\u00e3o e com vantagem de a condutividade t\u00e9rmica final.<\/div>\n<div style=\"text-align: justify\">&nbsp;<\/div>\n<div style=\"text-align: justify\"><strong>Legenda da Figura 10:<\/strong> Empresa Recer Cole\u00e7\u00e3o NAPREC: M10X10 Gr\u00e9s porcel\u00e2nico A s\u00e9rie NAPREC recria for-mas geom\u00e9tricas, o relevo confere-lhe movimento e profundidade, os tons refor\u00e7am o car\u00e1cter actual. Renova-se assim a cer\u00e2mica mais tradicional e nasce um estilo expressivo e elegante.<\/div>\n<div style=\"text-align: justify\">&nbsp;<\/div>\n<div style=\"text-align: justify\"><strong>Legenda da Figura 11:<\/strong> Empresa Revigres DEC.DAMASK PRETO NAT. 30X60 Gr\u00e9s porcel\u00e2nico Revestimento que utiliza a t\u00e9cnica de impress\u00e3o digital sobre cer\u00e2mica, para a cria\u00e7\u00e3o de padr\u00f5es.<\/div>\n<div style=\"text-align: justify\">&nbsp;<\/div>\n<div style=\"text-align: justify\"><strong>Legenda da Figura 12:<\/strong> Empresa Love Tiles MARBLE SHAPE WHITE 35X100 Gr\u00e9s porcel\u00e2nico A avan\u00e7ada tecnologia de impress\u00e3o digital utilizada para a produ\u00e7\u00e3o desta cole\u00e7\u00e3o possibilita a interpreta\u00e7\u00e3o do m\u00e1rmore com defini\u00e7\u00e3o gr\u00e1fica, evitando a repeti\u00e7\u00e3o de padr\u00f5es. A esta cole\u00e7\u00e3o foi adicionada uma gama de decora\u00e7\u00f5es das quais destaca-mos as pe\u00e7as estruturadas.<\/div>\n<div style=\"text-align: justify\">&nbsp;<\/div>\n<div style=\"text-align: justify\"><strong>Legenda da Figura 13:<\/strong> Empresa Revigres REVICARE FLINT MARFIM NAT 30X60 cm Gr\u00e9s porcel\u00e2nico Pe\u00e7a antibateriana, sendo que o esmalte que integra a sua composi\u00e7\u00e3o interrompe o funcionamento biol\u00f3gico das bact\u00e9rias, quando entram em contacto com o produto.<\/div>\n<div style=\"text-align: justify\">&nbsp;<\/div>\n<div style=\"text-align: justify\"><strong>Legenda da Figura 14:<\/strong> Empresa Revigres REVISILENT 60X60 Gr\u00e9s porcel\u00e2nico e Corti\u00e7a Produto de gr\u00e9s porcel\u00e2nico refor\u00e7ado com uma base em corti\u00e7a, que permite um isolamento ac\u00fastico e t\u00e9rmico.<\/div>\n<div style=\"text-align: justify\">&nbsp;<\/div>\n<div style=\"text-align: justify\"><strong>Legenda da Figura 15:<\/strong> Empresa Margres Cole\u00e7\u00e3o AVENUE: 60X60 \/ 20 mm Gr\u00e9s porcel\u00e2nico A cole\u00e7\u00e3o AVENUE reinterpreta uma pedra, desenvolvida com recurso \u00e0 tecnologia de impress\u00e3o digital, que permite uma maior diversidade gr\u00e1fica. A sua superf\u00edcie \u00e9 ligeiramente estruturada de forma a poder ser utilizado no exterior e em condi\u00e7\u00f5es climat\u00e9ricas mais extremas.<\/div>\n<div style=\"text-align: justify\">&nbsp;<\/div>\n<div style=\"text-align: justify\"><strong>Legenda da Figura 16:<\/strong> Empresa Margres REVICOMFORT LOUGE ANTRACITE 60X60 Gr\u00e9s porcel\u00e2nico Pavimento em gr\u00e9s porcel\u00e2nico amov\u00edvel e reutiliz\u00e1vel.<\/div>\n<div style=\"text-align: justify\">&nbsp;<\/div>\n<div style=\"text-align: justify\"><strong>Legenda da Figura 17:<\/strong> Empresa Love Tiles KERLITE METAL CORTEN 300X100 Gr\u00e9s porcel\u00e2nico Pavimento e Revestimento. Cer\u00e2mica de porcelana fina refor\u00e7ada com base de fibra de vidro. Privilegia os grandes formatos, tornando-se resistente mas leve, plano mas flex\u00edvel, simples de cortar, perfurar e aplicar, e de f\u00e1cil limpeza.<\/div>\n<div style=\"text-align: justify\">&nbsp;<\/div>\n<div style=\"text-align: justify\"><strong>Legenda da Figura 18:<\/strong> Empresa Roca W+W 860X500X760 Porcelana Desenhado por: Gabriele &amp; Oscar Buratti Inova\u00e7\u00e3o e tecnologia juntam-se em benef\u00edcio do avan\u00e7o sustent\u00e1vel. Este conceito \u00e9 a soma de poupan\u00e7a de \u00e1gua e optimiza\u00e7\u00e3o do espa\u00e7o. O seu inova-dor sistema filtra a \u00e1gua do lavat\u00f3rio para reutiliz\u00e1-la na sanita.<\/div>\n<div style=\"text-align: justify\">&nbsp;<\/div>\n<div style=\"text-align: justify\"><strong>Legenda da Figura 19:<\/strong> Empresa(s) Grestel, Vasicol, Jomaz\u00e9 e Jomaz\u00e9 (respectivamente)<\/div>\n<div style=\"text-align: justify\">Pe\u00e7as cer\u00e2micas conjugadas com outros materiais:<\/div>\n<div style=\"text-align: justify\">&#8211; O projeto Ensemble \u00e9 a combina\u00e7\u00e3o perfeita entre Gr\u00e9s e Corti\u00e7a. Para prote\u00e7\u00e3o em uso dom\u00e9stico, o transporte de pe\u00e7as quentes do forno para a mesa ficou mais seguro com esta solu\u00e7\u00e3o pr\u00e1tica e simples, atrav\u00e9s do uso de um material amigo do ambiente.<\/div>\n<div style=\"text-align: justify\">&#8211; Contentor vidrado apenas no interior, com uma decora\u00e7\u00e3o exterior de relevo simples, e conjuga\u00e7\u00e3o com uma tampa de corti\u00e7a.<\/div>\n<div style=\"text-align: justify\">&#8211; Jarra GLASS CERAMIC TRIOLOGY LINE<\/div>\n<div style=\"text-align: justify\">&#8211; Cole\u00e7\u00e3o WOODY VASE LINE<\/div>\n<div style=\"text-align: justify\">&nbsp;<\/div>\n<div style=\"text-align: justify\"><strong>Legenda da Figura 20:<\/strong> Empresa Val do Sol Cole\u00e7\u00e3o Cila Barro Vermelho Cole\u00e7\u00e3o apenas com vidrado branco no interior e no rebordo das pe\u00e7as. Parte inferior n\u00e3o vidrada.<\/div>\n<div style=\"text-align: justify\">&nbsp;<\/div>\n<div style=\"text-align: justify\"><strong>Legenda da Figura 21:<\/strong> Empresa Val do Sol Cole\u00e7\u00e3o Reflex Barro Vermelho Produto com dupla funcionalidade, funcionando as duas travessas tamb\u00e9m como assadeira, quando em sobreposi\u00e7\u00e3o.<\/div>\n<div style=\"text-align: justify\">&nbsp;<\/div>\n<div style=\"text-align: justify\"><strong>Legenda da Figura 22:<\/strong> Empresa Vista Alegre (Fabrica Cerexport) Projeto CASA Gr\u00e9s O projeto CASA tem como objectivo estabelecer os limites de aceita\u00e7\u00e3o das propriedades do produto final, em desenvolvimento no projeto, apto para o contacto alimentar.<\/div>\n<div style=\"text-align: justify\">&nbsp;<\/div>\n<div style=\"text-align: justify\"><strong>Legenda da Figura 23:<\/strong> Empresa Vista Alegre Litofanias Porcelana Porta velas em pasta extra-branca e de espessura reduzida para real\u00e7ar translucidez.<\/div>\n<div style=\"text-align: justify\">&nbsp;<\/div>\n<div style=\"text-align: justify\"><strong>Legenda da Figura 24:<\/strong> Empresa SPAL ECODESIGN \u2013 \u00daNICA 2010 Reutiliza\u00e7\u00e3o de pasta de porcelana Designer: SPAL Studio A produ\u00e7\u00e3o de pe\u00e7as \u00e9 feita atrav\u00e9s do reaproveitamento de lamas da ETARI (Esta\u00e7\u00f5es de Tratamento de \u00c1guas Residuais Industriais). O facto destas pe\u00e7as serem vidradas alarga o seu espectro de utiliza\u00e7\u00e3o, como a possibilidade de uso alimentar, entre outros.<\/div>\n<div style=\"text-align: justify\">&nbsp;<\/div>\n<div style=\"text-align: justify\"><strong>Legenda da Figura 25:<\/strong> Empresa SPAL ECODESIGN \u2013 REMADE 2.0 \/ 2012 Porcelana, caco mo\u00eddo de porcelana, resina Epoxy e corante Materiais reciclados, concretamente caco mo\u00eddo que, no caso do pires, \u00e9 combinado com resina Epoxy e corante. No caso da ch\u00e1vena, \u00e9 utilizado como decora\u00e7\u00e3o, recordando a sua origem eco.<\/div>\n<div>&nbsp;<\/div>\n<hr>\n<div>&nbsp;<\/div>\n<p><strong><a href=\"http:\/\/sites.ipleiria.pt\/projetocp2s\/files\/2019\/01\/Artigo_Da-Ind\u00fastria-ao-Ensino.pdf\">(Consulte aqui o artigo na integra)<\/a><\/strong><\/p>\n<p>&nbsp;<\/p>\n","protected":false},"excerpt":{"rendered":"<p>&nbsp; Adriana C\u00e9sar Lia Gomes Liliana Gouveia Jos\u00e9 Frade Da Ind\u00fastria ao Ensino Introdu\u00e7\u00e3o &nbsp; &nbsp; Nos \u00faltimos anos, t\u00eam sido desenvolvidos na Uni\u00e3o Europeia regulamentos e legisla\u00e7\u00e3o orientados para o produto cer\u00e2mico. Foi aprovado, em julho de 2009, o Consumo e Produ\u00e7\u00e3o Sustent\u00e1veis como um dos dom\u00ednios de a\u00e7\u00e3o priorit\u00e1rios1. A Diretiva de Ecodesign [&hellip;]<\/p>\n","protected":false},"author":4286,"featured_media":3426,"comment_status":"open","ping_status":"open","sticky":false,"template":"","format":"standard","meta":{"footnotes":""},"categories":[111878,110974],"tags":[],"class_list":["post-3387","post","type-post","status-publish","format-standard","has-post-thumbnail","hentry","category-artigos","category-centro-de-documentacao","entry-image--landscape"],"_links":{"self":[{"href":"https:\/\/sites.ipleiria.pt\/projetocp2s\/wp-json\/wp\/v2\/posts\/3387","targetHints":{"allow":["GET"]}}],"collection":[{"href":"https:\/\/sites.ipleiria.pt\/projetocp2s\/wp-json\/wp\/v2\/posts"}],"about":[{"href":"https:\/\/sites.ipleiria.pt\/projetocp2s\/wp-json\/wp\/v2\/types\/post"}],"author":[{"embeddable":true,"href":"https:\/\/sites.ipleiria.pt\/projetocp2s\/wp-json\/wp\/v2\/users\/4286"}],"replies":[{"embeddable":true,"href":"https:\/\/sites.ipleiria.pt\/projetocp2s\/wp-json\/wp\/v2\/comments?post=3387"}],"version-history":[{"count":8,"href":"https:\/\/sites.ipleiria.pt\/projetocp2s\/wp-json\/wp\/v2\/posts\/3387\/revisions"}],"predecessor-version":[{"id":3428,"href":"https:\/\/sites.ipleiria.pt\/projetocp2s\/wp-json\/wp\/v2\/posts\/3387\/revisions\/3428"}],"wp:featuredmedia":[{"embeddable":true,"href":"https:\/\/sites.ipleiria.pt\/projetocp2s\/wp-json\/wp\/v2\/media\/3426"}],"wp:attachment":[{"href":"https:\/\/sites.ipleiria.pt\/projetocp2s\/wp-json\/wp\/v2\/media?parent=3387"}],"wp:term":[{"taxonomy":"category","embeddable":true,"href":"https:\/\/sites.ipleiria.pt\/projetocp2s\/wp-json\/wp\/v2\/categories?post=3387"},{"taxonomy":"post_tag","embeddable":true,"href":"https:\/\/sites.ipleiria.pt\/projetocp2s\/wp-json\/wp\/v2\/tags?post=3387"}],"curies":[{"name":"wp","href":"https:\/\/api.w.org\/{rel}","templated":true}]}}