{"id":3487,"date":"2019-01-22T18:30:34","date_gmt":"2019-01-22T18:30:34","guid":{"rendered":"http:\/\/sites.ipleiria.pt\/projetocp2s\/?p=3487"},"modified":"2019-03-11T17:12:37","modified_gmt":"2019-03-11T17:12:37","slug":"pastas-ceramicas","status":"publish","type":"post","link":"https:\/\/sites.ipleiria.pt\/projetocp2s\/2019\/01\/22\/pastas-ceramicas\/","title":{"rendered":"Pastas cer\u00e2micas"},"content":{"rendered":"<blockquote><p><span style=\"font-size: 14pt\">Pastas cer\u00e2micas<\/span><\/p><\/blockquote>\n<div>&nbsp;<\/div>\n<p><strong>Biografia do Autor:<\/strong><\/p>\n<div style=\"text-align: justify\">\u201cEnrique Gippini [P\u00e9rez] nasceu em 1940 em Madrid; licenciou-se em Ci\u00eancias Qu\u00edmicas em 1962 em Sevilha e come\u00e7ou a trabalhar em Cer\u00e2mica em 1964 no Instituto Eduardo Torroja de la construcci\u00f3n y del cemento [atual Instituto de Ciencias de la Construcci\u00f3n Eduardo Torroja]. Em 1965 fez os Cursos Monogr\u00e1ficos de especializa\u00e7\u00e3o no Instituto de Cer\u00e1mica y Vidrio e em 1969 proferiu a sua Tese Doutoral na Universidad de Madrid [atual Universidad Complutense de Madrid] sobre o tema <em>Contribucio\u0301n al estudio de la composicio\u0301n o\u0301ptima de las pastas cera\u0301micas<\/em> [tradu\u00e7\u00e3o livre: Contribui\u00e7\u00e3o para o estudo da composi\u00e7\u00e3o \u00f3tima das pastas cer\u00e2micas]. Doutor e ceramista dedicou-se uns dois anos aos pl\u00e1sticos, especificamente \u00e0s resinas epox\u00eddicas, para voltar \u00e0 cer\u00e2mica desta vez \u00e0 ind\u00fastria. Depois de dois anos aproximadamente num Departamento de Investiga\u00e7\u00e3o e Desenvolvimento passou a desempenhar responsabilidades diretas na Produ\u00e7\u00e3o. Na sua pr\u00f3pria opini\u00e3o o contacto com a f\u00e1brica \u00e9 aquilo que influenciou mais na sua forma\u00e7\u00e3o-voca\u00e7\u00e3o de ceramista. A dif\u00edcil interpreta\u00e7\u00e3o dos fen\u00f3menos que se produzem diariamente numa produ\u00e7\u00e3o continua \u00e0 luz da ci\u00eancia cer\u00e2mica o esfor\u00e7o constante para conseguir um melhor dom\u00ednio do complexo mundo da cer\u00e2mica industrial s\u00e3o atualmente o seu trabalho di\u00e1rio. <em>Pastas Cer\u00e1micas <\/em>\u00e9 o seu primeiro livro no acad\u00e9mico. Esperemos que n\u00e3o seja o \u00faltimo nem o melhor.<em>\u201d<\/em> (tradu\u00e7\u00e3o livre da biografia patente na obra em exposi\u00e7\u00e3o)<\/div>\n<p>&nbsp;<\/p>\n<p><strong>Resumo da Monografia:<\/strong><\/p>\n<p style=\"text-align: justify\">O autor explana a sua experiencia e opini\u00f5es sobre quest\u00f5es referentes \u00e0s pastas cer\u00e2micas, identificando o seu leitor como o ceramista com experiencia. Come\u00e7a por introduzir o leitor ao tema atrav\u00e9s de um esquema geral de fabrico das pastas cer\u00e2micas. Segue-se uma descri\u00e7\u00e3o mais pormenorizada dos processos de fabrico dessas pastas: a sua composi\u00e7\u00e3o e propriedades gerais; a defini\u00e7\u00e3o de alguns conceitos reol\u00f3gicos como plasticidade, viscosidade, tixotropia; a influencia da adi\u00e7\u00e3o de componentes eletr\u00f3litos e n\u00e3o eletr\u00f3litos e respetivos ensaios; os c\u00e1lculos necess\u00e1rios para a prepara\u00e7\u00e3o de pastas cer\u00e2micas e vidrados; a humidade \u00f3tima de compacta\u00e7\u00e3o e respetivos ensaios; os vidrados (composi\u00e7\u00e3o, formula\u00e7\u00e3o, ensaios, corre\u00e7\u00e3o das f\u00f3rmulas, carater\u00edsticas e aplica\u00e7\u00e3o); e a cozedura cer\u00e2mica, com foco na parte qu\u00edmica e f\u00edsica do processo.<\/p>\n<p>&nbsp;<\/p>\n<p style=\"text-align: center\"><span style=\"font-size: 10pt\"><img loading=\"lazy\" decoding=\"async\" class=\"alignnone wp-image-3488\" src=\"http:\/\/sites.ipleiria.pt\/projetocp2s\/files\/2019\/01\/0474_004-193x300.jpg\" alt=\"\" width=\"658\" height=\"1023\" srcset=\"https:\/\/sites.ipleiria.pt\/projetocp2s\/files\/2019\/01\/0474_004-193x300.jpg 193w, https:\/\/sites.ipleiria.pt\/projetocp2s\/files\/2019\/01\/0474_004-768x1194.jpg 768w, https:\/\/sites.ipleiria.pt\/projetocp2s\/files\/2019\/01\/0474_004-658x1024.jpg 658w, https:\/\/sites.ipleiria.pt\/projetocp2s\/files\/2019\/01\/0474_004-6x10.jpg 6w, https:\/\/sites.ipleiria.pt\/projetocp2s\/files\/2019\/01\/0474_004-432x672.jpg 432w, https:\/\/sites.ipleiria.pt\/projetocp2s\/files\/2019\/01\/0474_004-396x616.jpg 396w, https:\/\/sites.ipleiria.pt\/projetocp2s\/files\/2019\/01\/0474_004-1120x1742.jpg 1120w, https:\/\/sites.ipleiria.pt\/projetocp2s\/files\/2019\/01\/0474_004-660x1026.jpg 660w, https:\/\/sites.ipleiria.pt\/projetocp2s\/files\/2019\/01\/0474_004-141x220.jpg 141w, https:\/\/sites.ipleiria.pt\/projetocp2s\/files\/2019\/01\/0474_004.jpg 1765w\" sizes=\"auto, (max-width: 600px) 91vw, (max-width: 900px) 600px, (max-width: 1060px) 50vw, (max-width: 1200px) 520px, (max-width: 1400px) 43vw, 600px\" \/>&#8211;&nbsp;<\/span><span style=\"font-size: 10pt\">GIPPINI, Enrique &#8211; <em>Pastas cer\u00e2micas<\/em>. Madrid: Instituto Eduardo Torroja de la Construccion et del Cemento, 1979. 259 p. Obra publicada com o alto patroc\u00ednio da Sociedade Espanhola de Cer\u00e2mica. ISBN 84-7292-297-9<\/span><\/p>\n<p>&nbsp;<\/p>\n","protected":false},"excerpt":{"rendered":"<p>Pastas cer\u00e2micas &nbsp; Biografia do Autor: \u201cEnrique Gippini [P\u00e9rez] nasceu em 1940 em Madrid; licenciou-se em Ci\u00eancias Qu\u00edmicas em 1962 em Sevilha e come\u00e7ou a trabalhar em Cer\u00e2mica em 1964 no Instituto Eduardo Torroja de la construcci\u00f3n y del cemento [atual Instituto de Ciencias de la Construcci\u00f3n Eduardo Torroja]. Em 1965 fez os Cursos Monogr\u00e1ficos [&hellip;]<\/p>\n","protected":false},"author":4286,"featured_media":3488,"comment_status":"open","ping_status":"open","sticky":false,"template":"","format":"standard","meta":{"footnotes":""},"categories":[133170,111890,110974,4072,111879,111889],"tags":[],"class_list":["post-3487","post","type-post","status-publish","format-standard","has-post-thumbnail","hentry","category-biblioteca-de-um-ceramista-industrial-1880-1980","category-cencal","category-centro-de-documentacao","category-exposicoes","category-monografias","category-nucleo-4-as-novas-escolas-cencal-esad-ipt","entry-image--portrait"],"_links":{"self":[{"href":"https:\/\/sites.ipleiria.pt\/projetocp2s\/wp-json\/wp\/v2\/posts\/3487","targetHints":{"allow":["GET"]}}],"collection":[{"href":"https:\/\/sites.ipleiria.pt\/projetocp2s\/wp-json\/wp\/v2\/posts"}],"about":[{"href":"https:\/\/sites.ipleiria.pt\/projetocp2s\/wp-json\/wp\/v2\/types\/post"}],"author":[{"embeddable":true,"href":"https:\/\/sites.ipleiria.pt\/projetocp2s\/wp-json\/wp\/v2\/users\/4286"}],"replies":[{"embeddable":true,"href":"https:\/\/sites.ipleiria.pt\/projetocp2s\/wp-json\/wp\/v2\/comments?post=3487"}],"version-history":[{"count":2,"href":"https:\/\/sites.ipleiria.pt\/projetocp2s\/wp-json\/wp\/v2\/posts\/3487\/revisions"}],"predecessor-version":[{"id":3494,"href":"https:\/\/sites.ipleiria.pt\/projetocp2s\/wp-json\/wp\/v2\/posts\/3487\/revisions\/3494"}],"wp:featuredmedia":[{"embeddable":true,"href":"https:\/\/sites.ipleiria.pt\/projetocp2s\/wp-json\/wp\/v2\/media\/3488"}],"wp:attachment":[{"href":"https:\/\/sites.ipleiria.pt\/projetocp2s\/wp-json\/wp\/v2\/media?parent=3487"}],"wp:term":[{"taxonomy":"category","embeddable":true,"href":"https:\/\/sites.ipleiria.pt\/projetocp2s\/wp-json\/wp\/v2\/categories?post=3487"},{"taxonomy":"post_tag","embeddable":true,"href":"https:\/\/sites.ipleiria.pt\/projetocp2s\/wp-json\/wp\/v2\/tags?post=3487"}],"curies":[{"name":"wp","href":"https:\/\/api.w.org\/{rel}","templated":true}]}}