{"id":3497,"date":"2019-01-23T11:59:12","date_gmt":"2019-01-23T11:59:12","guid":{"rendered":"http:\/\/sites.ipleiria.pt\/projetocp2s\/?p=3497"},"modified":"2019-03-11T17:13:28","modified_gmt":"2019-03-11T17:13:28","slug":"tecnica-de-la-ceramica","status":"publish","type":"post","link":"https:\/\/sites.ipleiria.pt\/projetocp2s\/2019\/01\/23\/tecnica-de-la-ceramica\/","title":{"rendered":"T\u00e9cnica de la Cer\u00e1mica"},"content":{"rendered":"<blockquote><p><span style=\"font-size: 14pt\">T\u00e9cnica de la Cer\u00e1mica<\/span><\/p><\/blockquote>\n<div>&nbsp;<\/div>\n<p><strong>Biografia do Autor:<\/strong><\/p>\n<div style=\"text-align: justify\">Peder Terkelsen Hald (04.12.1892 \u2013 07.06.1987) foi um engenheiro civil, pintor, escultor e ceramista dinamarqu\u00eas. Tirou o mestrado em Ci\u00eancias na Polytekniske L\u00e6reanstalt (atual Danmarks Tekniske Universitet, Universidade T\u00e9cnica da Dinamarca) em 1917, e, nesse mesmo ano, foi estudante do pintor Harald Giersing. Foi engenheiro numa f\u00e1brica de \u00e1cido sulf\u00farico e superfosfato em Mundelstrup em 1919. Hald foi professor associado e chefe do laborat\u00f3rio t\u00e9cnico de cor da Royal Danish Academy of Fine Arts entre 1925-63, onde lecionou tecnologia de cor. Entretanto, em 1960, foi assistente art\u00edstico na f\u00e1brica de cer\u00e2mica Michael Andersen &amp; S\u00f8n (R\u00f8nne). A sua liga\u00e7\u00e3o \u00e0s artes e \u00e0 cor foi retomada aquando do apoio que recebeu do Technical Chemistry Fund para proceder a estudos sobre cores de \u00f3leo. Participou em in\u00fameras exposi\u00e7\u00f5es, a t\u00edtulo individual e coletivo, tanto de pintura como de escultura, estas especialmente de animais, entre 1920 e 1977. Publicou obras sobre pintura e t\u00e9cnica de pintura, dedicando uma \u00e0 aguarela, e sobre t\u00e9cnica de cer\u00e2mica (obra em exposi\u00e7\u00e3o). Montou a sua pr\u00f3pria oficina de cer\u00e2mica em 1943. Trabalhou sob os ausp\u00edcios da ONU em m\u00faltiplas ocasi\u00f5es: em 1954, foi enviado para Yangon (Birm\u00e2nia) para montar e operar uma esta\u00e7\u00e3o de pesquisa de cer\u00e2mica; em 1957, protagonizou a mesma miss\u00e3o nas Filipinas; e em 1963, foi restaurar a antiga tecnologia da cer\u00e2mica inca no Peru. A\u00ed, foi chefe do laborat\u00f3rio de cer\u00e2mica e professor honor\u00e1rio na Universidad Nacional de San Crist\u00f3bal de Huamanga entre 1964-65.<\/div>\n<p>&nbsp;<\/p>\n<p><strong>Resumo da Monografia:<\/strong><\/p>\n<p style=\"text-align: justify\">Esta obra funcional como um manual de t\u00e9cnica e qu\u00edmica na cer\u00e2mica para a ind\u00fastria, o ensino e artistas. Come\u00e7a por apresentar a parte da qu\u00edmica, com especial foco nos materiais considerados b\u00e1sicos no desenvolvimento da cer\u00e2mica, seguindo-se a parte da cer\u00e2mica, onde \u00e9 descrito as carater\u00edsticas, an\u00e1lises e ensaios, t\u00e9cnicas, tecnologias e ferramentas da cer\u00e2mica, tanto das pastas como dos vidrados.<\/p>\n<p>&nbsp;<\/p>\n<p style=\"text-align: center\"><span style=\"font-size: 10pt\"><img loading=\"lazy\" decoding=\"async\" class=\"alignnone  wp-image-3498\" src=\"http:\/\/sites.ipleiria.pt\/projetocp2s\/files\/2019\/01\/0475_001-204x300.jpg\" alt=\"\" width=\"698\" height=\"1026\" srcset=\"https:\/\/sites.ipleiria.pt\/projetocp2s\/files\/2019\/01\/0475_001-204x300.jpg 204w, https:\/\/sites.ipleiria.pt\/projetocp2s\/files\/2019\/01\/0475_001-768x1128.jpg 768w, https:\/\/sites.ipleiria.pt\/projetocp2s\/files\/2019\/01\/0475_001-697x1024.jpg 697w, https:\/\/sites.ipleiria.pt\/projetocp2s\/files\/2019\/01\/0475_001-7x10.jpg 7w, https:\/\/sites.ipleiria.pt\/projetocp2s\/files\/2019\/01\/0475_001-432x634.jpg 432w, https:\/\/sites.ipleiria.pt\/projetocp2s\/files\/2019\/01\/0475_001-396x581.jpg 396w, https:\/\/sites.ipleiria.pt\/projetocp2s\/files\/2019\/01\/0475_001-1120x1644.jpg 1120w, https:\/\/sites.ipleiria.pt\/projetocp2s\/files\/2019\/01\/0475_001-660x969.jpg 660w, https:\/\/sites.ipleiria.pt\/projetocp2s\/files\/2019\/01\/0475_001-150x220.jpg 150w, https:\/\/sites.ipleiria.pt\/projetocp2s\/files\/2019\/01\/0475_001.jpg 1835w\" sizes=\"auto, (max-width: 600px) 91vw, (max-width: 900px) 600px, (max-width: 1060px) 50vw, (max-width: 1200px) 520px, (max-width: 1400px) 43vw, 600px\" \/>&#8211;&nbsp;<\/span><span style=\"font-size: 10pt\">HALD, Peder &#8211; <em>T\u00e9cnica de la Cer\u00e1mica<\/em>. 3\u00aa ed. Barcelona: Ediciones Omega, cop. 1977. 319 p. ISBN 84-282-0365-2<\/span><\/p>\n<p>&nbsp;<\/p>\n","protected":false},"excerpt":{"rendered":"<p>T\u00e9cnica de la Cer\u00e1mica &nbsp; Biografia do Autor: Peder Terkelsen Hald (04.12.1892 \u2013 07.06.1987) foi um engenheiro civil, pintor, escultor e ceramista dinamarqu\u00eas. Tirou o mestrado em Ci\u00eancias na Polytekniske L\u00e6reanstalt (atual Danmarks Tekniske Universitet, Universidade T\u00e9cnica da Dinamarca) em 1917, e, nesse mesmo ano, foi estudante do pintor Harald Giersing. Foi engenheiro numa f\u00e1brica [&hellip;]<\/p>\n","protected":false},"author":4286,"featured_media":3498,"comment_status":"open","ping_status":"open","sticky":false,"template":"","format":"standard","meta":{"footnotes":""},"categories":[133170,111890,110974,4072,111879,111889],"tags":[],"class_list":["post-3497","post","type-post","status-publish","format-standard","has-post-thumbnail","hentry","category-biblioteca-de-um-ceramista-industrial-1880-1980","category-cencal","category-centro-de-documentacao","category-exposicoes","category-monografias","category-nucleo-4-as-novas-escolas-cencal-esad-ipt","entry-image--portrait"],"_links":{"self":[{"href":"https:\/\/sites.ipleiria.pt\/projetocp2s\/wp-json\/wp\/v2\/posts\/3497","targetHints":{"allow":["GET"]}}],"collection":[{"href":"https:\/\/sites.ipleiria.pt\/projetocp2s\/wp-json\/wp\/v2\/posts"}],"about":[{"href":"https:\/\/sites.ipleiria.pt\/projetocp2s\/wp-json\/wp\/v2\/types\/post"}],"author":[{"embeddable":true,"href":"https:\/\/sites.ipleiria.pt\/projetocp2s\/wp-json\/wp\/v2\/users\/4286"}],"replies":[{"embeddable":true,"href":"https:\/\/sites.ipleiria.pt\/projetocp2s\/wp-json\/wp\/v2\/comments?post=3497"}],"version-history":[{"count":1,"href":"https:\/\/sites.ipleiria.pt\/projetocp2s\/wp-json\/wp\/v2\/posts\/3497\/revisions"}],"predecessor-version":[{"id":3499,"href":"https:\/\/sites.ipleiria.pt\/projetocp2s\/wp-json\/wp\/v2\/posts\/3497\/revisions\/3499"}],"wp:featuredmedia":[{"embeddable":true,"href":"https:\/\/sites.ipleiria.pt\/projetocp2s\/wp-json\/wp\/v2\/media\/3498"}],"wp:attachment":[{"href":"https:\/\/sites.ipleiria.pt\/projetocp2s\/wp-json\/wp\/v2\/media?parent=3497"}],"wp:term":[{"taxonomy":"category","embeddable":true,"href":"https:\/\/sites.ipleiria.pt\/projetocp2s\/wp-json\/wp\/v2\/categories?post=3497"},{"taxonomy":"post_tag","embeddable":true,"href":"https:\/\/sites.ipleiria.pt\/projetocp2s\/wp-json\/wp\/v2\/tags?post=3497"}],"curies":[{"name":"wp","href":"https:\/\/api.w.org\/{rel}","templated":true}]}}