{"id":3500,"date":"2019-01-23T12:12:11","date_gmt":"2019-01-23T12:12:11","guid":{"rendered":"http:\/\/sites.ipleiria.pt\/projetocp2s\/?p=3500"},"modified":"2019-03-11T17:13:45","modified_gmt":"2019-03-11T17:13:45","slug":"la-smaltatura","status":"publish","type":"post","link":"https:\/\/sites.ipleiria.pt\/projetocp2s\/2019\/01\/23\/la-smaltatura\/","title":{"rendered":"La smaltatura"},"content":{"rendered":"<blockquote><p><span style=\"font-size: 14pt\">La smaltatura: delle piastrelle di cer\u00e2mica<\/span><\/p><\/blockquote>\n<div>&nbsp;<\/div>\n<p><strong>Biografia do Autor:<\/strong><\/p>\n<div style=\"text-align: justify\">Sociedade Italiana de Cer\u00e2mica \u2013 Assiceram.<\/div>\n<p>&nbsp;<\/p>\n<p><strong>Resumo da Monografia:<\/strong><\/p>\n<p style=\"text-align: justify\">A presente obra deriva da extens\u00e3o de um curso de atualiza\u00e7\u00e3o sobre vidrados realizado na Delega\u00e7\u00e3o de Sassuolo da Sociedade Italiana de Cer\u00e2mica \u2013 Assiceram entre 1977-79, dedicada \u00e0 vidragem de ladrilhos de cer\u00e2mica no contexto industrial. Ap\u00f3s a defini\u00e7\u00e3o, classifica\u00e7\u00e3o e categoriza\u00e7\u00e3o dos conceitos-base (ladrilhos e vidrado), segue-se a explora\u00e7\u00e3o desses conceitos num ambiente fabril: a caracteriza\u00e7\u00e3o da sec\u00e7\u00e3o de vidragem, a alimenta\u00e7\u00e3o da linha de vidragem e a prepara\u00e7\u00e3o do suporte, as t\u00e9cnicas de aplica\u00e7\u00e3o, a decora\u00e7\u00e3o serigr\u00e1fica, o acabamento e descarga da linha de vidragem, os acess\u00f3rios da linha de vidragem, sugest\u00f5es para prote\u00e7\u00e3o contra acidentes e polui\u00e7\u00e3o no local de trabalho, e a organiza\u00e7\u00e3o da sec\u00e7\u00e3o (para f\u00e1bricas que queiram incluir uma sec\u00e7\u00e3o de vidragem).<\/p>\n<p>&nbsp;<\/p>\n<p style=\"text-align: center\"><span style=\"font-size: 10pt\"><img loading=\"lazy\" decoding=\"async\" class=\"alignnone  wp-image-3501\" src=\"http:\/\/sites.ipleiria.pt\/projetocp2s\/files\/2019\/01\/0475_002-209x300.jpg\" alt=\"\" width=\"717\" height=\"1029\" srcset=\"https:\/\/sites.ipleiria.pt\/projetocp2s\/files\/2019\/01\/0475_002-209x300.jpg 209w, https:\/\/sites.ipleiria.pt\/projetocp2s\/files\/2019\/01\/0475_002-7x10.jpg 7w, https:\/\/sites.ipleiria.pt\/projetocp2s\/files\/2019\/01\/0475_002-432x621.jpg 432w, https:\/\/sites.ipleiria.pt\/projetocp2s\/files\/2019\/01\/0475_002-396x569.jpg 396w, https:\/\/sites.ipleiria.pt\/projetocp2s\/files\/2019\/01\/0475_002-153x220.jpg 153w\" sizes=\"auto, (max-width: 600px) 91vw, (max-width: 900px) 600px, (max-width: 1060px) 50vw, (max-width: 1200px) 520px, (max-width: 1400px) 43vw, 600px\" \/>&#8211; Societa\u0300 Italiana per la Ceramica-Assiceram &#8211; <em>La smaltatura: delle piastrelle di cer\u00e2mica<\/em>. 1\u00aa ed. reimpr. Faenza: Faenza Editrice, 1983. viii, 276 p.<\/span><\/p>\n<p>&nbsp;<\/p>\n","protected":false},"excerpt":{"rendered":"<p>La smaltatura: delle piastrelle di cer\u00e2mica &nbsp; Biografia do Autor: Sociedade Italiana de Cer\u00e2mica \u2013 Assiceram. &nbsp; Resumo da Monografia: A presente obra deriva da extens\u00e3o de um curso de atualiza\u00e7\u00e3o sobre vidrados realizado na Delega\u00e7\u00e3o de Sassuolo da Sociedade Italiana de Cer\u00e2mica \u2013 Assiceram entre 1977-79, dedicada \u00e0 vidragem de ladrilhos de cer\u00e2mica no [&hellip;]<\/p>\n","protected":false},"author":4286,"featured_media":3501,"comment_status":"open","ping_status":"open","sticky":false,"template":"","format":"standard","meta":{"footnotes":""},"categories":[133170,111890,110974,4072,111879,111889],"tags":[],"class_list":["post-3500","post","type-post","status-publish","format-standard","has-post-thumbnail","hentry","category-biblioteca-de-um-ceramista-industrial-1880-1980","category-cencal","category-centro-de-documentacao","category-exposicoes","category-monografias","category-nucleo-4-as-novas-escolas-cencal-esad-ipt","entry-image--portrait"],"_links":{"self":[{"href":"https:\/\/sites.ipleiria.pt\/projetocp2s\/wp-json\/wp\/v2\/posts\/3500","targetHints":{"allow":["GET"]}}],"collection":[{"href":"https:\/\/sites.ipleiria.pt\/projetocp2s\/wp-json\/wp\/v2\/posts"}],"about":[{"href":"https:\/\/sites.ipleiria.pt\/projetocp2s\/wp-json\/wp\/v2\/types\/post"}],"author":[{"embeddable":true,"href":"https:\/\/sites.ipleiria.pt\/projetocp2s\/wp-json\/wp\/v2\/users\/4286"}],"replies":[{"embeddable":true,"href":"https:\/\/sites.ipleiria.pt\/projetocp2s\/wp-json\/wp\/v2\/comments?post=3500"}],"version-history":[{"count":1,"href":"https:\/\/sites.ipleiria.pt\/projetocp2s\/wp-json\/wp\/v2\/posts\/3500\/revisions"}],"predecessor-version":[{"id":3502,"href":"https:\/\/sites.ipleiria.pt\/projetocp2s\/wp-json\/wp\/v2\/posts\/3500\/revisions\/3502"}],"wp:featuredmedia":[{"embeddable":true,"href":"https:\/\/sites.ipleiria.pt\/projetocp2s\/wp-json\/wp\/v2\/media\/3501"}],"wp:attachment":[{"href":"https:\/\/sites.ipleiria.pt\/projetocp2s\/wp-json\/wp\/v2\/media?parent=3500"}],"wp:term":[{"taxonomy":"category","embeddable":true,"href":"https:\/\/sites.ipleiria.pt\/projetocp2s\/wp-json\/wp\/v2\/categories?post=3500"},{"taxonomy":"post_tag","embeddable":true,"href":"https:\/\/sites.ipleiria.pt\/projetocp2s\/wp-json\/wp\/v2\/tags?post=3500"}],"curies":[{"name":"wp","href":"https:\/\/api.w.org\/{rel}","templated":true}]}}