{"id":3574,"date":"2015-03-10T15:30:29","date_gmt":"2015-03-10T15:30:29","guid":{"rendered":"http:\/\/sites.ipleiria.pt\/projetocp2s\/?p=3574"},"modified":"2019-01-28T15:35:03","modified_gmt":"2019-01-28T15:35:03","slug":"dissertacao-de-mestrado-de-eneida-tavares-raiz","status":"publish","type":"post","link":"https:\/\/sites.ipleiria.pt\/projetocp2s\/2015\/03\/10\/dissertacao-de-mestrado-de-eneida-tavares-raiz\/","title":{"rendered":"Disserta\u00e7\u00e3o de Mestrado de Eneida Tavares &#8211; Raiz"},"content":{"rendered":"<blockquote>\n<div><span style=\"font-size: 14pt\">Mestrado em Design de Produto<\/span><\/div>\n<p><span style=\"font-size: 10pt\">Escola Superior de Artes e Design das Caldas da Rainha<\/span><\/p>\n<p>&nbsp;<\/p><\/blockquote>\n<table style=\"width: 558px\" width=\"620\">\n<tbody>\n<tr>\n<td style=\"width: 146px\"><strong>T\u00edtulo:&nbsp;<\/strong><\/td>\n<td style=\"width: 412px\">Raiz<\/td>\n<\/tr>\n<tr>\n<td style=\"width: 146px\"><strong>Autor:&nbsp;<\/strong><\/td>\n<td style=\"width: 412px\">Tavares, Eneida Cunha Gomes Marta<\/td>\n<\/tr>\n<tr>\n<td style=\"width: 146px\"><strong>Orientador:&nbsp;<\/strong><\/td>\n<td style=\"width: 412px\">Pires, Fernando Al\u00edpio Br\u00edzio<\/td>\n<\/tr>\n<tr>\n<td style=\"width: 146px\"><strong>Palavras-chave:&nbsp;<\/strong><\/td>\n<td style=\"width: 412px\">Design<br \/>\nRefer\u00eancias<br \/>\nIdentidade<br \/>\nInterculturalismo<br \/>\n\u00c1frica<br \/>\nDi\u00e1spora<br \/>\nFam\u00edlia<br \/>\nCestaria<\/td>\n<\/tr>\n<tr>\n<td style=\"width: 146px\"><strong>Data de Defesa:&nbsp;<\/strong><\/td>\n<td style=\"width: 412px\">10-Mar-2015<\/td>\n<\/tr>\n<tr>\n<td style=\"width: 146px\"><strong>Resumo:&nbsp;<\/strong><\/td>\n<td style=\"width: 412px\">\n<p style=\"text-align: justify\">O projecto Raiz vai \u00e0 procura daquilo que s\u00e3o as minhas ra\u00edzes africanas e da forma como estas poder\u00e3o contribuir para o meu trabalho enquanto designer. Nele parto das cores, texturas, t\u00e9cnicas artesanais, gestos, h\u00e1bitos e viv\u00eancias do quotidiano, como est\u00edmulos para criar objectos, que n\u00e3o s\u00e3o mais do que a fus\u00e3o do contexto ocidental em que nasci e cresci, com as refer\u00eancias africanas (Angola e Cabo Verde) que fui conhecendo \u00e0 dist\u00e2ncia atrav\u00e9s dos meus familiares. O projecto procura desenvolver e projectar objectos que reflictam esse interc\u00e2mbio cultural e que misturem o que \u00e9 pr\u00f3ximo com o que \u00e9 long\u00ednquo. Este projecto \u00e9, em suma, um processo de procura da minha identidade.<\/p>\n<\/td>\n<\/tr>\n<tr>\n<td style=\"width: 146px\"><strong>URI:&nbsp;<\/strong><\/td>\n<td style=\"width: 412px\"><a href=\"http:\/\/hdl.handle.net\/10400.8\/1654\">http:\/\/hdl.handle.net\/10400.8\/1654<\/a><\/td>\n<\/tr>\n<\/tbody>\n<\/table>\n<p>&nbsp;<\/p>\n<p><img loading=\"lazy\" decoding=\"async\" class=\"alignnone wp-image-611\" src=\"http:\/\/sites.ipleiria.pt\/projetocp2s\/files\/2018\/07\/CARUMAC3-215x300.jpg\" alt=\"\" width=\"816\" height=\"1139\" srcset=\"https:\/\/sites.ipleiria.pt\/projetocp2s\/files\/2018\/07\/CARUMAC3-215x300.jpg 215w, https:\/\/sites.ipleiria.pt\/projetocp2s\/files\/2018\/07\/CARUMAC3-7x10.jpg 7w, https:\/\/sites.ipleiria.pt\/projetocp2s\/files\/2018\/07\/CARUMAC3-432x602.jpg 432w, https:\/\/sites.ipleiria.pt\/projetocp2s\/files\/2018\/07\/CARUMAC3-158x220.jpg 158w\" sizes=\"auto, (max-width: 600px) 91vw, (max-width: 900px) 600px, (max-width: 1060px) 50vw, (max-width: 1200px) 520px, (max-width: 1400px) 43vw, 600px\" \/> <img loading=\"lazy\" decoding=\"async\" class=\"alignnone wp-image-609\" src=\"http:\/\/sites.ipleiria.pt\/projetocp2s\/files\/2018\/07\/18-300x221.jpg\" alt=\"\" width=\"814\" height=\"600\" srcset=\"https:\/\/sites.ipleiria.pt\/projetocp2s\/files\/2018\/07\/18-300x221.jpg 300w, https:\/\/sites.ipleiria.pt\/projetocp2s\/files\/2018\/07\/18-768x567.jpg 768w, https:\/\/sites.ipleiria.pt\/projetocp2s\/files\/2018\/07\/18-1024x755.jpg 1024w, https:\/\/sites.ipleiria.pt\/projetocp2s\/files\/2018\/07\/18-10x7.jpg 10w, https:\/\/sites.ipleiria.pt\/projetocp2s\/files\/2018\/07\/18-432x319.jpg 432w, https:\/\/sites.ipleiria.pt\/projetocp2s\/files\/2018\/07\/18-396x292.jpg 396w, https:\/\/sites.ipleiria.pt\/projetocp2s\/files\/2018\/07\/18-1120x826.jpg 1120w, https:\/\/sites.ipleiria.pt\/projetocp2s\/files\/2018\/07\/18-660x487.jpg 660w, https:\/\/sites.ipleiria.pt\/projetocp2s\/files\/2018\/07\/18-298x220.jpg 298w\" sizes=\"auto, (max-width: 600px) 91vw, (max-width: 900px) 600px, (max-width: 1060px) 50vw, (max-width: 1200px) 520px, (max-width: 1400px) 43vw, 600px\" \/> <img loading=\"lazy\" decoding=\"async\" class=\"alignnone wp-image-605\" src=\"http:\/\/sites.ipleiria.pt\/projetocp2s\/files\/2018\/07\/7-300x181.jpg\" alt=\"\" width=\"686\" height=\"414\" srcset=\"https:\/\/sites.ipleiria.pt\/projetocp2s\/files\/2018\/07\/7-300x181.jpg 300w, https:\/\/sites.ipleiria.pt\/projetocp2s\/files\/2018\/07\/7-768x463.jpg 768w, https:\/\/sites.ipleiria.pt\/projetocp2s\/files\/2018\/07\/7-1024x617.jpg 1024w, https:\/\/sites.ipleiria.pt\/projetocp2s\/files\/2018\/07\/7-10x6.jpg 10w, https:\/\/sites.ipleiria.pt\/projetocp2s\/files\/2018\/07\/7-432x261.jpg 432w, https:\/\/sites.ipleiria.pt\/projetocp2s\/files\/2018\/07\/7-396x239.jpg 396w, https:\/\/sites.ipleiria.pt\/projetocp2s\/files\/2018\/07\/7-1120x675.jpg 1120w, https:\/\/sites.ipleiria.pt\/projetocp2s\/files\/2018\/07\/7-660x398.jpg 660w, https:\/\/sites.ipleiria.pt\/projetocp2s\/files\/2018\/07\/7-365x220.jpg 365w\" sizes=\"auto, (max-width: 600px) 91vw, (max-width: 900px) 600px, (max-width: 1060px) 50vw, (max-width: 1200px) 520px, (max-width: 1400px) 43vw, 600px\" \/> <img loading=\"lazy\" decoding=\"async\" class=\"alignnone wp-image-607\" src=\"http:\/\/sites.ipleiria.pt\/projetocp2s\/files\/2018\/07\/9-1-300x209.jpg\" alt=\"\" width=\"708\" height=\"493\" srcset=\"https:\/\/sites.ipleiria.pt\/projetocp2s\/files\/2018\/07\/9-1-300x209.jpg 300w, https:\/\/sites.ipleiria.pt\/projetocp2s\/files\/2018\/07\/9-1-768x536.jpg 768w, https:\/\/sites.ipleiria.pt\/projetocp2s\/files\/2018\/07\/9-1-1024x714.jpg 1024w, https:\/\/sites.ipleiria.pt\/projetocp2s\/files\/2018\/07\/9-1-10x7.jpg 10w, https:\/\/sites.ipleiria.pt\/projetocp2s\/files\/2018\/07\/9-1-432x301.jpg 432w, https:\/\/sites.ipleiria.pt\/projetocp2s\/files\/2018\/07\/9-1-396x276.jpg 396w, https:\/\/sites.ipleiria.pt\/projetocp2s\/files\/2018\/07\/9-1-1120x781.jpg 1120w, https:\/\/sites.ipleiria.pt\/projetocp2s\/files\/2018\/07\/9-1-660x460.jpg 660w, https:\/\/sites.ipleiria.pt\/projetocp2s\/files\/2018\/07\/9-1-315x220.jpg 315w\" sizes=\"auto, (max-width: 600px) 91vw, (max-width: 900px) 600px, (max-width: 1060px) 50vw, (max-width: 1200px) 520px, (max-width: 1400px) 43vw, 600px\" \/> <img loading=\"lazy\" decoding=\"async\" class=\"alignnone wp-image-606\" src=\"http:\/\/sites.ipleiria.pt\/projetocp2s\/files\/2018\/07\/8-300x197.jpg\" alt=\"\" width=\"787\" height=\"517\" srcset=\"https:\/\/sites.ipleiria.pt\/projetocp2s\/files\/2018\/07\/8-300x197.jpg 300w, https:\/\/sites.ipleiria.pt\/projetocp2s\/files\/2018\/07\/8-1024x671.jpg 1024w, https:\/\/sites.ipleiria.pt\/projetocp2s\/files\/2018\/07\/8-10x7.jpg 10w, https:\/\/sites.ipleiria.pt\/projetocp2s\/files\/2018\/07\/8-432x283.jpg 432w, https:\/\/sites.ipleiria.pt\/projetocp2s\/files\/2018\/07\/8-396x260.jpg 396w, https:\/\/sites.ipleiria.pt\/projetocp2s\/files\/2018\/07\/8-1120x734.jpg 1120w, https:\/\/sites.ipleiria.pt\/projetocp2s\/files\/2018\/07\/8-660x433.jpg 660w, https:\/\/sites.ipleiria.pt\/projetocp2s\/files\/2018\/07\/8-336x220.jpg 336w, https:\/\/sites.ipleiria.pt\/projetocp2s\/files\/2018\/07\/8.jpg 1666w\" sizes=\"auto, (max-width: 600px) 91vw, (max-width: 900px) 600px, (max-width: 1060px) 50vw, (max-width: 1200px) 520px, (max-width: 1400px) 43vw, 600px\" \/> <img loading=\"lazy\" decoding=\"async\" class=\"alignnone wp-image-610\" src=\"http:\/\/sites.ipleiria.pt\/projetocp2s\/files\/2018\/07\/19-200x300.jpg\" alt=\"\" width=\"787\" height=\"1181\" srcset=\"https:\/\/sites.ipleiria.pt\/projetocp2s\/files\/2018\/07\/19-200x300.jpg 200w, https:\/\/sites.ipleiria.pt\/projetocp2s\/files\/2018\/07\/19-768x1152.jpg 768w, https:\/\/sites.ipleiria.pt\/projetocp2s\/files\/2018\/07\/19-683x1024.jpg 683w, https:\/\/sites.ipleiria.pt\/projetocp2s\/files\/2018\/07\/19-7x10.jpg 7w, https:\/\/sites.ipleiria.pt\/projetocp2s\/files\/2018\/07\/19-432x648.jpg 432w, https:\/\/sites.ipleiria.pt\/projetocp2s\/files\/2018\/07\/19-396x594.jpg 396w, https:\/\/sites.ipleiria.pt\/projetocp2s\/files\/2018\/07\/19-1120x1680.jpg 1120w, https:\/\/sites.ipleiria.pt\/projetocp2s\/files\/2018\/07\/19-660x990.jpg 660w, https:\/\/sites.ipleiria.pt\/projetocp2s\/files\/2018\/07\/19-147x220.jpg 147w\" sizes=\"auto, (max-width: 600px) 91vw, (max-width: 900px) 600px, (max-width: 1060px) 50vw, (max-width: 1200px) 520px, (max-width: 1400px) 43vw, 600px\" \/> <img loading=\"lazy\" decoding=\"async\" class=\"alignnone wp-image-604\" src=\"http:\/\/sites.ipleiria.pt\/projetocp2s\/files\/2018\/07\/1-1-300x199.jpg\" alt=\"\" width=\"758\" height=\"503\" srcset=\"https:\/\/sites.ipleiria.pt\/projetocp2s\/files\/2018\/07\/1-1-300x199.jpg 300w, https:\/\/sites.ipleiria.pt\/projetocp2s\/files\/2018\/07\/1-1-768x510.jpg 768w, https:\/\/sites.ipleiria.pt\/projetocp2s\/files\/2018\/07\/1-1-1024x681.jpg 1024w, https:\/\/sites.ipleiria.pt\/projetocp2s\/files\/2018\/07\/1-1-10x7.jpg 10w, https:\/\/sites.ipleiria.pt\/projetocp2s\/files\/2018\/07\/1-1-432x287.jpg 432w, https:\/\/sites.ipleiria.pt\/projetocp2s\/files\/2018\/07\/1-1-396x263.jpg 396w, https:\/\/sites.ipleiria.pt\/projetocp2s\/files\/2018\/07\/1-1-1120x744.jpg 1120w, https:\/\/sites.ipleiria.pt\/projetocp2s\/files\/2018\/07\/1-1-660x439.jpg 660w, https:\/\/sites.ipleiria.pt\/projetocp2s\/files\/2018\/07\/1-1-331x220.jpg 331w, https:\/\/sites.ipleiria.pt\/projetocp2s\/files\/2018\/07\/1-1.jpg 2048w\" sizes=\"auto, (max-width: 600px) 91vw, (max-width: 900px) 600px, (max-width: 1060px) 50vw, (max-width: 1200px) 520px, (max-width: 1400px) 43vw, 600px\" \/><\/p>\n<p>&nbsp;<\/p>\n","protected":false},"excerpt":{"rendered":"<p>Mestrado em Design de Produto Escola Superior de Artes e Design das Caldas da Rainha &nbsp; T\u00edtulo:&nbsp; Raiz Autor:&nbsp; Tavares, Eneida Cunha Gomes Marta Orientador:&nbsp; Pires, Fernando Al\u00edpio Br\u00edzio Palavras-chave:&nbsp; Design Refer\u00eancias Identidade Interculturalismo \u00c1frica Di\u00e1spora Fam\u00edlia Cestaria Data de Defesa:&nbsp; 10-Mar-2015 Resumo:&nbsp; O projecto Raiz vai \u00e0 procura daquilo que s\u00e3o as minhas ra\u00edzes [&hellip;]<\/p>\n","protected":false},"author":4286,"featured_media":611,"comment_status":"open","ping_status":"open","sticky":false,"template":"","format":"standard","meta":{"footnotes":""},"categories":[110974,111883],"tags":[],"class_list":["post-3574","post","type-post","status-publish","format-standard","has-post-thumbnail","hentry","category-centro-de-documentacao","category-dissertacoes","entry-image--portrait"],"_links":{"self":[{"href":"https:\/\/sites.ipleiria.pt\/projetocp2s\/wp-json\/wp\/v2\/posts\/3574","targetHints":{"allow":["GET"]}}],"collection":[{"href":"https:\/\/sites.ipleiria.pt\/projetocp2s\/wp-json\/wp\/v2\/posts"}],"about":[{"href":"https:\/\/sites.ipleiria.pt\/projetocp2s\/wp-json\/wp\/v2\/types\/post"}],"author":[{"embeddable":true,"href":"https:\/\/sites.ipleiria.pt\/projetocp2s\/wp-json\/wp\/v2\/users\/4286"}],"replies":[{"embeddable":true,"href":"https:\/\/sites.ipleiria.pt\/projetocp2s\/wp-json\/wp\/v2\/comments?post=3574"}],"version-history":[{"count":2,"href":"https:\/\/sites.ipleiria.pt\/projetocp2s\/wp-json\/wp\/v2\/posts\/3574\/revisions"}],"predecessor-version":[{"id":3576,"href":"https:\/\/sites.ipleiria.pt\/projetocp2s\/wp-json\/wp\/v2\/posts\/3574\/revisions\/3576"}],"wp:featuredmedia":[{"embeddable":true,"href":"https:\/\/sites.ipleiria.pt\/projetocp2s\/wp-json\/wp\/v2\/media\/611"}],"wp:attachment":[{"href":"https:\/\/sites.ipleiria.pt\/projetocp2s\/wp-json\/wp\/v2\/media?parent=3574"}],"wp:term":[{"taxonomy":"category","embeddable":true,"href":"https:\/\/sites.ipleiria.pt\/projetocp2s\/wp-json\/wp\/v2\/categories?post=3574"},{"taxonomy":"post_tag","embeddable":true,"href":"https:\/\/sites.ipleiria.pt\/projetocp2s\/wp-json\/wp\/v2\/tags?post=3574"}],"curies":[{"name":"wp","href":"https:\/\/api.w.org\/{rel}","templated":true}]}}