{"id":3613,"date":"2018-01-03T17:46:46","date_gmt":"2018-01-03T17:46:46","guid":{"rendered":"http:\/\/sites.ipleiria.pt\/projetocp2s\/?p=3613"},"modified":"2019-01-28T17:47:23","modified_gmt":"2019-01-28T17:47:23","slug":"dissertacao-de-mestrado-de-luis-ascenso-caldas-da-rainha-e-as-conexoes-com-a-ceramica","status":"publish","type":"post","link":"https:\/\/sites.ipleiria.pt\/projetocp2s\/2018\/01\/03\/dissertacao-de-mestrado-de-luis-ascenso-caldas-da-rainha-e-as-conexoes-com-a-ceramica\/","title":{"rendered":"Disserta\u00e7\u00e3o de Mestrado de Lu\u00eds Ascenso &#8211; Caldas da Rainha e as conex\u00f5es com a cer\u00e2mica"},"content":{"rendered":"<blockquote>\n<div><span style=\"font-size: 14pt\">Mestrado em Gest\u00e3o Cultural<\/span><\/div>\n<p><span style=\"font-size: 10pt\">Escola Superior de Artes e Design das Caldas da Rainha<\/span><\/p>\n<p>&nbsp;<\/p><\/blockquote>\n<table style=\"width: 560px\" width=\"620\">\n<tbody>\n<tr>\n<td style=\"width: 148px\"><strong>T\u00edtulo:&nbsp;<\/strong><\/td>\n<td style=\"width: 412px\">Caldas da Rainha e as conex\u00f5es com a cer\u00e2mica<\/td>\n<\/tr>\n<tr>\n<td style=\"width: 148px\"><strong>Outros t\u00edtulos:&nbsp;<\/strong><\/td>\n<td style=\"width: 412px\">Da cidade criativa \u00e0 rede criativa da UNESCO<\/td>\n<\/tr>\n<tr>\n<td style=\"width: 148px\"><strong>Autor:&nbsp;<\/strong><\/td>\n<td style=\"width: 412px\">Ascenso, Lu\u00eds Manuel Louren\u00e7o da Silva<\/td>\n<\/tr>\n<tr>\n<td style=\"width: 148px\"><strong>Orientador:&nbsp;<\/strong><\/td>\n<td style=\"width: 412px\">Serra, Jo\u00e3o Jos\u00e9 de Sousa Bonif\u00e1cio<\/td>\n<\/tr>\n<tr>\n<td style=\"width: 148px\"><strong>Palavras-chave:&nbsp;<\/strong><\/td>\n<td style=\"width: 412px\">Caldas da Rainha<br \/>\nInd\u00fastria cer\u00e2mica<br \/>\nPatrim\u00f3nio cultural<\/td>\n<\/tr>\n<tr>\n<td style=\"width: 148px\"><strong>Data de Defesa:&nbsp;<\/strong><\/td>\n<td style=\"width: 412px\">3-Jan-2018<\/td>\n<\/tr>\n<tr>\n<td style=\"width: 148px\"><strong>Resumo:&nbsp;<\/strong><\/td>\n<td style=\"width: 412px\">\n<p style=\"text-align: justify\">A autarquia Caldense reconhecendo o movimento internacional das cidades ou regi\u00f5es que investem na criatividade, pretende que a sua cidade, participe na rede das Cidades Criativas da UNESCO. Tendo como refer\u00eancia as cidades que tomaram o rumo da criatividade, constata-se os in\u00fameros benef\u00edcios, agregados ao desenvolvimento em todas as \u00e1reas, culturais, econ\u00f3micas e sociais, que poder\u00e3o advir da atribui\u00e7\u00e3o desse titulo. A disserta\u00e7\u00e3o, Caldas da Rainha e as Conex\u00f5es com a Cer\u00e2mica: da Cidade Criativa \u00e0 Rede Criativa da UNESCO, \u00e9 uma investiga\u00e7\u00e3o focalizada na procura da afirma\u00e7\u00e3o do nexo da cidade\/regi\u00e3o Caldas da Rainha, com a cer\u00e2mica, trazendo \u00e0 ci\u00eancia um novo conhecimento emp\u00edrico, quantitativo e qualitativo, com mais de cinquenta porcento de autores ceramistas, artistas pl\u00e1sticos e designers, concentrados na urbe da cidade e regi\u00e3o ou que t\u00eam como Caldas da Rainha a cidade que os acolheu na sua forma\u00e7\u00e3o art\u00edstica e inspiradora. A disserta\u00e7\u00e3o refor\u00e7a o contributo no rumo da candidatura.<\/p>\n<\/td>\n<\/tr>\n<tr>\n<td style=\"width: 148px\"><strong>URI:&nbsp;<\/strong><\/td>\n<td style=\"width: 412px\"><a href=\"http:\/\/hdl.handle.net\/10400.8\/2937\">http:\/\/hdl.handle.net\/10400.8\/2937<\/a><\/td>\n<\/tr>\n<\/tbody>\n<\/table>\n<p>&nbsp;<\/p>\n<p><img loading=\"lazy\" decoding=\"async\" class=\"alignnone  wp-image-3614\" src=\"http:\/\/sites.ipleiria.pt\/projetocp2s\/files\/2019\/01\/Sem-t\u00edtulo7-300x271.png\" alt=\"\" width=\"674\" height=\"609\" srcset=\"https:\/\/sites.ipleiria.pt\/projetocp2s\/files\/2019\/01\/Sem-t\u00edtulo7-300x271.png 300w, https:\/\/sites.ipleiria.pt\/projetocp2s\/files\/2019\/01\/Sem-t\u00edtulo7-768x695.png 768w, https:\/\/sites.ipleiria.pt\/projetocp2s\/files\/2019\/01\/Sem-t\u00edtulo7-10x10.png 10w, https:\/\/sites.ipleiria.pt\/projetocp2s\/files\/2019\/01\/Sem-t\u00edtulo7-432x391.png 432w, https:\/\/sites.ipleiria.pt\/projetocp2s\/files\/2019\/01\/Sem-t\u00edtulo7-396x358.png 396w, https:\/\/sites.ipleiria.pt\/projetocp2s\/files\/2019\/01\/Sem-t\u00edtulo7-660x597.png 660w, https:\/\/sites.ipleiria.pt\/projetocp2s\/files\/2019\/01\/Sem-t\u00edtulo7-243x220.png 243w, https:\/\/sites.ipleiria.pt\/projetocp2s\/files\/2019\/01\/Sem-t\u00edtulo7.png 988w\" sizes=\"auto, (max-width: 600px) 91vw, (max-width: 900px) 600px, (max-width: 1060px) 50vw, (max-width: 1200px) 520px, (max-width: 1400px) 43vw, 600px\" \/><\/p>\n<p>&nbsp;<\/p>\n","protected":false},"excerpt":{"rendered":"<p>Mestrado em Gest\u00e3o Cultural Escola Superior de Artes e Design das Caldas da Rainha &nbsp; T\u00edtulo:&nbsp; Caldas da Rainha e as conex\u00f5es com a cer\u00e2mica Outros t\u00edtulos:&nbsp; Da cidade criativa \u00e0 rede criativa da UNESCO Autor:&nbsp; Ascenso, Lu\u00eds Manuel Louren\u00e7o da Silva Orientador:&nbsp; Serra, Jo\u00e3o Jos\u00e9 de Sousa Bonif\u00e1cio Palavras-chave:&nbsp; Caldas da Rainha Ind\u00fastria cer\u00e2mica [&hellip;]<\/p>\n","protected":false},"author":4286,"featured_media":3614,"comment_status":"open","ping_status":"open","sticky":false,"template":"","format":"standard","meta":{"footnotes":""},"categories":[110974,111883],"tags":[],"class_list":["post-3613","post","type-post","status-publish","format-standard","has-post-thumbnail","hentry","category-centro-de-documentacao","category-dissertacoes","entry-image--landscape"],"_links":{"self":[{"href":"https:\/\/sites.ipleiria.pt\/projetocp2s\/wp-json\/wp\/v2\/posts\/3613","targetHints":{"allow":["GET"]}}],"collection":[{"href":"https:\/\/sites.ipleiria.pt\/projetocp2s\/wp-json\/wp\/v2\/posts"}],"about":[{"href":"https:\/\/sites.ipleiria.pt\/projetocp2s\/wp-json\/wp\/v2\/types\/post"}],"author":[{"embeddable":true,"href":"https:\/\/sites.ipleiria.pt\/projetocp2s\/wp-json\/wp\/v2\/users\/4286"}],"replies":[{"embeddable":true,"href":"https:\/\/sites.ipleiria.pt\/projetocp2s\/wp-json\/wp\/v2\/comments?post=3613"}],"version-history":[{"count":1,"href":"https:\/\/sites.ipleiria.pt\/projetocp2s\/wp-json\/wp\/v2\/posts\/3613\/revisions"}],"predecessor-version":[{"id":3615,"href":"https:\/\/sites.ipleiria.pt\/projetocp2s\/wp-json\/wp\/v2\/posts\/3613\/revisions\/3615"}],"wp:featuredmedia":[{"embeddable":true,"href":"https:\/\/sites.ipleiria.pt\/projetocp2s\/wp-json\/wp\/v2\/media\/3614"}],"wp:attachment":[{"href":"https:\/\/sites.ipleiria.pt\/projetocp2s\/wp-json\/wp\/v2\/media?parent=3613"}],"wp:term":[{"taxonomy":"category","embeddable":true,"href":"https:\/\/sites.ipleiria.pt\/projetocp2s\/wp-json\/wp\/v2\/categories?post=3613"},{"taxonomy":"post_tag","embeddable":true,"href":"https:\/\/sites.ipleiria.pt\/projetocp2s\/wp-json\/wp\/v2\/tags?post=3613"}],"curies":[{"name":"wp","href":"https:\/\/api.w.org\/{rel}","templated":true}]}}