{"id":3617,"date":"2017-09-05T18:00:12","date_gmt":"2017-09-05T18:00:12","guid":{"rendered":"http:\/\/sites.ipleiria.pt\/projetocp2s\/?p=3617"},"modified":"2019-01-28T18:01:06","modified_gmt":"2019-01-28T18:01:06","slug":"dissertacao-de-mestrado-de-sonia-goncalves-museus-turismo-cultural-e-criativo","status":"publish","type":"post","link":"https:\/\/sites.ipleiria.pt\/projetocp2s\/2017\/09\/05\/dissertacao-de-mestrado-de-sonia-goncalves-museus-turismo-cultural-e-criativo\/","title":{"rendered":"Disserta\u00e7\u00e3o de Mestrado de S\u00f3nia Gon\u00e7alves &#8211; Museus, turismo cultural e criativo"},"content":{"rendered":"<blockquote>\n<div><span style=\"font-size: 14pt\">Mestrado em Gest\u00e3o Cultural<\/span><\/div>\n<p><span style=\"font-size: 10pt\">Escola Superior de Artes e Design das Caldas da Rainha<\/span><\/p>\n<p>&nbsp;<\/p><\/blockquote>\n<table style=\"width: 558px\" width=\"620\">\n<tbody>\n<tr>\n<td style=\"width: 146px\"><strong>T\u00edtulo:&nbsp;<\/strong><\/td>\n<td style=\"width: 412px\">Museus, turismo cultural e criativo: estrat\u00e9gias de atra\u00e7\u00e3o de visitantes<\/td>\n<\/tr>\n<tr>\n<td style=\"width: 146px\"><strong>Autor:&nbsp;<\/strong><\/td>\n<td style=\"width: 412px\">Gon\u00e7alves, S\u00f3nia Cristina Valente Ferreira<\/td>\n<\/tr>\n<tr>\n<td style=\"width: 146px\"><strong>Orientador:&nbsp;<\/strong><\/td>\n<td style=\"width: 412px\">Albuquerque, Lu\u00edsa Arroz Correia<\/td>\n<\/tr>\n<tr>\n<td style=\"width: 146px\"><strong>Palavras-chave:&nbsp;<\/strong><\/td>\n<td style=\"width: 412px\">Museus<br \/>\nCultura<br \/>\nTurismo Cultural<br \/>\nTurismo Criativo<br \/>\nVisitantes-turistas<\/td>\n<\/tr>\n<tr>\n<td style=\"width: 146px\"><strong>Data de Defesa:&nbsp;<\/strong><\/td>\n<td style=\"width: 412px\">5-Set-2017<\/td>\n<\/tr>\n<tr>\n<td style=\"width: 146px\"><strong>Resumo:&nbsp;<\/strong><\/td>\n<td style=\"width: 412px\">\n<p style=\"text-align: justify\">As transforma\u00e7\u00f5es ocorridas nos modelos de gest\u00e3o dos museus procuram tirar partido dos ganhos de centralidade da cultura, somando-os \u00e0 reconfigura\u00e7\u00e3o do turismo cultural atrav\u00e9s do fortalecimento da vertente criativa. Cabe-lhes, cada vez mais gerar parte das suas pr\u00f3prias receitas, usando da sua posi\u00e7\u00e3o privilegiada enquanto coordenadores da \u201cpaisagem cultural\u201d onde se misturam todos os tipos de recursos mobiliz\u00e1veis atrav\u00e9s de formas distintas de criatividade. Para isso, os museus t\u00eam de se desvincular das modalidades de funcionamento mais est\u00e1tico, associadas \u00e0s fun\u00e7\u00f5es de armazenamento, conserva\u00e7\u00e3o, exibi\u00e7\u00e3o e educa\u00e7\u00e3o, tendo por base conce\u00e7\u00f5es pr\u00e9-determinadas a transmitir ao visitante que se quer educar. Os museus vistos como, reposit\u00f3rios est\u00e1ticos ou como \u201ctorres de marfim\u201d, devem dar lugar a espa\u00e7os mais interativos aproximando-se da complexidade que modela as sociedades. Ou seja, devem projetar-se como centros culturais onde se discutem e se assumem posi\u00e7\u00f5es sociais e \u00e9ticas capazes de qualificar a vida das pessoas. A esta reconfigura\u00e7\u00e3o soma-se outra mobilizada pelo p\u00f3s-modernismo, que catapulta estes equipamentos para o palco onde se coordenam v\u00e1rios tipos de consumos culturais, servindo de r\u00f3tulas entre arte, cultura, turismo e entretenimento. Pede-se-lhes que se consigam adaptar \u00e0s necessidades da procura movimentada pelos visitantes-turistas e com isto servirem de motores de desenvolvimento para os lugares onde est\u00e3o localizados. A informa\u00e7\u00e3o recolhida e sistematizada atrav\u00e9s do inqu\u00e9rito (apesar de ser explorat\u00f3ria), complementada pela compila\u00e7\u00e3o de dados recolhidos nas fontes oficiais, reproduzem uma estrutura museol\u00f3gica (composta por 29 institui\u00e7\u00f5es) que, apesar de manifestar situa\u00e7\u00f5es variadas, est\u00e1 afastada dos modelos que melhor compaginam a liga\u00e7\u00e3o entre museus e turismo cultural e criativo. Esta realidade manifesta-se nas diferentes fragilidades que manifesta na capacidade de atrair visitantes que procuram, junto dos museus, produtos culturais e criativos qualificados.<\/p>\n<\/td>\n<\/tr>\n<tr>\n<td style=\"width: 146px\"><strong>URI:&nbsp;<\/strong><\/td>\n<td style=\"width: 412px\"><a href=\"http:\/\/hdl.handle.net\/10400.8\/2870\">http:\/\/hdl.handle.net\/10400.8\/2870<\/a><\/td>\n<\/tr>\n<\/tbody>\n<\/table>\n<p>&nbsp;<\/p>\n<p><img loading=\"lazy\" decoding=\"async\" class=\"alignnone wp-image-3619\" src=\"http:\/\/sites.ipleiria.pt\/projetocp2s\/files\/2019\/01\/20180213201534_Pra\u00e7a-da-Rep\u00fablica-Caldas-da-Rainha-300x186.jpg\" alt=\"\" width=\"789\" height=\"489\" srcset=\"https:\/\/sites.ipleiria.pt\/projetocp2s\/files\/2019\/01\/20180213201534_Pra\u00e7a-da-Rep\u00fablica-Caldas-da-Rainha-300x186.jpg 300w, https:\/\/sites.ipleiria.pt\/projetocp2s\/files\/2019\/01\/20180213201534_Pra\u00e7a-da-Rep\u00fablica-Caldas-da-Rainha-10x6.jpg 10w, https:\/\/sites.ipleiria.pt\/projetocp2s\/files\/2019\/01\/20180213201534_Pra\u00e7a-da-Rep\u00fablica-Caldas-da-Rainha-432x268.jpg 432w, https:\/\/sites.ipleiria.pt\/projetocp2s\/files\/2019\/01\/20180213201534_Pra\u00e7a-da-Rep\u00fablica-Caldas-da-Rainha-396x246.jpg 396w, https:\/\/sites.ipleiria.pt\/projetocp2s\/files\/2019\/01\/20180213201534_Pra\u00e7a-da-Rep\u00fablica-Caldas-da-Rainha-660x410.jpg 660w, https:\/\/sites.ipleiria.pt\/projetocp2s\/files\/2019\/01\/20180213201534_Pra\u00e7a-da-Rep\u00fablica-Caldas-da-Rainha-354x220.jpg 354w, https:\/\/sites.ipleiria.pt\/projetocp2s\/files\/2019\/01\/20180213201534_Pra\u00e7a-da-Rep\u00fablica-Caldas-da-Rainha.jpg 725w\" sizes=\"auto, (max-width: 600px) 91vw, (max-width: 900px) 600px, (max-width: 1060px) 50vw, (max-width: 1200px) 520px, (max-width: 1400px) 43vw, 600px\" \/><\/p>\n<p>&nbsp;<\/p>\n","protected":false},"excerpt":{"rendered":"<p>Mestrado em Gest\u00e3o Cultural Escola Superior de Artes e Design das Caldas da Rainha &nbsp; T\u00edtulo:&nbsp; Museus, turismo cultural e criativo: estrat\u00e9gias de atra\u00e7\u00e3o de visitantes Autor:&nbsp; Gon\u00e7alves, S\u00f3nia Cristina Valente Ferreira Orientador:&nbsp; Albuquerque, Lu\u00edsa Arroz Correia Palavras-chave:&nbsp; Museus Cultura Turismo Cultural Turismo Criativo Visitantes-turistas Data de Defesa:&nbsp; 5-Set-2017 Resumo:&nbsp; As transforma\u00e7\u00f5es ocorridas nos modelos [&hellip;]<\/p>\n","protected":false},"author":4286,"featured_media":3619,"comment_status":"open","ping_status":"open","sticky":false,"template":"","format":"standard","meta":{"footnotes":""},"categories":[110974,111883],"tags":[],"class_list":["post-3617","post","type-post","status-publish","format-standard","has-post-thumbnail","hentry","category-centro-de-documentacao","category-dissertacoes","entry-image--landscape"],"_links":{"self":[{"href":"https:\/\/sites.ipleiria.pt\/projetocp2s\/wp-json\/wp\/v2\/posts\/3617","targetHints":{"allow":["GET"]}}],"collection":[{"href":"https:\/\/sites.ipleiria.pt\/projetocp2s\/wp-json\/wp\/v2\/posts"}],"about":[{"href":"https:\/\/sites.ipleiria.pt\/projetocp2s\/wp-json\/wp\/v2\/types\/post"}],"author":[{"embeddable":true,"href":"https:\/\/sites.ipleiria.pt\/projetocp2s\/wp-json\/wp\/v2\/users\/4286"}],"replies":[{"embeddable":true,"href":"https:\/\/sites.ipleiria.pt\/projetocp2s\/wp-json\/wp\/v2\/comments?post=3617"}],"version-history":[{"count":1,"href":"https:\/\/sites.ipleiria.pt\/projetocp2s\/wp-json\/wp\/v2\/posts\/3617\/revisions"}],"predecessor-version":[{"id":3620,"href":"https:\/\/sites.ipleiria.pt\/projetocp2s\/wp-json\/wp\/v2\/posts\/3617\/revisions\/3620"}],"wp:featuredmedia":[{"embeddable":true,"href":"https:\/\/sites.ipleiria.pt\/projetocp2s\/wp-json\/wp\/v2\/media\/3619"}],"wp:attachment":[{"href":"https:\/\/sites.ipleiria.pt\/projetocp2s\/wp-json\/wp\/v2\/media?parent=3617"}],"wp:term":[{"taxonomy":"category","embeddable":true,"href":"https:\/\/sites.ipleiria.pt\/projetocp2s\/wp-json\/wp\/v2\/categories?post=3617"},{"taxonomy":"post_tag","embeddable":true,"href":"https:\/\/sites.ipleiria.pt\/projetocp2s\/wp-json\/wp\/v2\/tags?post=3617"}],"curies":[{"name":"wp","href":"https:\/\/api.w.org\/{rel}","templated":true}]}}