{"id":3621,"date":"2015-01-21T18:05:57","date_gmt":"2015-01-21T18:05:57","guid":{"rendered":"http:\/\/sites.ipleiria.pt\/projetocp2s\/?p=3621"},"modified":"2019-01-28T18:06:33","modified_gmt":"2019-01-28T18:06:33","slug":"dissertacao-de-mestrado-de-ana-pereira-impactos-culturais-sociais-e-economicos-do-centro-cultural-e-de-congressos-de-caldas-da-rainha","status":"publish","type":"post","link":"https:\/\/sites.ipleiria.pt\/projetocp2s\/2015\/01\/21\/dissertacao-de-mestrado-de-ana-pereira-impactos-culturais-sociais-e-economicos-do-centro-cultural-e-de-congressos-de-caldas-da-rainha\/","title":{"rendered":"Disserta\u00e7\u00e3o de Mestrado de Ana Pereira &#8211; Impactos culturais, sociais e econ\u00f3micos do Centro Cultural e de Congressos de Caldas da Rainha"},"content":{"rendered":"<blockquote>\n<div><span style=\"font-size: 14pt\">Mestrado em Gest\u00e3o Cultural<\/span><\/div>\n<p><span style=\"font-size: 10pt\">Escola Superior de Artes e Design das Caldas da Rainha<\/span><\/p>\n<p>&nbsp;<\/p><\/blockquote>\n<table style=\"width: 558px\" width=\"620\">\n<tbody>\n<tr>\n<td style=\"width: 146px\"><strong>T\u00edtulo:&nbsp;<\/strong><\/td>\n<td style=\"width: 412px\">Impactos culturais, sociais e econ\u00f3micos do Centro Cultural e de Congressos de Caldas da Rainha<\/td>\n<\/tr>\n<tr>\n<td style=\"width: 146px\"><strong>Autor:&nbsp;<\/strong><\/td>\n<td style=\"width: 412px\">Pereira, Ana Maria Fernandes<\/td>\n<\/tr>\n<tr>\n<td style=\"width: 146px\"><strong>Orientador:&nbsp;<\/strong><\/td>\n<td style=\"width: 412px\">Albuquerque, Lu\u00edsa Arroz Correia<\/td>\n<\/tr>\n<tr>\n<td style=\"width: 146px\"><strong>Palavras-chave:&nbsp;<\/strong><\/td>\n<td style=\"width: 412px\">Impactos<br \/>\nCultura<br \/>\nSocial<br \/>\nEcon\u00f3mico<br \/>\nEspectadores<br \/>\nEquipamentos culturais<br \/>\nPrograma\u00e7\u00e3o<\/td>\n<\/tr>\n<tr>\n<td style=\"width: 146px\"><strong>Data de Defesa:&nbsp;<\/strong><\/td>\n<td style=\"width: 412px\">21-Jan-2015<\/td>\n<\/tr>\n<tr>\n<td style=\"width: 146px\"><strong>Resumo:&nbsp;<\/strong><\/td>\n<td style=\"width: 412px\">\n<p style=\"text-align: justify\">O Centro Cultural e de Congressos de Caldas da Rainha \u00e9 um edif\u00edcio constru\u00eddo em 2008 ao abrigo do Programa Operacional de Lisboa e Vale do Tejo. \u00c9 considerado um equipamento com condi\u00e7\u00f5es \u00fanicas para o acolhimento do que de mais sofisticado se pode produzir ao n\u00edvel da cria\u00e7\u00e3o art\u00edstica em mat\u00e9ria do espect\u00e1culo ao vivo (dan\u00e7a, teatro e m\u00fasica). O estudo de caso adoptou assim uma pergunta de partida: \u201cQuais os impactos culturais, sociais e econ\u00f3micos do Centro Cultural e de Congressos de Caldas da Rainha\u201d. A investiga\u00e7\u00e3o foi realizada a partir da inquiri\u00e7\u00e3o do p\u00fablico que o frequenta e dos seus funcion\u00e1rios como primeiros fruidores e pessoas capazes de identificar a interac\u00e7\u00e3o da programa\u00e7\u00e3o cultural e art\u00edstica com a popula\u00e7\u00e3o ao n\u00edvel: 1) da evolu\u00e7\u00e3o da literacia cultural e art\u00edstica dos p\u00fablicos; 2) dos benef\u00edcios sociais da sua implanta\u00e7\u00e3o na concretiza\u00e7\u00e3o de um bom ambiente social; 3) como elemento dinamizador do com\u00e9rcio local e da capta\u00e7\u00e3o tur\u00edstica. O CCC, depois de 18 anos de um interregno de actividades de uma sala de espect\u00e1culos em Caldas da Rainha, assumiu-se como o elemento estruturador de uma pol\u00edtica cultural da autarquia para a cidade, tendo, no entanto, que concretizar ao mesmo tempo uma estrat\u00e9gia regional uma vez que a sua constru\u00e7\u00e3o teve como objectivo a cria\u00e7\u00e3o de uma regi\u00e3o euro-atl\u00e2ntica compar\u00e1vel a outras regi\u00f5es europeias com o objectivo de romper com as assimetrias existentes entre as regi\u00f5es no territ\u00f3rio portugu\u00eas em mat\u00e9rias de frui\u00e7\u00e3o e cria\u00e7\u00e3o cultural e art\u00edstica. A edifica\u00e7\u00e3o do CCC representa assim \u2013 potencialmente, como des\u00edgnio \u2013, uma mais-valia para a regi\u00e3o Oeste pela contribui\u00e7\u00e3o \u2013 assumida no seu documento de miss\u00e3o \u2013, para a valoriza\u00e7\u00e3o territorial e do potencial humano.<\/p>\n<\/td>\n<\/tr>\n<tr>\n<td style=\"width: 146px\"><strong>URI:&nbsp;<\/strong><\/td>\n<td style=\"width: 412px\"><a href=\"http:\/\/hdl.handle.net\/10400.8\/1615\">http:\/\/hdl.handle.net\/10400.8\/1615<\/a><\/td>\n<\/tr>\n<\/tbody>\n<\/table>\n<p>&nbsp;<\/p>\n<p><img loading=\"lazy\" decoding=\"async\" class=\"alignnone  wp-image-3610\" src=\"http:\/\/sites.ipleiria.pt\/projetocp2s\/files\/2019\/01\/Sem-t\u00edtulo6-300x199.jpg\" alt=\"\" width=\"788\" height=\"523\" srcset=\"https:\/\/sites.ipleiria.pt\/projetocp2s\/files\/2019\/01\/Sem-t\u00edtulo6-300x199.jpg 300w, https:\/\/sites.ipleiria.pt\/projetocp2s\/files\/2019\/01\/Sem-t\u00edtulo6-768x509.jpg 768w, https:\/\/sites.ipleiria.pt\/projetocp2s\/files\/2019\/01\/Sem-t\u00edtulo6-1024x679.jpg 1024w, https:\/\/sites.ipleiria.pt\/projetocp2s\/files\/2019\/01\/Sem-t\u00edtulo6-10x7.jpg 10w, https:\/\/sites.ipleiria.pt\/projetocp2s\/files\/2019\/01\/Sem-t\u00edtulo6-432x287.jpg 432w, https:\/\/sites.ipleiria.pt\/projetocp2s\/files\/2019\/01\/Sem-t\u00edtulo6-396x263.jpg 396w, https:\/\/sites.ipleiria.pt\/projetocp2s\/files\/2019\/01\/Sem-t\u00edtulo6-1120x743.jpg 1120w, https:\/\/sites.ipleiria.pt\/projetocp2s\/files\/2019\/01\/Sem-t\u00edtulo6-660x438.jpg 660w, https:\/\/sites.ipleiria.pt\/projetocp2s\/files\/2019\/01\/Sem-t\u00edtulo6-332x220.jpg 332w, https:\/\/sites.ipleiria.pt\/projetocp2s\/files\/2019\/01\/Sem-t\u00edtulo6.jpg 1384w\" sizes=\"auto, (max-width: 600px) 91vw, (max-width: 900px) 600px, (max-width: 1060px) 50vw, (max-width: 1200px) 520px, (max-width: 1400px) 43vw, 600px\" \/><\/p>\n<p>&nbsp;<\/p>\n","protected":false},"excerpt":{"rendered":"<p>Mestrado em Gest\u00e3o Cultural Escola Superior de Artes e Design das Caldas da Rainha &nbsp; T\u00edtulo:&nbsp; Impactos culturais, sociais e econ\u00f3micos do Centro Cultural e de Congressos de Caldas da Rainha Autor:&nbsp; Pereira, Ana Maria Fernandes Orientador:&nbsp; Albuquerque, Lu\u00edsa Arroz Correia Palavras-chave:&nbsp; Impactos Cultura Social Econ\u00f3mico Espectadores Equipamentos culturais Programa\u00e7\u00e3o Data de Defesa:&nbsp; 21-Jan-2015 Resumo:&nbsp; [&hellip;]<\/p>\n","protected":false},"author":4286,"featured_media":3610,"comment_status":"open","ping_status":"open","sticky":false,"template":"","format":"standard","meta":{"footnotes":""},"categories":[110974,111883],"tags":[],"class_list":["post-3621","post","type-post","status-publish","format-standard","has-post-thumbnail","hentry","category-centro-de-documentacao","category-dissertacoes","entry-image--landscape"],"_links":{"self":[{"href":"https:\/\/sites.ipleiria.pt\/projetocp2s\/wp-json\/wp\/v2\/posts\/3621","targetHints":{"allow":["GET"]}}],"collection":[{"href":"https:\/\/sites.ipleiria.pt\/projetocp2s\/wp-json\/wp\/v2\/posts"}],"about":[{"href":"https:\/\/sites.ipleiria.pt\/projetocp2s\/wp-json\/wp\/v2\/types\/post"}],"author":[{"embeddable":true,"href":"https:\/\/sites.ipleiria.pt\/projetocp2s\/wp-json\/wp\/v2\/users\/4286"}],"replies":[{"embeddable":true,"href":"https:\/\/sites.ipleiria.pt\/projetocp2s\/wp-json\/wp\/v2\/comments?post=3621"}],"version-history":[{"count":1,"href":"https:\/\/sites.ipleiria.pt\/projetocp2s\/wp-json\/wp\/v2\/posts\/3621\/revisions"}],"predecessor-version":[{"id":3622,"href":"https:\/\/sites.ipleiria.pt\/projetocp2s\/wp-json\/wp\/v2\/posts\/3621\/revisions\/3622"}],"wp:featuredmedia":[{"embeddable":true,"href":"https:\/\/sites.ipleiria.pt\/projetocp2s\/wp-json\/wp\/v2\/media\/3610"}],"wp:attachment":[{"href":"https:\/\/sites.ipleiria.pt\/projetocp2s\/wp-json\/wp\/v2\/media?parent=3621"}],"wp:term":[{"taxonomy":"category","embeddable":true,"href":"https:\/\/sites.ipleiria.pt\/projetocp2s\/wp-json\/wp\/v2\/categories?post=3621"},{"taxonomy":"post_tag","embeddable":true,"href":"https:\/\/sites.ipleiria.pt\/projetocp2s\/wp-json\/wp\/v2\/tags?post=3621"}],"curies":[{"name":"wp","href":"https:\/\/api.w.org\/{rel}","templated":true}]}}